{"id":48505,"date":"2025-01-02T14:17:09","date_gmt":"2025-01-02T13:17:09","guid":{"rendered":"https:\/\/www.dolomitiprealpi.it\/alta-via-n-1-delle-dolomiti\/"},"modified":"2026-04-23T17:14:09","modified_gmt":"2026-04-23T15:14:09","slug":"alta-via-n-1-delle-dolomiti","status":"publish","type":"post","link":"https:\/\/www.dolomitiprealpi.it\/en\/alta-via-n-1-delle-dolomiti\/","title":{"rendered":"Alta Via n.1 delle Dolomiti"},"content":{"rendered":"<p>The first of the ways of heaven<\/p>\n<p> In 1969, Piero Rossi proposed a crossing over the Dolomite peaks, starting from the Br\u00e0ies valley in Puster\u00eca to the wonderful city of Belluno, which today bears the name of the Alta Via delle Dolomiti N.1. <\/p>\n<p>The first of the &#8220;paths of the sky,&#8221; but like the others, it passes through truly extraordinary and unique places in the heart of the Dolomites. <\/p>\n<p>A route that winds through twelve stages in a succession of incredible and famous landscapes: Lake Braies, the groups of Croda Rossa d&#8217;Ampezzo, F\u00e0nis, and Tofane, the groups of Nuvol\u00e0u, Croda da Lago, Pelmo, and Civetta, the groups of Moiazza, T\u00e0mer-San Sebastiano, Pramp\u00e8r-Mezzod\u00ec, and Schiara. <\/p>\n<p>You will immerse yourself in a Dolomite landscape rich in varied facets: from the lunar scenery of the Biella and Fanes Refuges to the vertical walls of the Ampezzo, Pelmo, and Civetta mountain groups, up to the wild and untouched Dolomites of the Belluno Dolomites National Park. <\/p>\n<p>For those wishing to tackle more complex sections, numerous variants can be undertaken. <\/p>\n<p>There will be resting places along the route, such as refuges and alpine huts. <\/p>\n<p>The basic route is accessible and not particularly demanding <b>for those who know how to manage well in the mountains<\/b>, however, it is important to wear appropriate clothing and plan each stage in advance for a safe journey. <\/p>\n<p><b><u>USEFUL INFORMATION:<\/u><\/b><\/p>\n<p><b>Length of the route<\/b>:&nbsp;125 km<\/p>\n<p><b>Average travel time<\/b>:&nbsp;days<\/p>\n<p><b>Degree of difficulty<\/b>: difficult<\/p>\n<p><b>Elevation gain:<\/b>&nbsp;8,000 m<\/p>\n<p><b>Recommended period<\/b>: summer<\/p>\n<p><\/p>\n<p>You are in a natural environment that demands respect:<\/p>\n<ul>\n<li>Prohibition of flower picking<\/li>\n<li>Prohibition of bathing<\/li>\n<li>No loud noises<\/li>\n<li>Prohibition of lighting fires<\/li>\n<li>Do not leave waste behind, but dispose of it in the designated areas (including cigarette butts, tissues, masks, and organic waste)<\/li>\n<li>Minors must be accompanied<\/li>\n<li>Dogs must be kept on a leash and their waste collected<\/li>\n<li>Do not stray from the path<\/li>\n<li>Do not disturb the local wildlife<\/li>\n<\/ul>\n<p>It is suggested to check the website of the <a href=\"https:\/\/www.arpa.veneto.it\/\">ARPAV&nbsp;<\/a> for any disturbances before undertaking the route.<\/p>\n<p><\/p>\n<p>Attention: prepare adequately for this route as it is demanding and may have unforeseen events. <\/p>\n","protected":false},"excerpt":{"rendered":"<p>The first of the ways of heaven In 1969, Piero Rossi proposed a crossing over the Dolomite peaks, starting from the Br\u00e0ies valley in Puster\u00eca to the wonderful city of<\/p>\n","protected":false},"author":2,"featured_media":0,"comment_status":"closed","ping_status":"open","sticky":false,"template":"","format":"standard","meta":{"_acf_changed":false,"inline_featured_image":false,"footnotes":""},"categories":[168,229,1],"tags":[122,282,283,234,284,121],"class_list":["post-48505","post","type-post","status-publish","format-standard","hentry","category-dolomiti-bellunesi-national-park","category-high-mountain","category-uncategorized","tag-feratel-sync","tag-feratel-sync-en","tag-poi-en","tag-poi","tag-punti-interesse-feratel-en","tag-punti-interesse-feratel"],"acf":[],"yoast_head":"<!-- This site is optimized with the Yoast SEO plugin v25.7 - https:\/\/yoast.com\/wordpress\/plugins\/seo\/ -->\n<title>Alta Via n.1 delle Dolomiti - Dolomiti Prealpi<\/title>\n<meta name=\"robots\" content=\"index, follow, max-snippet:-1, max-image-preview:large, max-video-preview:-1\" \/>\n<link rel=\"canonical\" href=\"https:\/\/www.dolomitiprealpi.it\/en\/alta-via-n-1-delle-dolomiti\/\" \/>\n<meta property=\"og:locale\" content=\"en_US\" \/>\n<meta property=\"og:type\" content=\"article\" \/>\n<meta property=\"og:title\" content=\"Alta Via n.1 delle Dolomiti - Dolomiti Prealpi\" \/>\n<meta property=\"og:description\" content=\"The first of the ways of heaven In 1969, Piero Rossi proposed a crossing over the Dolomite peaks, starting from the Br\u00e0ies valley in Puster\u00eca to the wonderful city of\" \/>\n<meta property=\"og:url\" content=\"https:\/\/www.dolomitiprealpi.it\/en\/alta-via-n-1-delle-dolomiti\/\" \/>\n<meta property=\"og:site_name\" content=\"Dolomiti Prealpi\" \/>\n<meta property=\"article:publisher\" content=\"https:\/\/www.facebook.com\/dolomitiprealpi.it\/\" \/>\n<meta property=\"article:published_time\" content=\"2025-01-02T13:17:09+00:00\" \/>\n<meta property=\"article:modified_time\" content=\"2026-04-23T15:14:09+00:00\" \/>\n<meta property=\"og:image\" content=\"https:\/\/www.dolomitiprealpi.it\/wp-content\/uploads\/2022\/11\/C.-Timpone-Foto-archivio-Consorzio-turistico-Dolomiti-Prealpi-Nevegal-Belluno-Bike-18-2.jpg\" \/>\n\t<meta property=\"og:image:width\" content=\"2048\" \/>\n\t<meta property=\"og:image:height\" content=\"1888\" \/>\n\t<meta property=\"og:image:type\" content=\"image\/jpeg\" \/>\n<meta name=\"author\" content=\"Mapo\" \/>\n<meta name=\"twitter:card\" content=\"summary_large_image\" \/>\n<meta name=\"twitter:label1\" content=\"Written by\" \/>\n\t<meta name=\"twitter:data1\" content=\"Mapo\" \/>\n\t<meta name=\"twitter:label2\" content=\"Est. reading time\" \/>\n\t<meta name=\"twitter:data2\" content=\"2 minutes\" \/>\n<script type=\"application\/ld+json\" class=\"yoast-schema-graph\">{\"@context\":\"https:\/\/schema.org\",\"@graph\":[{\"@type\":\"Article\",\"@id\":\"https:\/\/www.dolomitiprealpi.it\/en\/alta-via-n-1-delle-dolomiti\/#article\",\"isPartOf\":{\"@id\":\"https:\/\/www.dolomitiprealpi.it\/en\/alta-via-n-1-delle-dolomiti\/\"},\"author\":{\"name\":\"Mapo\",\"@id\":\"https:\/\/www.dolomitiprealpi.it\/en\/#\/schema\/person\/3442beb0554060944b4326d8211c9c04\"},\"headline\":\"Alta Via n.1 delle Dolomiti\",\"datePublished\":\"2025-01-02T13:17:09+00:00\",\"dateModified\":\"2026-04-23T15:14:09+00:00\",\"mainEntityOfPage\":{\"@id\":\"https:\/\/www.dolomitiprealpi.it\/en\/alta-via-n-1-delle-dolomiti\/\"},\"wordCount\":364,\"publisher\":{\"@id\":\"https:\/\/www.dolomitiprealpi.it\/en\/#organization\"},\"keywords\":[\"Feratel sync\",\"Feratel sync\",\"POI\",\"POI\",\"Punti interesse Feratel\",\"Punti interesse Feratel\"],\"articleSection\":[\"Dolomiti Bellunesi National Park\",\"High mountain\"],\"inLanguage\":\"en-US\"},{\"@type\":\"WebPage\",\"@id\":\"https:\/\/www.dolomitiprealpi.it\/en\/alta-via-n-1-delle-dolomiti\/\",\"url\":\"https:\/\/www.dolomitiprealpi.it\/en\/alta-via-n-1-delle-dolomiti\/\",\"name\":\"Alta Via n.1 delle Dolomiti - Dolomiti Prealpi\",\"isPartOf\":{\"@id\":\"https:\/\/www.dolomitiprealpi.it\/en\/#website\"},\"datePublished\":\"2025-01-02T13:17:09+00:00\",\"dateModified\":\"2026-04-23T15:14:09+00:00\",\"breadcrumb\":{\"@id\":\"https:\/\/www.dolomitiprealpi.it\/en\/alta-via-n-1-delle-dolomiti\/#breadcrumb\"},\"inLanguage\":\"en-US\",\"potentialAction\":[{\"@type\":\"ReadAction\",\"target\":[\"https:\/\/www.dolomitiprealpi.it\/en\/alta-via-n-1-delle-dolomiti\/\"]}]},{\"@type\":\"BreadcrumbList\",\"@id\":\"https:\/\/www.dolomitiprealpi.it\/en\/alta-via-n-1-delle-dolomiti\/#breadcrumb\",\"itemListElement\":[{\"@type\":\"ListItem\",\"position\":1,\"name\":\"Home\",\"item\":\"https:\/\/www.dolomitiprealpi.it\/en\/\"},{\"@type\":\"ListItem\",\"position\":2,\"name\":\"Alta Via n.1 delle Dolomiti\"}]},{\"@type\":\"WebSite\",\"@id\":\"https:\/\/www.dolomitiprealpi.it\/en\/#website\",\"url\":\"https:\/\/www.dolomitiprealpi.it\/en\/\",\"name\":\"Dolomiti Prealpi\",\"description\":\"\",\"publisher\":{\"@id\":\"https:\/\/www.dolomitiprealpi.it\/en\/#organization\"},\"potentialAction\":[{\"@type\":\"SearchAction\",\"target\":{\"@type\":\"EntryPoint\",\"urlTemplate\":\"https:\/\/www.dolomitiprealpi.it\/en\/?s={search_term_string}\"},\"query-input\":{\"@type\":\"PropertyValueSpecification\",\"valueRequired\":true,\"valueName\":\"search_term_string\"}}],\"inLanguage\":\"en-US\"},{\"@type\":\"Organization\",\"@id\":\"https:\/\/www.dolomitiprealpi.it\/en\/#organization\",\"name\":\"Consorzio Dolomiti Prealpi\",\"url\":\"https:\/\/www.dolomitiprealpi.it\/en\/\",\"logo\":{\"@type\":\"ImageObject\",\"inLanguage\":\"en-US\",\"@id\":\"https:\/\/www.dolomitiprealpi.it\/en\/#\/schema\/logo\/image\/\",\"url\":\"https:\/\/www.dolomitiprealpi.it\/wp-content\/uploads\/2023\/03\/dolomitiprealpi-favicon.jpg\",\"contentUrl\":\"https:\/\/www.dolomitiprealpi.it\/wp-content\/uploads\/2023\/03\/dolomitiprealpi-favicon.jpg\",\"width\":512,\"height\":512,\"caption\":\"Consorzio Dolomiti Prealpi\"},\"image\":{\"@id\":\"https:\/\/www.dolomitiprealpi.it\/en\/#\/schema\/logo\/image\/\"},\"sameAs\":[\"https:\/\/www.facebook.com\/dolomitiprealpi.it\/\",\"https:\/\/www.instagram.com\/dolomitiprealpi\/\"]},{\"@type\":\"Person\",\"@id\":\"https:\/\/www.dolomitiprealpi.it\/en\/#\/schema\/person\/3442beb0554060944b4326d8211c9c04\",\"name\":\"Mapo\",\"image\":{\"@type\":\"ImageObject\",\"inLanguage\":\"en-US\",\"@id\":\"https:\/\/www.dolomitiprealpi.it\/en\/#\/schema\/person\/image\/\",\"url\":\"https:\/\/secure.gravatar.com\/avatar\/7ce219f4d7d86c45bf979b9d8e0150ad0a4bbd7d3fa61bcb36ffa3cb99018dda?s=96&d=mm&r=g\",\"contentUrl\":\"https:\/\/secure.gravatar.com\/avatar\/7ce219f4d7d86c45bf979b9d8e0150ad0a4bbd7d3fa61bcb36ffa3cb99018dda?s=96&d=mm&r=g\",\"caption\":\"Mapo\"},\"url\":\"https:\/\/www.dolomitiprealpi.it\/en\/author\/mapo\/\"}]}<\/script>\n<!-- \/ Yoast SEO plugin. -->","yoast_head_json":{"title":"Alta Via n.1 delle Dolomiti - Dolomiti Prealpi","robots":{"index":"index","follow":"follow","max-snippet":"max-snippet:-1","max-image-preview":"max-image-preview:large","max-video-preview":"max-video-preview:-1"},"canonical":"https:\/\/www.dolomitiprealpi.it\/en\/alta-via-n-1-delle-dolomiti\/","og_locale":"en_US","og_type":"article","og_title":"Alta Via n.1 delle Dolomiti - Dolomiti Prealpi","og_description":"The first of the ways of heaven In 1969, Piero Rossi proposed a crossing over the Dolomite peaks, starting from the Br\u00e0ies valley in Puster\u00eca to the wonderful city of","og_url":"https:\/\/www.dolomitiprealpi.it\/en\/alta-via-n-1-delle-dolomiti\/","og_site_name":"Dolomiti Prealpi","article_publisher":"https:\/\/www.facebook.com\/dolomitiprealpi.it\/","article_published_time":"2025-01-02T13:17:09+00:00","article_modified_time":"2026-04-23T15:14:09+00:00","og_image":[{"width":2048,"height":1888,"url":"https:\/\/www.dolomitiprealpi.it\/wp-content\/uploads\/2022\/11\/C.-Timpone-Foto-archivio-Consorzio-turistico-Dolomiti-Prealpi-Nevegal-Belluno-Bike-18-2.jpg","type":"image\/jpeg"}],"author":"Mapo","twitter_card":"summary_large_image","twitter_misc":{"Written by":"Mapo","Est. reading time":"2 minutes"},"schema":{"@context":"https:\/\/schema.org","@graph":[{"@type":"Article","@id":"https:\/\/www.dolomitiprealpi.it\/en\/alta-via-n-1-delle-dolomiti\/#article","isPartOf":{"@id":"https:\/\/www.dolomitiprealpi.it\/en\/alta-via-n-1-delle-dolomiti\/"},"author":{"name":"Mapo","@id":"https:\/\/www.dolomitiprealpi.it\/en\/#\/schema\/person\/3442beb0554060944b4326d8211c9c04"},"headline":"Alta Via n.1 delle Dolomiti","datePublished":"2025-01-02T13:17:09+00:00","dateModified":"2026-04-23T15:14:09+00:00","mainEntityOfPage":{"@id":"https:\/\/www.dolomitiprealpi.it\/en\/alta-via-n-1-delle-dolomiti\/"},"wordCount":364,"publisher":{"@id":"https:\/\/www.dolomitiprealpi.it\/en\/#organization"},"keywords":["Feratel sync","Feratel sync","POI","POI","Punti interesse Feratel","Punti interesse Feratel"],"articleSection":["Dolomiti Bellunesi National Park","High mountain"],"inLanguage":"en-US"},{"@type":"WebPage","@id":"https:\/\/www.dolomitiprealpi.it\/en\/alta-via-n-1-delle-dolomiti\/","url":"https:\/\/www.dolomitiprealpi.it\/en\/alta-via-n-1-delle-dolomiti\/","name":"Alta Via n.1 delle Dolomiti - Dolomiti Prealpi","isPartOf":{"@id":"https:\/\/www.dolomitiprealpi.it\/en\/#website"},"datePublished":"2025-01-02T13:17:09+00:00","dateModified":"2026-04-23T15:14:09+00:00","breadcrumb":{"@id":"https:\/\/www.dolomitiprealpi.it\/en\/alta-via-n-1-delle-dolomiti\/#breadcrumb"},"inLanguage":"en-US","potentialAction":[{"@type":"ReadAction","target":["https:\/\/www.dolomitiprealpi.it\/en\/alta-via-n-1-delle-dolomiti\/"]}]},{"@type":"BreadcrumbList","@id":"https:\/\/www.dolomitiprealpi.it\/en\/alta-via-n-1-delle-dolomiti\/#breadcrumb","itemListElement":[{"@type":"ListItem","position":1,"name":"Home","item":"https:\/\/www.dolomitiprealpi.it\/en\/"},{"@type":"ListItem","position":2,"name":"Alta Via n.1 delle Dolomiti"}]},{"@type":"WebSite","@id":"https:\/\/www.dolomitiprealpi.it\/en\/#website","url":"https:\/\/www.dolomitiprealpi.it\/en\/","name":"Dolomiti Prealpi","description":"","publisher":{"@id":"https:\/\/www.dolomitiprealpi.it\/en\/#organization"},"potentialAction":[{"@type":"SearchAction","target":{"@type":"EntryPoint","urlTemplate":"https:\/\/www.dolomitiprealpi.it\/en\/?s={search_term_string}"},"query-input":{"@type":"PropertyValueSpecification","valueRequired":true,"valueName":"search_term_string"}}],"inLanguage":"en-US"},{"@type":"Organization","@id":"https:\/\/www.dolomitiprealpi.it\/en\/#organization","name":"Consorzio Dolomiti Prealpi","url":"https:\/\/www.dolomitiprealpi.it\/en\/","logo":{"@type":"ImageObject","inLanguage":"en-US","@id":"https:\/\/www.dolomitiprealpi.it\/en\/#\/schema\/logo\/image\/","url":"https:\/\/www.dolomitiprealpi.it\/wp-content\/uploads\/2023\/03\/dolomitiprealpi-favicon.jpg","contentUrl":"https:\/\/www.dolomitiprealpi.it\/wp-content\/uploads\/2023\/03\/dolomitiprealpi-favicon.jpg","width":512,"height":512,"caption":"Consorzio Dolomiti Prealpi"},"image":{"@id":"https:\/\/www.dolomitiprealpi.it\/en\/#\/schema\/logo\/image\/"},"sameAs":["https:\/\/www.facebook.com\/dolomitiprealpi.it\/","https:\/\/www.instagram.com\/dolomitiprealpi\/"]},{"@type":"Person","@id":"https:\/\/www.dolomitiprealpi.it\/en\/#\/schema\/person\/3442beb0554060944b4326d8211c9c04","name":"Mapo","image":{"@type":"ImageObject","inLanguage":"en-US","@id":"https:\/\/www.dolomitiprealpi.it\/en\/#\/schema\/person\/image\/","url":"https:\/\/secure.gravatar.com\/avatar\/7ce219f4d7d86c45bf979b9d8e0150ad0a4bbd7d3fa61bcb36ffa3cb99018dda?s=96&d=mm&r=g","contentUrl":"https:\/\/secure.gravatar.com\/avatar\/7ce219f4d7d86c45bf979b9d8e0150ad0a4bbd7d3fa61bcb36ffa3cb99018dda?s=96&d=mm&r=g","caption":"Mapo"},"url":"https:\/\/www.dolomitiprealpi.it\/en\/author\/mapo\/"}]}},"jetpack_featured_media_url":"","_links":{"self":[{"href":"https:\/\/www.dolomitiprealpi.it\/en\/wp-json\/wp\/v2\/posts\/48505","targetHints":{"allow":["GET"]}}],"collection":[{"href":"https:\/\/www.dolomitiprealpi.it\/en\/wp-json\/wp\/v2\/posts"}],"about":[{"href":"https:\/\/www.dolomitiprealpi.it\/en\/wp-json\/wp\/v2\/types\/post"}],"author":[{"embeddable":true,"href":"https:\/\/www.dolomitiprealpi.it\/en\/wp-json\/wp\/v2\/users\/2"}],"replies":[{"embeddable":true,"href":"https:\/\/www.dolomitiprealpi.it\/en\/wp-json\/wp\/v2\/comments?post=48505"}],"version-history":[{"count":1,"href":"https:\/\/www.dolomitiprealpi.it\/en\/wp-json\/wp\/v2\/posts\/48505\/revisions"}],"predecessor-version":[{"id":50777,"href":"https:\/\/www.dolomitiprealpi.it\/en\/wp-json\/wp\/v2\/posts\/48505\/revisions\/50777"}],"wp:attachment":[{"href":"https:\/\/www.dolomitiprealpi.it\/en\/wp-json\/wp\/v2\/media?parent=48505"}],"wp:term":[{"taxonomy":"category","embeddable":true,"href":"https:\/\/www.dolomitiprealpi.it\/en\/wp-json\/wp\/v2\/categories?post=48505"},{"taxonomy":"post_tag","embeddable":true,"href":"https:\/\/www.dolomitiprealpi.it\/en\/wp-json\/wp\/v2\/tags?post=48505"}],"curies":[{"name":"wp","href":"https:\/\/api.w.org\/{rel}","templated":true}]}}