{"id":45820,"date":"2025-06-01T16:57:06","date_gmt":"2025-06-01T14:57:06","guid":{"rendered":"https:\/\/www.dolomitiprealpi.it\/?p=45820"},"modified":"2025-06-01T16:57:08","modified_gmt":"2025-06-01T14:57:08","slug":"centro-minerario-di-valle-imperina","status":"publish","type":"post","link":"https:\/\/www.dolomitiprealpi.it\/en\/centro-minerario-di-valle-imperina\/","title":{"rendered":"Centro Minerario di Valle Imperina"},"content":{"rendered":"\n<h3 class=\"wp-block-heading\"><strong>Un viaggio tra storia, natura e archeologia industriale nel cuore delle Dolomiti Bellunesi<\/strong><\/h3>\n\n\n\n<p>Situato nel comune di Rivamonte Agordino, a pochi chilometri da Agordo, il <strong>Centro Minerario di Valle Imperina<\/strong> rappresenta un affascinante esempio di archeologia industriale immerso nel <strong><a href=\"https:\/\/www.dolomitiprealpi.it\/category\/dolomiti-e-prealpi\/parco-nazionale-dolomiti-bellunesi\/\">Parco Nazionale delle Dolomiti Bellunesi<\/a><\/strong>. Per oltre sei secoli, le miniere di Valle Imperina sono state determinanti per l\u2019economia del Basso Agordino, diventando nel corso del tempo la maggior fonte di sostentamento per la popolazione locale. Il primo documento scritto che attesti la presenza dell\u2019attivit\u00e0 mineraria in quella sede risale al 1409 con l\u2019investitura ad Enrico di Heslinger per l\u2019estrazione di rame.<\/p>\n\n\n\n<p>Per alcuni secoli, l&#8217;estrazione del rame fu gestita da piccole compagnie a conduzione familiare, ognuna con la propria concessione. Nel 1615, una nuova concessione venne affidata alla famiglia guidata da Francesco Crotta, che scopr\u00ec il filone di rame pi\u00f9 ricco della miniera. Abile e fortunato imprenditore, inizi\u00f2 cos\u00ec a costruire un impero minerario che continu\u00f2 con i suoi figli, i quali riuscirono ad entrare nella nobilt\u00e0 veneziana. La villa Crotta-De\u2019 Manzoni, situata sulla piazza centrale di Agordo, testimonia l\u2019importanza raggiunta dalla famiglia Crotta.<\/p>\n\n\n\n<p>Con l&#8217;aumento della produzione di rame, la Repubblica di Venezia, rendendosi conto dell\u2019importanza che essa ricopriva per le necessit\u00e0 del suo Arsenale, si inser\u00ec nell\u2019attivit\u00e0 di Valle Imperina con una concessione statale. Costru\u00ec dei forni fusori, tuttora ben conservati, visibili e visitabili. In questo periodo, la miniera produceva il 50% del fabbisogno di rame dell\u2019Arsenale veneziano.<\/p>\n\n\n\n<p>Agli inizi del XIX secolo, sotto il regno Lombardo-Veneto, la miniera venne rimodernata, aumentando cos\u00ec la produzione del prezioso metallo. Con il Regno d\u2019Italia inizi\u00f2 il declino della miniera di Valle Imperina, causato dall\u2019arrivo del rame prodotto nel continente americano a un costo inferiore, che provoc\u00f2 una scarsa redditivit\u00e0 della miniera con la conseguente riduzione della produzione e il licenziamento di quasi la met\u00e0 delle maestranze.<\/p>\n\n\n\n<p>Nel 1893, lo Stato italiano concesse lo sfruttamento delle miniere alla societ\u00e0 chimica Magni &amp; C., che convert\u00ec la produzione: nel 1898 spense i forni, e il materiale estratto veniva trasportato nei loro impianti chimici vicentini ed utilizzato interamente per la produzione di acido solforico, solfato di rame, ecc.<\/p>\n\n\n\n<p>Successivamente, nel 1910, la societ\u00e0 Montecatini subentr\u00f2 nella gestione della miniera ed inizi\u00f2 un piano rivoluzionario di ristrutturazione ed ammodernamento. Edific\u00f2 una centrale idroelettrica che forniva l\u2019energia per il funzionamento di macchinari moderni e costru\u00ec un percorso ferroviario che metteva in comunicazione le miniere con lo snodo ferroviario di Bribano. La produzione della miniera continu\u00f2 anche durante il secondo conflitto mondiale.<\/p>\n\n\n\n<p>Negli anni &#8217;50 del secolo scorso, pur continuando l\u2019ammodernamento della miniera, si pensava gi\u00e0 alla chiusura. Si inizi\u00f2 una campagna di ricerca per individuare nuove zone mineralizzate, ma l\u2019intento reale era solo di giustificare una prossima chiusura. Infatti, pur rimanendo la produzione inalterata, la miniera chiuse definitivamente nel 1962.<\/p>\n\n\n\n<h4 class=\"wp-block-heading\">Visite guidate: tre percorsi per scoprire la miniera<\/h4>\n\n\n\n<p>Il Centro Minerario offre tre tipologie di visite guidate:<\/p>\n\n\n\n<ul class=\"wp-block-list\">\n<li><strong>Visita completa<\/strong>: un&#8217;esperienza affascinante che permette di esplorare un pezzo di storia, visitando le gallerie Santa Barbara, Fusinella e Magni, il complesso dei Forni Fusori, il Museo Mazzolli e altre esposizioni.<\/li>\n\n\n\n<li><strong>Solo gallerie<\/strong>: una visita di circa 2 ore attraverso le affascinanti gallerie minerarie.<\/li>\n\n\n\n<li><strong>Solo Forni Fusori e musei<\/strong>: un tour di circa 45 minuti all&#8217;interno del suggestivo complesso dei Forni Fusori.<\/li>\n<\/ul>\n\n\n\n<p>Per tutte le visite, \u00e8 consigliato un abbigliamento adeguato: scarpe da trekking, pantaloni lunghi e giacca. La temperatura interna \u00e8 costante a circa 10\u00b0C tutto l&#8217;anno.<\/p>\n\n\n\n<p>Le visite guidate sono disponibili solo su prenotazione.<\/p>\n\n\n\n<h4 class=\"wp-block-heading\">Contatti<\/h4>\n\n\n\n<ul class=\"wp-block-list\">\n<li><strong>Telefono<\/strong>: 346 0896413<\/li>\n\n\n\n<li><strong>Email<\/strong>: <a href=\"mailto:info@centrominerariovalleimperina.it\">info@centrominerariovalleimperina.it<\/a><\/li>\n\n\n\n<li><strong>Sito web<\/strong>: <a href=\"https:\/\/centrominerariovalleimperina.it\/\">centrominerariovalleimperina.it<\/a><\/li>\n<\/ul>\n\n\n\n<p>Il fascino del Centro Minerario di Valle Imperina non si esaurisce con la visita: per chi desidera vivere un\u2019esperienza ancora pi\u00f9 immersiva, \u00e8 possibile <strong><a href=\"https:\/\/centrominerariovalleimperina.it\/dove-alloggiare\/\">alloggiare<\/a> direttamente nel cuore dell\u2019antico villaggio minerario<\/strong>, in <strong>camere recentemente ristrutturate<\/strong>, accoglienti e perfettamente integrate con l\u2019ambiente storico e naturale circostante.<\/p>\n\n\n\n<p>Per completare la giornata, il <strong><a href=\"https:\/\/centrominerariovalleimperina.it\/dove-mangiare\/\">Ristorante Alle Antiche Miniere<\/a><\/strong>, situato all\u2019interno del sito, offre <strong>piatti della tradizione locale<\/strong>, preparati con cura e ingredienti selezionati. \u00c8 il luogo ideale per pranzare o cenare dopo una visita guidata, un\u2019escursione nel Parco delle Dolomiti Bellunesi o semplicemente per godersi un momento di relax immersi nella storia.<\/p>\n\n\n\n<p><\/p>\n","protected":false},"excerpt":{"rendered":"<p>Un viaggio tra storia, natura e archeologia industriale nel cuore delle Dolomiti Bellunesi Situato nel comune di Rivamonte Agordino, a pochi chilometri da Agordo, il Centro Minerario di Valle Imperina<\/p>\n","protected":false},"author":9,"featured_media":45824,"comment_status":"closed","ping_status":"open","sticky":false,"template":"","format":"standard","meta":{"_acf_changed":false,"inline_featured_image":false,"footnotes":""},"categories":[167],"tags":[],"class_list":["post-45820","post","type-post","status-publish","format-standard","has-post-thumbnail","hentry","category-parco-nazionale-dolomiti-bellunesi"],"acf":[],"yoast_head":"<!-- This site is optimized with the Yoast SEO plugin v25.7 - https:\/\/yoast.com\/wordpress\/plugins\/seo\/ -->\n<title>Centro Minerario di Valle Imperina - Dolomiti Prealpi<\/title>\n<meta name=\"description\" content=\"Esplora il Centro Minerario di Valle Imperina: un viaggio tra storia e natura nel cuore delle Dolomiti Bellunesi.\" \/>\n<meta name=\"robots\" content=\"index, follow, max-snippet:-1, max-image-preview:large, max-video-preview:-1\" \/>\n<link rel=\"canonical\" href=\"https:\/\/www.dolomitiprealpi.it\/en\/centro-minerario-di-valle-imperina\/\" \/>\n<meta property=\"og:locale\" content=\"en_US\" \/>\n<meta property=\"og:type\" content=\"article\" \/>\n<meta property=\"og:title\" content=\"Centro Minerario di Valle Imperina - Dolomiti Prealpi\" \/>\n<meta property=\"og:description\" content=\"Esplora il Centro Minerario di Valle Imperina: un viaggio tra storia e natura nel cuore delle Dolomiti Bellunesi.\" \/>\n<meta property=\"og:url\" content=\"https:\/\/www.dolomitiprealpi.it\/en\/centro-minerario-di-valle-imperina\/\" \/>\n<meta property=\"og:site_name\" content=\"Dolomiti Prealpi\" \/>\n<meta property=\"article:publisher\" content=\"https:\/\/www.facebook.com\/dolomitiprealpi.it\/\" \/>\n<meta property=\"article:published_time\" content=\"2025-06-01T14:57:06+00:00\" \/>\n<meta property=\"article:modified_time\" content=\"2025-06-01T14:57:08+00:00\" \/>\n<meta property=\"og:image\" content=\"https:\/\/www.dolomitiprealpi.it\/wp-content\/uploads\/2025\/06\/Base-Foto-DMS-36.jpg\" \/>\n\t<meta property=\"og:image:width\" content=\"1440\" \/>\n\t<meta property=\"og:image:height\" content=\"810\" \/>\n\t<meta property=\"og:image:type\" content=\"image\/jpeg\" \/>\n<meta name=\"author\" content=\"micaela\" \/>\n<meta name=\"twitter:card\" content=\"summary_large_image\" \/>\n<meta name=\"twitter:label1\" content=\"Written by\" \/>\n\t<meta name=\"twitter:data1\" content=\"micaela\" \/>\n\t<meta name=\"twitter:label2\" content=\"Est. reading time\" \/>\n\t<meta name=\"twitter:data2\" content=\"4 minutes\" \/>\n<script type=\"application\/ld+json\" class=\"yoast-schema-graph\">{\"@context\":\"https:\/\/schema.org\",\"@graph\":[{\"@type\":\"Article\",\"@id\":\"https:\/\/www.dolomitiprealpi.it\/en\/centro-minerario-di-valle-imperina\/#article\",\"isPartOf\":{\"@id\":\"https:\/\/www.dolomitiprealpi.it\/en\/centro-minerario-di-valle-imperina\/\"},\"author\":{\"name\":\"micaela\",\"@id\":\"https:\/\/www.dolomitiprealpi.it\/en\/#\/schema\/person\/a63bb4a72330a6f2564a801a3250c1a5\"},\"headline\":\"Centro Minerario di Valle Imperina\",\"datePublished\":\"2025-06-01T14:57:06+00:00\",\"dateModified\":\"2025-06-01T14:57:08+00:00\",\"mainEntityOfPage\":{\"@id\":\"https:\/\/www.dolomitiprealpi.it\/en\/centro-minerario-di-valle-imperina\/\"},\"wordCount\":696,\"publisher\":{\"@id\":\"https:\/\/www.dolomitiprealpi.it\/en\/#organization\"},\"image\":{\"@id\":\"https:\/\/www.dolomitiprealpi.it\/en\/centro-minerario-di-valle-imperina\/#primaryimage\"},\"thumbnailUrl\":\"https:\/\/www.dolomitiprealpi.it\/wp-content\/uploads\/2025\/06\/Base-Foto-DMS-36.jpg\",\"articleSection\":[\"Parco Nazionale Dolomiti Bellunesi\"],\"inLanguage\":\"en-US\"},{\"@type\":\"WebPage\",\"@id\":\"https:\/\/www.dolomitiprealpi.it\/en\/centro-minerario-di-valle-imperina\/\",\"url\":\"https:\/\/www.dolomitiprealpi.it\/en\/centro-minerario-di-valle-imperina\/\",\"name\":\"Centro Minerario di Valle Imperina - Dolomiti Prealpi\",\"isPartOf\":{\"@id\":\"https:\/\/www.dolomitiprealpi.it\/en\/#website\"},\"primaryImageOfPage\":{\"@id\":\"https:\/\/www.dolomitiprealpi.it\/en\/centro-minerario-di-valle-imperina\/#primaryimage\"},\"image\":{\"@id\":\"https:\/\/www.dolomitiprealpi.it\/en\/centro-minerario-di-valle-imperina\/#primaryimage\"},\"thumbnailUrl\":\"https:\/\/www.dolomitiprealpi.it\/wp-content\/uploads\/2025\/06\/Base-Foto-DMS-36.jpg\",\"datePublished\":\"2025-06-01T14:57:06+00:00\",\"dateModified\":\"2025-06-01T14:57:08+00:00\",\"description\":\"Esplora il Centro Minerario di Valle Imperina: un viaggio tra storia e natura nel cuore delle Dolomiti Bellunesi.\",\"breadcrumb\":{\"@id\":\"https:\/\/www.dolomitiprealpi.it\/en\/centro-minerario-di-valle-imperina\/#breadcrumb\"},\"inLanguage\":\"en-US\",\"potentialAction\":[{\"@type\":\"ReadAction\",\"target\":[\"https:\/\/www.dolomitiprealpi.it\/en\/centro-minerario-di-valle-imperina\/\"]}]},{\"@type\":\"ImageObject\",\"inLanguage\":\"en-US\",\"@id\":\"https:\/\/www.dolomitiprealpi.it\/en\/centro-minerario-di-valle-imperina\/#primaryimage\",\"url\":\"https:\/\/www.dolomitiprealpi.it\/wp-content\/uploads\/2025\/06\/Base-Foto-DMS-36.jpg\",\"contentUrl\":\"https:\/\/www.dolomitiprealpi.it\/wp-content\/uploads\/2025\/06\/Base-Foto-DMS-36.jpg\",\"width\":1440,\"height\":810},{\"@type\":\"BreadcrumbList\",\"@id\":\"https:\/\/www.dolomitiprealpi.it\/en\/centro-minerario-di-valle-imperina\/#breadcrumb\",\"itemListElement\":[{\"@type\":\"ListItem\",\"position\":1,\"name\":\"Home\",\"item\":\"https:\/\/www.dolomitiprealpi.it\/en\/\"},{\"@type\":\"ListItem\",\"position\":2,\"name\":\"Centro Minerario di Valle Imperina\"}]},{\"@type\":\"WebSite\",\"@id\":\"https:\/\/www.dolomitiprealpi.it\/en\/#website\",\"url\":\"https:\/\/www.dolomitiprealpi.it\/en\/\",\"name\":\"Dolomiti Prealpi\",\"description\":\"\",\"publisher\":{\"@id\":\"https:\/\/www.dolomitiprealpi.it\/en\/#organization\"},\"potentialAction\":[{\"@type\":\"SearchAction\",\"target\":{\"@type\":\"EntryPoint\",\"urlTemplate\":\"https:\/\/www.dolomitiprealpi.it\/en\/?s={search_term_string}\"},\"query-input\":{\"@type\":\"PropertyValueSpecification\",\"valueRequired\":true,\"valueName\":\"search_term_string\"}}],\"inLanguage\":\"en-US\"},{\"@type\":\"Organization\",\"@id\":\"https:\/\/www.dolomitiprealpi.it\/en\/#organization\",\"name\":\"Consorzio Dolomiti Prealpi\",\"url\":\"https:\/\/www.dolomitiprealpi.it\/en\/\",\"logo\":{\"@type\":\"ImageObject\",\"inLanguage\":\"en-US\",\"@id\":\"https:\/\/www.dolomitiprealpi.it\/en\/#\/schema\/logo\/image\/\",\"url\":\"https:\/\/www.dolomitiprealpi.it\/wp-content\/uploads\/2023\/03\/dolomitiprealpi-favicon.jpg\",\"contentUrl\":\"https:\/\/www.dolomitiprealpi.it\/wp-content\/uploads\/2023\/03\/dolomitiprealpi-favicon.jpg\",\"width\":512,\"height\":512,\"caption\":\"Consorzio Dolomiti Prealpi\"},\"image\":{\"@id\":\"https:\/\/www.dolomitiprealpi.it\/en\/#\/schema\/logo\/image\/\"},\"sameAs\":[\"https:\/\/www.facebook.com\/dolomitiprealpi.it\/\",\"https:\/\/www.instagram.com\/dolomitiprealpi\/\"]},{\"@type\":\"Person\",\"@id\":\"https:\/\/www.dolomitiprealpi.it\/en\/#\/schema\/person\/a63bb4a72330a6f2564a801a3250c1a5\",\"name\":\"micaela\",\"image\":{\"@type\":\"ImageObject\",\"inLanguage\":\"en-US\",\"@id\":\"https:\/\/www.dolomitiprealpi.it\/en\/#\/schema\/person\/image\/\",\"url\":\"https:\/\/secure.gravatar.com\/avatar\/11ee30fd50fb630944dbd509c8024e51084beaea7483cc01ee9bc67f93010705?s=96&d=mm&r=g\",\"contentUrl\":\"https:\/\/secure.gravatar.com\/avatar\/11ee30fd50fb630944dbd509c8024e51084beaea7483cc01ee9bc67f93010705?s=96&d=mm&r=g\",\"caption\":\"micaela\"},\"url\":\"https:\/\/www.dolomitiprealpi.it\/en\/author\/micaela\/\"}]}<\/script>\n<!-- \/ Yoast SEO plugin. -->","yoast_head_json":{"title":"Centro Minerario di Valle Imperina - Dolomiti Prealpi","description":"Esplora il Centro Minerario di Valle Imperina: un viaggio tra storia e natura nel cuore delle Dolomiti Bellunesi.","robots":{"index":"index","follow":"follow","max-snippet":"max-snippet:-1","max-image-preview":"max-image-preview:large","max-video-preview":"max-video-preview:-1"},"canonical":"https:\/\/www.dolomitiprealpi.it\/en\/centro-minerario-di-valle-imperina\/","og_locale":"en_US","og_type":"article","og_title":"Centro Minerario di Valle Imperina - Dolomiti Prealpi","og_description":"Esplora il Centro Minerario di Valle Imperina: un viaggio tra storia e natura nel cuore delle Dolomiti Bellunesi.","og_url":"https:\/\/www.dolomitiprealpi.it\/en\/centro-minerario-di-valle-imperina\/","og_site_name":"Dolomiti Prealpi","article_publisher":"https:\/\/www.facebook.com\/dolomitiprealpi.it\/","article_published_time":"2025-06-01T14:57:06+00:00","article_modified_time":"2025-06-01T14:57:08+00:00","og_image":[{"width":1440,"height":810,"url":"https:\/\/www.dolomitiprealpi.it\/wp-content\/uploads\/2025\/06\/Base-Foto-DMS-36.jpg","type":"image\/jpeg"}],"author":"micaela","twitter_card":"summary_large_image","twitter_misc":{"Written by":"micaela","Est. reading time":"4 minutes"},"schema":{"@context":"https:\/\/schema.org","@graph":[{"@type":"Article","@id":"https:\/\/www.dolomitiprealpi.it\/en\/centro-minerario-di-valle-imperina\/#article","isPartOf":{"@id":"https:\/\/www.dolomitiprealpi.it\/en\/centro-minerario-di-valle-imperina\/"},"author":{"name":"micaela","@id":"https:\/\/www.dolomitiprealpi.it\/en\/#\/schema\/person\/a63bb4a72330a6f2564a801a3250c1a5"},"headline":"Centro Minerario di Valle Imperina","datePublished":"2025-06-01T14:57:06+00:00","dateModified":"2025-06-01T14:57:08+00:00","mainEntityOfPage":{"@id":"https:\/\/www.dolomitiprealpi.it\/en\/centro-minerario-di-valle-imperina\/"},"wordCount":696,"publisher":{"@id":"https:\/\/www.dolomitiprealpi.it\/en\/#organization"},"image":{"@id":"https:\/\/www.dolomitiprealpi.it\/en\/centro-minerario-di-valle-imperina\/#primaryimage"},"thumbnailUrl":"https:\/\/www.dolomitiprealpi.it\/wp-content\/uploads\/2025\/06\/Base-Foto-DMS-36.jpg","articleSection":["Parco Nazionale Dolomiti Bellunesi"],"inLanguage":"en-US"},{"@type":"WebPage","@id":"https:\/\/www.dolomitiprealpi.it\/en\/centro-minerario-di-valle-imperina\/","url":"https:\/\/www.dolomitiprealpi.it\/en\/centro-minerario-di-valle-imperina\/","name":"Centro Minerario di Valle Imperina - Dolomiti Prealpi","isPartOf":{"@id":"https:\/\/www.dolomitiprealpi.it\/en\/#website"},"primaryImageOfPage":{"@id":"https:\/\/www.dolomitiprealpi.it\/en\/centro-minerario-di-valle-imperina\/#primaryimage"},"image":{"@id":"https:\/\/www.dolomitiprealpi.it\/en\/centro-minerario-di-valle-imperina\/#primaryimage"},"thumbnailUrl":"https:\/\/www.dolomitiprealpi.it\/wp-content\/uploads\/2025\/06\/Base-Foto-DMS-36.jpg","datePublished":"2025-06-01T14:57:06+00:00","dateModified":"2025-06-01T14:57:08+00:00","description":"Esplora il Centro Minerario di Valle Imperina: un viaggio tra storia e natura nel cuore delle Dolomiti Bellunesi.","breadcrumb":{"@id":"https:\/\/www.dolomitiprealpi.it\/en\/centro-minerario-di-valle-imperina\/#breadcrumb"},"inLanguage":"en-US","potentialAction":[{"@type":"ReadAction","target":["https:\/\/www.dolomitiprealpi.it\/en\/centro-minerario-di-valle-imperina\/"]}]},{"@type":"ImageObject","inLanguage":"en-US","@id":"https:\/\/www.dolomitiprealpi.it\/en\/centro-minerario-di-valle-imperina\/#primaryimage","url":"https:\/\/www.dolomitiprealpi.it\/wp-content\/uploads\/2025\/06\/Base-Foto-DMS-36.jpg","contentUrl":"https:\/\/www.dolomitiprealpi.it\/wp-content\/uploads\/2025\/06\/Base-Foto-DMS-36.jpg","width":1440,"height":810},{"@type":"BreadcrumbList","@id":"https:\/\/www.dolomitiprealpi.it\/en\/centro-minerario-di-valle-imperina\/#breadcrumb","itemListElement":[{"@type":"ListItem","position":1,"name":"Home","item":"https:\/\/www.dolomitiprealpi.it\/en\/"},{"@type":"ListItem","position":2,"name":"Centro Minerario di Valle Imperina"}]},{"@type":"WebSite","@id":"https:\/\/www.dolomitiprealpi.it\/en\/#website","url":"https:\/\/www.dolomitiprealpi.it\/en\/","name":"Dolomiti Prealpi","description":"","publisher":{"@id":"https:\/\/www.dolomitiprealpi.it\/en\/#organization"},"potentialAction":[{"@type":"SearchAction","target":{"@type":"EntryPoint","urlTemplate":"https:\/\/www.dolomitiprealpi.it\/en\/?s={search_term_string}"},"query-input":{"@type":"PropertyValueSpecification","valueRequired":true,"valueName":"search_term_string"}}],"inLanguage":"en-US"},{"@type":"Organization","@id":"https:\/\/www.dolomitiprealpi.it\/en\/#organization","name":"Consorzio Dolomiti Prealpi","url":"https:\/\/www.dolomitiprealpi.it\/en\/","logo":{"@type":"ImageObject","inLanguage":"en-US","@id":"https:\/\/www.dolomitiprealpi.it\/en\/#\/schema\/logo\/image\/","url":"https:\/\/www.dolomitiprealpi.it\/wp-content\/uploads\/2023\/03\/dolomitiprealpi-favicon.jpg","contentUrl":"https:\/\/www.dolomitiprealpi.it\/wp-content\/uploads\/2023\/03\/dolomitiprealpi-favicon.jpg","width":512,"height":512,"caption":"Consorzio Dolomiti Prealpi"},"image":{"@id":"https:\/\/www.dolomitiprealpi.it\/en\/#\/schema\/logo\/image\/"},"sameAs":["https:\/\/www.facebook.com\/dolomitiprealpi.it\/","https:\/\/www.instagram.com\/dolomitiprealpi\/"]},{"@type":"Person","@id":"https:\/\/www.dolomitiprealpi.it\/en\/#\/schema\/person\/a63bb4a72330a6f2564a801a3250c1a5","name":"micaela","image":{"@type":"ImageObject","inLanguage":"en-US","@id":"https:\/\/www.dolomitiprealpi.it\/en\/#\/schema\/person\/image\/","url":"https:\/\/secure.gravatar.com\/avatar\/11ee30fd50fb630944dbd509c8024e51084beaea7483cc01ee9bc67f93010705?s=96&d=mm&r=g","contentUrl":"https:\/\/secure.gravatar.com\/avatar\/11ee30fd50fb630944dbd509c8024e51084beaea7483cc01ee9bc67f93010705?s=96&d=mm&r=g","caption":"micaela"},"url":"https:\/\/www.dolomitiprealpi.it\/en\/author\/micaela\/"}]}},"jetpack_featured_media_url":"https:\/\/www.dolomitiprealpi.it\/wp-content\/uploads\/2025\/06\/Base-Foto-DMS-36.jpg","_links":{"self":[{"href":"https:\/\/www.dolomitiprealpi.it\/en\/wp-json\/wp\/v2\/posts\/45820","targetHints":{"allow":["GET"]}}],"collection":[{"href":"https:\/\/www.dolomitiprealpi.it\/en\/wp-json\/wp\/v2\/posts"}],"about":[{"href":"https:\/\/www.dolomitiprealpi.it\/en\/wp-json\/wp\/v2\/types\/post"}],"author":[{"embeddable":true,"href":"https:\/\/www.dolomitiprealpi.it\/en\/wp-json\/wp\/v2\/users\/9"}],"replies":[{"embeddable":true,"href":"https:\/\/www.dolomitiprealpi.it\/en\/wp-json\/wp\/v2\/comments?post=45820"}],"version-history":[{"count":2,"href":"https:\/\/www.dolomitiprealpi.it\/en\/wp-json\/wp\/v2\/posts\/45820\/revisions"}],"predecessor-version":[{"id":45828,"href":"https:\/\/www.dolomitiprealpi.it\/en\/wp-json\/wp\/v2\/posts\/45820\/revisions\/45828"}],"wp:featuredmedia":[{"embeddable":true,"href":"https:\/\/www.dolomitiprealpi.it\/en\/wp-json\/wp\/v2\/media\/45824"}],"wp:attachment":[{"href":"https:\/\/www.dolomitiprealpi.it\/en\/wp-json\/wp\/v2\/media?parent=45820"}],"wp:term":[{"taxonomy":"category","embeddable":true,"href":"https:\/\/www.dolomitiprealpi.it\/en\/wp-json\/wp\/v2\/categories?post=45820"},{"taxonomy":"post_tag","embeddable":true,"href":"https:\/\/www.dolomitiprealpi.it\/en\/wp-json\/wp\/v2\/tags?post=45820"}],"curies":[{"name":"wp","href":"https:\/\/api.w.org\/{rel}","templated":true}]}}