{"id":98582,"date":"2026-01-24T18:38:39","date_gmt":"2026-01-24T17:38:39","guid":{"rendered":"https:\/\/www.dolomitiprealpi.it\/pian-de-coltura\/"},"modified":"2026-04-23T17:09:02","modified_gmt":"2026-04-23T15:09:02","slug":"pian-de-coltura","status":"publish","type":"post","link":"https:\/\/www.dolomitiprealpi.it\/de\/pian-de-coltura\/","title":{"rendered":"Pian de Coltura"},"content":{"rendered":"<p>Ein wunderbarer Spaziergang zwischen Wiesen und Birken<\/p>\n<p>Eine angenehme, kurze und nicht zu anspruchsvolle Wanderung zwischen den wunderbaren Wiesen und den charakteristischen Birken von Pian de Coltura.<\/p>\n<p>Das Auto k\u00f6nnen Sie in der Ortschaft San Gervasio parken, wo sich die gleichnamige sch\u00f6ne Kirche befindet.<\/p>\n<p>Gehen Sie in Richtung Col Frontal auf dem netten Weg mit Trockenmauern, um dann zwischen W\u00e4ldern und Wiesen die sch\u00f6ne Hochebene von Pian de Coltura zu erreichen.<\/p>\n<p>Ruhen Sie sich in der kleinen Picknickzone in der N\u00e4he aus und machen Sie ein paar Fotos von der Valbelluna, die Aussicht, die sich unter Ihnen er\u00f6ffnet, ist bemerkenswert.<\/p>\n<p>Fahren Sie leise in den faszinierenden Birkenwald hinein, wenn Sie Gl\u00fcck haben, k\u00f6nnen Sie einigen Wildtieren begegnen, die in diesen Gegenden leben. Setzen Sie Ihren Weg fort, bis Sie wieder am Ausgangspunkt angekommen sind.<\/p>\n<p><b><u>NUTZENDE INFORMATIONEN:<\/u><\/b><\/p>\n<p><b>Streckenl\u00e4nge<\/b>: 5,8 km<\/p>\n<p><b>Durchschnittliche Gehzeit<\/b>:&nbsp;2 Stunden<\/p>\n<p><b>Schwierigkeitsgrad<\/b>: leicht<\/p>\n<p><b>H\u00f6henunterschied:<\/b> 430 m<\/p>\n<p><\/p>\n<p>Man befindet sich in einer nat\u00fcrlichen Umgebung, die Respekt erfordert:<\/p>\n<ul>\n<li>Verbot von Blumenpfl\u00fccken<\/li>\n<li>Verbot des Badens<\/li>\n<li>Keine L\u00e4rmbel\u00e4stigung<\/li>\n<li>Verbot der Feuerentfachung<\/li>\n<li>Keinen M\u00fcll hinterlassen, sondern in die vorgesehenen Beh\u00e4lter werfen (einschlie\u00dflich Zigarettenst\u00fcmmel, Taschent\u00fccher, Masken und Biom\u00fcll)<\/li>\n<li> Minderj\u00e4hrige m\u00fcssen begleitet werden<\/li>\n<li>Hunde m\u00fcssen an der Leine gehalten werden, und ihr Kot muss eingesammelt werden<\/li>\n<li>Den Weg nicht verlassen<\/li>\n<li>Die lokale Fauna nicht st\u00f6ren<\/li>\n<\/ul>\n<p>Es wird empfohlen, sich \u00fcber die Website der <a href=\"https:\/\/www.arpa.veneto.it\/\">ARPAV&nbsp;<\/a> \u00fcber m\u00f6gliche St\u00f6rungen zu informieren, bevor man den Weg einschl\u00e4gt.<\/p>\n<p><\/p>\n<p>Weg Nr. 2304, ausgeschildert,&nbsp;einfach und f\u00fcr alle geeignet: San Gervasio &#8211; Pian de Coltura<\/p>\n","protected":false},"excerpt":{"rendered":"<p>Ein wunderbarer Spaziergang zwischen Wiesen und Birken Eine angenehme, kurze und nicht zu anspruchsvolle Wanderung zwischen den wunderbaren Wiesen und den charakteristischen Birken von Pian de Coltura. Das Auto k\u00f6nnen<\/p>\n","protected":false},"author":0,"featured_media":0,"comment_status":"closed","ping_status":"open","sticky":false,"template":"","format":"standard","meta":{"_acf_changed":false,"inline_featured_image":false,"footnotes":""},"categories":[224,222,1],"tags":[122,285,286,234,287,121],"class_list":["post-98582","post","type-post","status-publish","format-standard","hentry","category-naturlehrpfade","category-percorsi-naturalistici","category-uncategorized","tag-feratel-sync","tag-feratel-sync-de","tag-poi-de","tag-poi","tag-punti-interesse-feratel-de","tag-punti-interesse-feratel"],"acf":[],"yoast_head":"<!-- This site is optimized with the Yoast SEO plugin v25.7 - https:\/\/yoast.com\/wordpress\/plugins\/seo\/ -->\n<title>Pian de Coltura - Dolomiti Prealpi<\/title>\n<meta name=\"robots\" content=\"index, follow, max-snippet:-1, max-image-preview:large, max-video-preview:-1\" \/>\n<link rel=\"canonical\" href=\"https:\/\/www.dolomitiprealpi.it\/de\/pian-de-coltura\/\" \/>\n<meta property=\"og:locale\" content=\"de_DE\" \/>\n<meta property=\"og:type\" content=\"article\" \/>\n<meta property=\"og:title\" content=\"Pian de Coltura - Dolomiti Prealpi\" \/>\n<meta property=\"og:description\" content=\"Ein wunderbarer Spaziergang zwischen Wiesen und Birken Eine angenehme, kurze und nicht zu anspruchsvolle Wanderung zwischen den wunderbaren Wiesen und den charakteristischen Birken von Pian de Coltura. Das Auto k\u00f6nnen\" \/>\n<meta property=\"og:url\" content=\"https:\/\/www.dolomitiprealpi.it\/de\/pian-de-coltura\/\" \/>\n<meta property=\"og:site_name\" content=\"Dolomiti Prealpi\" \/>\n<meta property=\"article:publisher\" content=\"https:\/\/www.facebook.com\/dolomitiprealpi.it\/\" \/>\n<meta property=\"article:published_time\" content=\"2026-01-24T17:38:39+00:00\" \/>\n<meta property=\"article:modified_time\" content=\"2026-04-23T15:09:02+00:00\" \/>\n<meta property=\"og:image\" content=\"https:\/\/www.dolomitiprealpi.it\/wp-content\/uploads\/2022\/11\/C.-Timpone-Foto-archivio-Consorzio-turistico-Dolomiti-Prealpi-Nevegal-Belluno-Bike-18-2.jpg\" \/>\n\t<meta property=\"og:image:width\" content=\"2048\" \/>\n\t<meta property=\"og:image:height\" content=\"1888\" \/>\n\t<meta property=\"og:image:type\" content=\"image\/jpeg\" \/>\n<meta name=\"twitter:card\" content=\"summary_large_image\" \/>\n<meta name=\"twitter:label1\" content=\"Est. reading time\" \/>\n\t<meta name=\"twitter:data1\" content=\"1 minute\" \/>\n<script type=\"application\/ld+json\" class=\"yoast-schema-graph\">{\"@context\":\"https:\/\/schema.org\",\"@graph\":[{\"@type\":\"Article\",\"@id\":\"https:\/\/www.dolomitiprealpi.it\/de\/pian-de-coltura\/#article\",\"isPartOf\":{\"@id\":\"https:\/\/www.dolomitiprealpi.it\/de\/pian-de-coltura\/\"},\"author\":{\"name\":\"\",\"@id\":\"\"},\"headline\":\"Pian de Coltura\",\"datePublished\":\"2026-01-24T17:38:39+00:00\",\"dateModified\":\"2026-04-23T15:09:02+00:00\",\"mainEntityOfPage\":{\"@id\":\"https:\/\/www.dolomitiprealpi.it\/de\/pian-de-coltura\/\"},\"wordCount\":274,\"publisher\":{\"@id\":\"https:\/\/www.dolomitiprealpi.it\/de\/#organization\"},\"keywords\":[\"Feratel sync\",\"Feratel sync\",\"POI\",\"POI\",\"Punti interesse Feratel\",\"Punti interesse Feratel\"],\"articleSection\":[\"Naturlehrpfade\",\"Percorsi naturalistici\"],\"inLanguage\":\"de-DE\"},{\"@type\":\"WebPage\",\"@id\":\"https:\/\/www.dolomitiprealpi.it\/de\/pian-de-coltura\/\",\"url\":\"https:\/\/www.dolomitiprealpi.it\/de\/pian-de-coltura\/\",\"name\":\"Pian de Coltura - Dolomiti Prealpi\",\"isPartOf\":{\"@id\":\"https:\/\/www.dolomitiprealpi.it\/de\/#website\"},\"datePublished\":\"2026-01-24T17:38:39+00:00\",\"dateModified\":\"2026-04-23T15:09:02+00:00\",\"breadcrumb\":{\"@id\":\"https:\/\/www.dolomitiprealpi.it\/de\/pian-de-coltura\/#breadcrumb\"},\"inLanguage\":\"de-DE\",\"potentialAction\":[{\"@type\":\"ReadAction\",\"target\":[\"https:\/\/www.dolomitiprealpi.it\/de\/pian-de-coltura\/\"]}]},{\"@type\":\"BreadcrumbList\",\"@id\":\"https:\/\/www.dolomitiprealpi.it\/de\/pian-de-coltura\/#breadcrumb\",\"itemListElement\":[{\"@type\":\"ListItem\",\"position\":1,\"name\":\"Home\",\"item\":\"https:\/\/www.dolomitiprealpi.it\/de\/\"},{\"@type\":\"ListItem\",\"position\":2,\"name\":\"Pian de Coltura\"}]},{\"@type\":\"WebSite\",\"@id\":\"https:\/\/www.dolomitiprealpi.it\/de\/#website\",\"url\":\"https:\/\/www.dolomitiprealpi.it\/de\/\",\"name\":\"Dolomiti Prealpi\",\"description\":\"\",\"publisher\":{\"@id\":\"https:\/\/www.dolomitiprealpi.it\/de\/#organization\"},\"potentialAction\":[{\"@type\":\"SearchAction\",\"target\":{\"@type\":\"EntryPoint\",\"urlTemplate\":\"https:\/\/www.dolomitiprealpi.it\/de\/?s={search_term_string}\"},\"query-input\":{\"@type\":\"PropertyValueSpecification\",\"valueRequired\":true,\"valueName\":\"search_term_string\"}}],\"inLanguage\":\"de-DE\"},{\"@type\":\"Organization\",\"@id\":\"https:\/\/www.dolomitiprealpi.it\/de\/#organization\",\"name\":\"Consorzio Dolomiti Prealpi\",\"url\":\"https:\/\/www.dolomitiprealpi.it\/de\/\",\"logo\":{\"@type\":\"ImageObject\",\"inLanguage\":\"de-DE\",\"@id\":\"https:\/\/www.dolomitiprealpi.it\/de\/#\/schema\/logo\/image\/\",\"url\":\"https:\/\/www.dolomitiprealpi.it\/wp-content\/uploads\/2023\/03\/dolomitiprealpi-favicon.jpg\",\"contentUrl\":\"https:\/\/www.dolomitiprealpi.it\/wp-content\/uploads\/2023\/03\/dolomitiprealpi-favicon.jpg\",\"width\":512,\"height\":512,\"caption\":\"Consorzio Dolomiti Prealpi\"},\"image\":{\"@id\":\"https:\/\/www.dolomitiprealpi.it\/de\/#\/schema\/logo\/image\/\"},\"sameAs\":[\"https:\/\/www.facebook.com\/dolomitiprealpi.it\/\",\"https:\/\/www.instagram.com\/dolomitiprealpi\/\"]}]}<\/script>\n<!-- \/ Yoast SEO plugin. -->","yoast_head_json":{"title":"Pian de Coltura - Dolomiti Prealpi","robots":{"index":"index","follow":"follow","max-snippet":"max-snippet:-1","max-image-preview":"max-image-preview:large","max-video-preview":"max-video-preview:-1"},"canonical":"https:\/\/www.dolomitiprealpi.it\/de\/pian-de-coltura\/","og_locale":"de_DE","og_type":"article","og_title":"Pian de Coltura - Dolomiti Prealpi","og_description":"Ein wunderbarer Spaziergang zwischen Wiesen und Birken Eine angenehme, kurze und nicht zu anspruchsvolle Wanderung zwischen den wunderbaren Wiesen und den charakteristischen Birken von Pian de Coltura. Das Auto k\u00f6nnen","og_url":"https:\/\/www.dolomitiprealpi.it\/de\/pian-de-coltura\/","og_site_name":"Dolomiti Prealpi","article_publisher":"https:\/\/www.facebook.com\/dolomitiprealpi.it\/","article_published_time":"2026-01-24T17:38:39+00:00","article_modified_time":"2026-04-23T15:09:02+00:00","og_image":[{"width":2048,"height":1888,"url":"https:\/\/www.dolomitiprealpi.it\/wp-content\/uploads\/2022\/11\/C.-Timpone-Foto-archivio-Consorzio-turistico-Dolomiti-Prealpi-Nevegal-Belluno-Bike-18-2.jpg","type":"image\/jpeg"}],"twitter_card":"summary_large_image","twitter_misc":{"Est. reading time":"1 minute"},"schema":{"@context":"https:\/\/schema.org","@graph":[{"@type":"Article","@id":"https:\/\/www.dolomitiprealpi.it\/de\/pian-de-coltura\/#article","isPartOf":{"@id":"https:\/\/www.dolomitiprealpi.it\/de\/pian-de-coltura\/"},"author":{"name":"","@id":""},"headline":"Pian de Coltura","datePublished":"2026-01-24T17:38:39+00:00","dateModified":"2026-04-23T15:09:02+00:00","mainEntityOfPage":{"@id":"https:\/\/www.dolomitiprealpi.it\/de\/pian-de-coltura\/"},"wordCount":274,"publisher":{"@id":"https:\/\/www.dolomitiprealpi.it\/de\/#organization"},"keywords":["Feratel sync","Feratel sync","POI","POI","Punti interesse Feratel","Punti interesse Feratel"],"articleSection":["Naturlehrpfade","Percorsi naturalistici"],"inLanguage":"de-DE"},{"@type":"WebPage","@id":"https:\/\/www.dolomitiprealpi.it\/de\/pian-de-coltura\/","url":"https:\/\/www.dolomitiprealpi.it\/de\/pian-de-coltura\/","name":"Pian de Coltura - Dolomiti Prealpi","isPartOf":{"@id":"https:\/\/www.dolomitiprealpi.it\/de\/#website"},"datePublished":"2026-01-24T17:38:39+00:00","dateModified":"2026-04-23T15:09:02+00:00","breadcrumb":{"@id":"https:\/\/www.dolomitiprealpi.it\/de\/pian-de-coltura\/#breadcrumb"},"inLanguage":"de-DE","potentialAction":[{"@type":"ReadAction","target":["https:\/\/www.dolomitiprealpi.it\/de\/pian-de-coltura\/"]}]},{"@type":"BreadcrumbList","@id":"https:\/\/www.dolomitiprealpi.it\/de\/pian-de-coltura\/#breadcrumb","itemListElement":[{"@type":"ListItem","position":1,"name":"Home","item":"https:\/\/www.dolomitiprealpi.it\/de\/"},{"@type":"ListItem","position":2,"name":"Pian de Coltura"}]},{"@type":"WebSite","@id":"https:\/\/www.dolomitiprealpi.it\/de\/#website","url":"https:\/\/www.dolomitiprealpi.it\/de\/","name":"Dolomiti Prealpi","description":"","publisher":{"@id":"https:\/\/www.dolomitiprealpi.it\/de\/#organization"},"potentialAction":[{"@type":"SearchAction","target":{"@type":"EntryPoint","urlTemplate":"https:\/\/www.dolomitiprealpi.it\/de\/?s={search_term_string}"},"query-input":{"@type":"PropertyValueSpecification","valueRequired":true,"valueName":"search_term_string"}}],"inLanguage":"de-DE"},{"@type":"Organization","@id":"https:\/\/www.dolomitiprealpi.it\/de\/#organization","name":"Consorzio Dolomiti Prealpi","url":"https:\/\/www.dolomitiprealpi.it\/de\/","logo":{"@type":"ImageObject","inLanguage":"de-DE","@id":"https:\/\/www.dolomitiprealpi.it\/de\/#\/schema\/logo\/image\/","url":"https:\/\/www.dolomitiprealpi.it\/wp-content\/uploads\/2023\/03\/dolomitiprealpi-favicon.jpg","contentUrl":"https:\/\/www.dolomitiprealpi.it\/wp-content\/uploads\/2023\/03\/dolomitiprealpi-favicon.jpg","width":512,"height":512,"caption":"Consorzio Dolomiti Prealpi"},"image":{"@id":"https:\/\/www.dolomitiprealpi.it\/de\/#\/schema\/logo\/image\/"},"sameAs":["https:\/\/www.facebook.com\/dolomitiprealpi.it\/","https:\/\/www.instagram.com\/dolomitiprealpi\/"]}]}},"jetpack_featured_media_url":"","_links":{"self":[{"href":"https:\/\/www.dolomitiprealpi.it\/de\/wp-json\/wp\/v2\/posts\/98582","targetHints":{"allow":["GET"]}}],"collection":[{"href":"https:\/\/www.dolomitiprealpi.it\/de\/wp-json\/wp\/v2\/posts"}],"about":[{"href":"https:\/\/www.dolomitiprealpi.it\/de\/wp-json\/wp\/v2\/types\/post"}],"replies":[{"embeddable":true,"href":"https:\/\/www.dolomitiprealpi.it\/de\/wp-json\/wp\/v2\/comments?post=98582"}],"version-history":[{"count":1,"href":"https:\/\/www.dolomitiprealpi.it\/de\/wp-json\/wp\/v2\/posts\/98582\/revisions"}],"predecessor-version":[{"id":99082,"href":"https:\/\/www.dolomitiprealpi.it\/de\/wp-json\/wp\/v2\/posts\/98582\/revisions\/99082"}],"wp:attachment":[{"href":"https:\/\/www.dolomitiprealpi.it\/de\/wp-json\/wp\/v2\/media?parent=98582"}],"wp:term":[{"taxonomy":"category","embeddable":true,"href":"https:\/\/www.dolomitiprealpi.it\/de\/wp-json\/wp\/v2\/categories?post=98582"},{"taxonomy":"post_tag","embeddable":true,"href":"https:\/\/www.dolomitiprealpi.it\/de\/wp-json\/wp\/v2\/tags?post=98582"}],"curies":[{"name":"wp","href":"https:\/\/api.w.org\/{rel}","templated":true}]}}