{"id":98105,"date":"2026-01-17T12:03:41","date_gmt":"2026-01-17T11:03:41","guid":{"rendered":"https:\/\/www.dolomitiprealpi.it\/riserva-naturale-vincheto-di-celarda\/"},"modified":"2026-04-23T16:59:41","modified_gmt":"2026-04-23T14:59:41","slug":"riserva-naturale-vincheto-di-celarda","status":"publish","type":"post","link":"https:\/\/www.dolomitiprealpi.it\/de\/riserva-naturale-vincheto-di-celarda\/","title":{"rendered":"Riserva naturale Vincheto di Celarda"},"content":{"rendered":"<p>Natur- und Tierreservat Vincheto di Celarda. <\/p>\n<p>Wenige Minuten von Feltre, in s\u00fcdlicher Richtung, erstreckt sich das Vincheto-Reservat \u00fcber etwa 130 Hektar Auenfl\u00e4che und zeichnet sich durch den \u00dcberfluss an Wasser aus, dessen Vorhandensein die Ansiedlung verschiedener Formen aquatischer Lebensformen und einer f\u00fcr Feuchtgebiete typischen Vogelwelt gef\u00f6rdert hat. <\/p>\n<p> Innerhalb des Reservats gibt es eine Zuchtanlage f\u00fcr die einheimische Marmorierte Forelle, die f\u00fcr die Wiederansiedlung in Gew\u00e4ssern bestimmt ist, sowie ein Reitzentrum; von besonderem Interesse sind alle Aktivit\u00e4ten, die sich der Erhaltung und F\u00f6rderung der Umweltkultur widmen. Zur Unterst\u00fctzung der Bildungsaktivit\u00e4ten gibt es ein Besucherzentrum, in dem die wichtigsten Lebensr\u00e4ume des Reservats nachgebildet sind; zudem gibt es Gehege und Volieren, in denen Tiere aus anderen Auffangzentren oder mit schweren Beeintr\u00e4chtigungen, die eine Wiedereingliederung in die Natur unm\u00f6glich machen, untergebracht sind, sowie einen Bienenstock und ein Reitzentrum, in dem die Pferde ausgebildet werden, die vom Personal des Kommandos der Forst-, Umwelt- und Agrarlandespolizei der Carabinieri f\u00fcr \u00dcberwachungs- und Repr\u00e4sentationsdienste genutzt werden. <\/p>\n<p>  Die Fauna des Vincheto ist recht reichhaltig. Es wurden acht Amphibienarten nachgewiesen, darunter die h\u00e4ufigste und zahlreichste, der Hybridmaulwurf. Dann gibt es den S\u00fcdt\u00fcmpelnewt, den Smaragdkr\u00f6te, den Gelbbauchunke, die Italienische Ragenella, die gefleckte Salamander, die Gemeine Kr\u00f6te und die Agile Fr\u00f6sche.  Die strengen Winterbedingungen in dieser Region sorgen daf\u00fcr, dass die Reptiliengemeinschaft nicht sehr zahlreich ist: Es sind die Schachbrettnatter, die Ringelnatter, der Blindschleiche, die Mauereidechse und der Smaragd zu finden. <\/p>\n<p>Die Vogelgemeinschaft ist mit Sicherheit die Hauptkomponente der Fauna im Vincheto, vor allem aufgrund der N\u00e4he zum Flussufer. 45 Arten br\u00fcten innerhalb des Reservats, w\u00e4hrend weitere 17 in angrenzenden Gebieten nisten. Besonders erw\u00e4hnenswert sind hier der M\u00e4usebussard, der Uhu, die Wachtel, der Springteufel und der Schreiadler.  Dar\u00fcber hinaus gibt es einige Arten, die innerhalb des Gebiets relativ regelm\u00e4\u00dfig beobachtet werden (Braunbussard, M\u00e4usebussard, Haubenmeise), oder seltener gesichtet werden (Kleinseenot, Wiesenweihen, Sperber, Wachtel, Schilfrohrs\u00e4nger). Die Vogelgemeinschaft wird schlie\u00dflich von 30 durchziehenden oder sporadisch auftretenden Arten in der Region vollst\u00e4ndig erg\u00e4nzt. <\/p>\n<p> In Bezug auf die S\u00e4ugetiere ist die bemerkenswerte Population von Hasen, das Vorhandensein von Wildschweinen und die Populationen von Rehen und Damwild hervorzuheben.   Es werden Umweltbildungsaktivit\u00e4ten durch gef\u00fchrte Besichtigungen und Forschungsaktivit\u00e4ten angeboten, die darauf abzielen, den Wissensstand des Reservats zu erh\u00f6hen, beispielsweise durch das Life-Natur-Projekt. <\/p>\n<p>  Entlang der Stra\u00dfen gibt es eine angemessene Beschilderung. <\/p>\n<p>Innerhalb des Reservats gibt es zahlreiche flache Wanderwege. <\/p>\n<p> Ganzj\u00e4hrig ge\u00f6ffnet, der Weg ist f\u00fcr Kinderwagen und f\u00fcr Besucher mit Rollstuhl geeignet. <\/p>\n<p><b>Hunde und Fahrr\u00e4der sind nicht erlaubt. <\/b> <\/p>\n","protected":false},"excerpt":{"rendered":"<p>Natur- und Tierreservat Vincheto di Celarda. Wenige Minuten von Feltre, in s\u00fcdlicher Richtung, erstreckt sich das Vincheto-Reservat \u00fcber etwa 130 Hektar Auenfl\u00e4che und zeichnet sich durch den \u00dcberfluss an Wasser<\/p>\n","protected":false},"author":0,"featured_media":0,"comment_status":"closed","ping_status":"open","sticky":false,"template":"","format":"standard","meta":{"_acf_changed":false,"inline_featured_image":false,"footnotes":""},"categories":[1,5],"tags":[285,122,234,286,287,121],"class_list":["post-98105","post","type-post","status-publish","format-standard","hentry","category-uncategorized","category-unkategorisiert","tag-feratel-sync-de","tag-feratel-sync","tag-poi","tag-poi-de","tag-punti-interesse-feratel-de","tag-punti-interesse-feratel"],"acf":[],"yoast_head":"<!-- This site is optimized with the Yoast SEO plugin v25.7 - https:\/\/yoast.com\/wordpress\/plugins\/seo\/ -->\n<title>Riserva naturale Vincheto di Celarda - Dolomiti Prealpi<\/title>\n<meta name=\"robots\" content=\"index, follow, max-snippet:-1, max-image-preview:large, max-video-preview:-1\" \/>\n<link rel=\"canonical\" href=\"https:\/\/www.dolomitiprealpi.it\/de\/riserva-naturale-vincheto-di-celarda\/\" \/>\n<meta property=\"og:locale\" content=\"de_DE\" \/>\n<meta property=\"og:type\" content=\"article\" \/>\n<meta property=\"og:title\" content=\"Riserva naturale Vincheto di Celarda - Dolomiti Prealpi\" \/>\n<meta property=\"og:description\" content=\"Natur- und Tierreservat Vincheto di Celarda. Wenige Minuten von Feltre, in s\u00fcdlicher Richtung, erstreckt sich das Vincheto-Reservat \u00fcber etwa 130 Hektar Auenfl\u00e4che und zeichnet sich durch den \u00dcberfluss an Wasser\" \/>\n<meta property=\"og:url\" content=\"https:\/\/www.dolomitiprealpi.it\/de\/riserva-naturale-vincheto-di-celarda\/\" \/>\n<meta property=\"og:site_name\" content=\"Dolomiti Prealpi\" \/>\n<meta property=\"article:publisher\" content=\"https:\/\/www.facebook.com\/dolomitiprealpi.it\/\" \/>\n<meta property=\"article:published_time\" content=\"2026-01-17T11:03:41+00:00\" \/>\n<meta property=\"article:modified_time\" content=\"2026-04-23T14:59:41+00:00\" \/>\n<meta property=\"og:image\" content=\"https:\/\/www.dolomitiprealpi.it\/wp-content\/uploads\/2022\/11\/C.-Timpone-Foto-archivio-Consorzio-turistico-Dolomiti-Prealpi-Nevegal-Belluno-Bike-18-2.jpg\" \/>\n\t<meta property=\"og:image:width\" content=\"2048\" \/>\n\t<meta property=\"og:image:height\" content=\"1888\" \/>\n\t<meta property=\"og:image:type\" content=\"image\/jpeg\" \/>\n<meta name=\"twitter:card\" content=\"summary_large_image\" \/>\n<meta name=\"twitter:label1\" content=\"Est. reading time\" \/>\n\t<meta name=\"twitter:data1\" content=\"2 minutes\" \/>\n<script type=\"application\/ld+json\" class=\"yoast-schema-graph\">{\"@context\":\"https:\/\/schema.org\",\"@graph\":[{\"@type\":\"Article\",\"@id\":\"https:\/\/www.dolomitiprealpi.it\/de\/riserva-naturale-vincheto-di-celarda\/#article\",\"isPartOf\":{\"@id\":\"https:\/\/www.dolomitiprealpi.it\/de\/riserva-naturale-vincheto-di-celarda\/\"},\"author\":{\"name\":\"\",\"@id\":\"\"},\"headline\":\"Riserva naturale Vincheto di Celarda\",\"datePublished\":\"2026-01-17T11:03:41+00:00\",\"dateModified\":\"2026-04-23T14:59:41+00:00\",\"mainEntityOfPage\":{\"@id\":\"https:\/\/www.dolomitiprealpi.it\/de\/riserva-naturale-vincheto-di-celarda\/\"},\"wordCount\":444,\"publisher\":{\"@id\":\"https:\/\/www.dolomitiprealpi.it\/de\/#organization\"},\"keywords\":[\"Feratel sync\",\"Feratel sync\",\"POI\",\"POI\",\"Punti interesse Feratel\",\"Punti interesse Feratel\"],\"articleSection\":{\"1\":\"Unkategorisiert\"},\"inLanguage\":\"de-DE\"},{\"@type\":\"WebPage\",\"@id\":\"https:\/\/www.dolomitiprealpi.it\/de\/riserva-naturale-vincheto-di-celarda\/\",\"url\":\"https:\/\/www.dolomitiprealpi.it\/de\/riserva-naturale-vincheto-di-celarda\/\",\"name\":\"Riserva naturale Vincheto di Celarda - Dolomiti Prealpi\",\"isPartOf\":{\"@id\":\"https:\/\/www.dolomitiprealpi.it\/de\/#website\"},\"datePublished\":\"2026-01-17T11:03:41+00:00\",\"dateModified\":\"2026-04-23T14:59:41+00:00\",\"breadcrumb\":{\"@id\":\"https:\/\/www.dolomitiprealpi.it\/de\/riserva-naturale-vincheto-di-celarda\/#breadcrumb\"},\"inLanguage\":\"de-DE\",\"potentialAction\":[{\"@type\":\"ReadAction\",\"target\":[\"https:\/\/www.dolomitiprealpi.it\/de\/riserva-naturale-vincheto-di-celarda\/\"]}]},{\"@type\":\"BreadcrumbList\",\"@id\":\"https:\/\/www.dolomitiprealpi.it\/de\/riserva-naturale-vincheto-di-celarda\/#breadcrumb\",\"itemListElement\":[{\"@type\":\"ListItem\",\"position\":1,\"name\":\"Home\",\"item\":\"https:\/\/www.dolomitiprealpi.it\/de\/\"},{\"@type\":\"ListItem\",\"position\":2,\"name\":\"Riserva naturale Vincheto di Celarda\"}]},{\"@type\":\"WebSite\",\"@id\":\"https:\/\/www.dolomitiprealpi.it\/de\/#website\",\"url\":\"https:\/\/www.dolomitiprealpi.it\/de\/\",\"name\":\"Dolomiti Prealpi\",\"description\":\"\",\"publisher\":{\"@id\":\"https:\/\/www.dolomitiprealpi.it\/de\/#organization\"},\"potentialAction\":[{\"@type\":\"SearchAction\",\"target\":{\"@type\":\"EntryPoint\",\"urlTemplate\":\"https:\/\/www.dolomitiprealpi.it\/de\/?s={search_term_string}\"},\"query-input\":{\"@type\":\"PropertyValueSpecification\",\"valueRequired\":true,\"valueName\":\"search_term_string\"}}],\"inLanguage\":\"de-DE\"},{\"@type\":\"Organization\",\"@id\":\"https:\/\/www.dolomitiprealpi.it\/de\/#organization\",\"name\":\"Consorzio Dolomiti Prealpi\",\"url\":\"https:\/\/www.dolomitiprealpi.it\/de\/\",\"logo\":{\"@type\":\"ImageObject\",\"inLanguage\":\"de-DE\",\"@id\":\"https:\/\/www.dolomitiprealpi.it\/de\/#\/schema\/logo\/image\/\",\"url\":\"https:\/\/www.dolomitiprealpi.it\/wp-content\/uploads\/2023\/03\/dolomitiprealpi-favicon.jpg\",\"contentUrl\":\"https:\/\/www.dolomitiprealpi.it\/wp-content\/uploads\/2023\/03\/dolomitiprealpi-favicon.jpg\",\"width\":512,\"height\":512,\"caption\":\"Consorzio Dolomiti Prealpi\"},\"image\":{\"@id\":\"https:\/\/www.dolomitiprealpi.it\/de\/#\/schema\/logo\/image\/\"},\"sameAs\":[\"https:\/\/www.facebook.com\/dolomitiprealpi.it\/\",\"https:\/\/www.instagram.com\/dolomitiprealpi\/\"]}]}<\/script>\n<!-- \/ Yoast SEO plugin. -->","yoast_head_json":{"title":"Riserva naturale Vincheto di Celarda - Dolomiti Prealpi","robots":{"index":"index","follow":"follow","max-snippet":"max-snippet:-1","max-image-preview":"max-image-preview:large","max-video-preview":"max-video-preview:-1"},"canonical":"https:\/\/www.dolomitiprealpi.it\/de\/riserva-naturale-vincheto-di-celarda\/","og_locale":"de_DE","og_type":"article","og_title":"Riserva naturale Vincheto di Celarda - Dolomiti Prealpi","og_description":"Natur- und Tierreservat Vincheto di Celarda. Wenige Minuten von Feltre, in s\u00fcdlicher Richtung, erstreckt sich das Vincheto-Reservat \u00fcber etwa 130 Hektar Auenfl\u00e4che und zeichnet sich durch den \u00dcberfluss an Wasser","og_url":"https:\/\/www.dolomitiprealpi.it\/de\/riserva-naturale-vincheto-di-celarda\/","og_site_name":"Dolomiti Prealpi","article_publisher":"https:\/\/www.facebook.com\/dolomitiprealpi.it\/","article_published_time":"2026-01-17T11:03:41+00:00","article_modified_time":"2026-04-23T14:59:41+00:00","og_image":[{"width":2048,"height":1888,"url":"https:\/\/www.dolomitiprealpi.it\/wp-content\/uploads\/2022\/11\/C.-Timpone-Foto-archivio-Consorzio-turistico-Dolomiti-Prealpi-Nevegal-Belluno-Bike-18-2.jpg","type":"image\/jpeg"}],"twitter_card":"summary_large_image","twitter_misc":{"Est. reading time":"2 minutes"},"schema":{"@context":"https:\/\/schema.org","@graph":[{"@type":"Article","@id":"https:\/\/www.dolomitiprealpi.it\/de\/riserva-naturale-vincheto-di-celarda\/#article","isPartOf":{"@id":"https:\/\/www.dolomitiprealpi.it\/de\/riserva-naturale-vincheto-di-celarda\/"},"author":{"name":"","@id":""},"headline":"Riserva naturale Vincheto di Celarda","datePublished":"2026-01-17T11:03:41+00:00","dateModified":"2026-04-23T14:59:41+00:00","mainEntityOfPage":{"@id":"https:\/\/www.dolomitiprealpi.it\/de\/riserva-naturale-vincheto-di-celarda\/"},"wordCount":444,"publisher":{"@id":"https:\/\/www.dolomitiprealpi.it\/de\/#organization"},"keywords":["Feratel sync","Feratel sync","POI","POI","Punti interesse Feratel","Punti interesse Feratel"],"articleSection":{"1":"Unkategorisiert"},"inLanguage":"de-DE"},{"@type":"WebPage","@id":"https:\/\/www.dolomitiprealpi.it\/de\/riserva-naturale-vincheto-di-celarda\/","url":"https:\/\/www.dolomitiprealpi.it\/de\/riserva-naturale-vincheto-di-celarda\/","name":"Riserva naturale Vincheto di Celarda - Dolomiti Prealpi","isPartOf":{"@id":"https:\/\/www.dolomitiprealpi.it\/de\/#website"},"datePublished":"2026-01-17T11:03:41+00:00","dateModified":"2026-04-23T14:59:41+00:00","breadcrumb":{"@id":"https:\/\/www.dolomitiprealpi.it\/de\/riserva-naturale-vincheto-di-celarda\/#breadcrumb"},"inLanguage":"de-DE","potentialAction":[{"@type":"ReadAction","target":["https:\/\/www.dolomitiprealpi.it\/de\/riserva-naturale-vincheto-di-celarda\/"]}]},{"@type":"BreadcrumbList","@id":"https:\/\/www.dolomitiprealpi.it\/de\/riserva-naturale-vincheto-di-celarda\/#breadcrumb","itemListElement":[{"@type":"ListItem","position":1,"name":"Home","item":"https:\/\/www.dolomitiprealpi.it\/de\/"},{"@type":"ListItem","position":2,"name":"Riserva naturale Vincheto di Celarda"}]},{"@type":"WebSite","@id":"https:\/\/www.dolomitiprealpi.it\/de\/#website","url":"https:\/\/www.dolomitiprealpi.it\/de\/","name":"Dolomiti Prealpi","description":"","publisher":{"@id":"https:\/\/www.dolomitiprealpi.it\/de\/#organization"},"potentialAction":[{"@type":"SearchAction","target":{"@type":"EntryPoint","urlTemplate":"https:\/\/www.dolomitiprealpi.it\/de\/?s={search_term_string}"},"query-input":{"@type":"PropertyValueSpecification","valueRequired":true,"valueName":"search_term_string"}}],"inLanguage":"de-DE"},{"@type":"Organization","@id":"https:\/\/www.dolomitiprealpi.it\/de\/#organization","name":"Consorzio Dolomiti Prealpi","url":"https:\/\/www.dolomitiprealpi.it\/de\/","logo":{"@type":"ImageObject","inLanguage":"de-DE","@id":"https:\/\/www.dolomitiprealpi.it\/de\/#\/schema\/logo\/image\/","url":"https:\/\/www.dolomitiprealpi.it\/wp-content\/uploads\/2023\/03\/dolomitiprealpi-favicon.jpg","contentUrl":"https:\/\/www.dolomitiprealpi.it\/wp-content\/uploads\/2023\/03\/dolomitiprealpi-favicon.jpg","width":512,"height":512,"caption":"Consorzio Dolomiti Prealpi"},"image":{"@id":"https:\/\/www.dolomitiprealpi.it\/de\/#\/schema\/logo\/image\/"},"sameAs":["https:\/\/www.facebook.com\/dolomitiprealpi.it\/","https:\/\/www.instagram.com\/dolomitiprealpi\/"]}]}},"jetpack_featured_media_url":"","_links":{"self":[{"href":"https:\/\/www.dolomitiprealpi.it\/de\/wp-json\/wp\/v2\/posts\/98105","targetHints":{"allow":["GET"]}}],"collection":[{"href":"https:\/\/www.dolomitiprealpi.it\/de\/wp-json\/wp\/v2\/posts"}],"about":[{"href":"https:\/\/www.dolomitiprealpi.it\/de\/wp-json\/wp\/v2\/types\/post"}],"replies":[{"embeddable":true,"href":"https:\/\/www.dolomitiprealpi.it\/de\/wp-json\/wp\/v2\/comments?post=98105"}],"version-history":[{"count":1,"href":"https:\/\/www.dolomitiprealpi.it\/de\/wp-json\/wp\/v2\/posts\/98105\/revisions"}],"predecessor-version":[{"id":98575,"href":"https:\/\/www.dolomitiprealpi.it\/de\/wp-json\/wp\/v2\/posts\/98105\/revisions\/98575"}],"wp:attachment":[{"href":"https:\/\/www.dolomitiprealpi.it\/de\/wp-json\/wp\/v2\/media?parent=98105"}],"wp:term":[{"taxonomy":"category","embeddable":true,"href":"https:\/\/www.dolomitiprealpi.it\/de\/wp-json\/wp\/v2\/categories?post=98105"},{"taxonomy":"post_tag","embeddable":true,"href":"https:\/\/www.dolomitiprealpi.it\/de\/wp-json\/wp\/v2\/tags?post=98105"}],"curies":[{"name":"wp","href":"https:\/\/api.w.org\/{rel}","templated":true}]}}