{"id":92718,"date":"2024-04-03T15:23:58","date_gmt":"2024-04-03T13:23:58","guid":{"rendered":"https:\/\/www.dolomitiprealpi.it\/il-miele-delle-dolomiti-bellunesi-d-o-p\/"},"modified":"2025-12-14T15:57:53","modified_gmt":"2025-12-14T14:57:53","slug":"il-miele-delle-dolomiti-bellunesi-d-o-p","status":"publish","type":"post","link":"https:\/\/www.dolomitiprealpi.it\/de\/il-miele-delle-dolomiti-bellunesi-d-o-p\/","title":{"rendered":"Honig der Dolomiti Bellunesi"},"content":{"rendered":"\n<p>Der <strong>Honig der Dolomiti Bellunesi DOP<\/strong> z\u00e4hlt zu den authentischsten Produkten der alpinen Region Belluno. <strong>Wiesen, Almen und W\u00e4lder<\/strong> wechseln sich hier ab und schaffen ideale Bedingungen f\u00fcr eine hochwertige Imkerei.<\/p>\n\n\n\n<p>Die Honigproduktion in diesem Gebiet ist <strong>seit Jahrhunderten belegt<\/strong>. Erste Dokumente stammen aus dem <strong>16. Jahrhundert<\/strong>. Bereits im Jahr <strong>1712<\/strong> wurden drei Honigarten erw\u00e4hnt: <strong>Bl\u00fctenhonig aus hochalpinen Lagen<\/strong>, <strong>Heidehonig<\/strong> und <strong>Mischwaldhonig<\/strong>. Diese lange Tradition spiegelt die enge Verbindung zwischen Natur und Handwerk wider.<\/p>\n\n\n\n<p>Dank der gro\u00dfen Pflanzenvielfalt und der <strong>unterschiedlichen H\u00f6henlagen<\/strong> entstehen Honige mit sehr verschiedenen Geschmacksprofilen. Besonders verbreitet sind die <strong>Fr\u00fchlings-Bl\u00fctenhonige aus den Tallagen<\/strong>, mild und duftend, mit Noten von Obstbl\u00fcten, wildem Himbeerstrauch und L\u00f6wenzahn. Hinzu kommen die <strong>Sommer-Bl\u00fctenhonige aus den Bergen<\/strong>, kr\u00e4ftiger, dunkler und aromatischer, mit Essenzen von Thymian, Wei\u00dfklee und Rhododendron. Erg\u00e4nzt wird das Angebot durch <strong>Sortenhonige<\/strong> wie Akazie, Kastanie, L\u00f6wenzahn und Linde sowie durch hochwertige <strong>Honigtauhonige<\/strong>.<\/p>\n\n\n\n<p>Seit <strong>1980<\/strong> tr\u00e4gt der Honig das Qualit\u00e4tszeichen <strong>Apidolomiti<\/strong>, das seine Bekanntheit stetig gesteigert hat. Im Jahr <strong>2010<\/strong> erhielt er die <strong>gesch\u00fctzte Ursprungsbezeichnung (D.O.P.)<\/strong>. Gemeinsam mit dem Honig aus der Lunigiana ist er der <strong>einzige italienische Honig mit EU-Zertifizierung<\/strong>. Zuvor war er bereits als <strong>Traditionelles Lebensmittelprodukt (P.A.T.)<\/strong> anerkannt.<\/p>\n\n\n\n<p>Der Honig der Dolomiti Bellunesi ist ein <strong>reines und vielseitiges Naturprodukt<\/strong>. Er eignet sich zum puren Genuss ebenso wie f\u00fcr <strong>s\u00fc\u00dfe und herzhafte Gerichte<\/strong>, bei denen er die Aromen fein unterstreicht.<\/p>\n\n\n\n<p>Ein besonderes Ereignis ist das <strong>Honigfest von Limana<\/strong>, das jedes Jahr <strong>im Oktober<\/strong> stattfindet. Dort werden die <strong>besten Honige der Provinz Belluno ausgezeichnet<\/strong>, und Besucher k\u00f6nnen die Vielfalt dieses einzigartigen Produkts entdecken.<\/p>\n","protected":false},"excerpt":{"rendered":"<p>Der Honig der Dolomiti Bellunesi DOP z\u00e4hlt zu den authentischsten Produkten der alpinen Region Belluno. Wiesen, Almen und W\u00e4lder wechseln sich hier ab und schaffen ideale Bedingungen f\u00fcr eine hochwertige<\/p>\n","protected":false},"author":9,"featured_media":3196,"comment_status":"closed","ping_status":"open","sticky":false,"template":"","format":"standard","meta":{"_acf_changed":false,"inline_featured_image":false,"footnotes":""},"categories":[347],"tags":[396,400],"class_list":["post-92718","post","type-post","status-publish","format-standard","has-post-thumbnail","hentry","category-genuss-tradition","tag-enogastronomia-de","tag-tradizioni-de"],"acf":[],"yoast_head":"<!-- This site is optimized with the Yoast SEO plugin v25.7 - https:\/\/yoast.com\/wordpress\/plugins\/seo\/ -->\n<title>Honig der Dolomiti Bellunesi - Dolomiti Prealpi<\/title>\n<meta name=\"description\" content=\"Honig der Dolomiti Bellunesi DOP: Bl\u00fctenhonig, Sortenhonig und Honigtau, lange Tradition und Honigfest in Limana.\" \/>\n<meta name=\"robots\" content=\"index, follow, max-snippet:-1, max-image-preview:large, max-video-preview:-1\" \/>\n<link rel=\"canonical\" href=\"https:\/\/www.dolomitiprealpi.it\/de\/il-miele-delle-dolomiti-bellunesi-d-o-p\/\" \/>\n<meta property=\"og:locale\" content=\"de_DE\" \/>\n<meta property=\"og:type\" content=\"article\" \/>\n<meta property=\"og:title\" content=\"Honig der Dolomiti Bellunesi - Dolomiti Prealpi\" \/>\n<meta property=\"og:description\" content=\"Honig der Dolomiti Bellunesi DOP: Bl\u00fctenhonig, Sortenhonig und Honigtau, lange Tradition und Honigfest in Limana.\" \/>\n<meta property=\"og:url\" content=\"https:\/\/www.dolomitiprealpi.it\/de\/il-miele-delle-dolomiti-bellunesi-d-o-p\/\" \/>\n<meta property=\"og:site_name\" content=\"Dolomiti Prealpi\" \/>\n<meta property=\"article:publisher\" content=\"https:\/\/www.facebook.com\/dolomitiprealpi.it\/\" \/>\n<meta property=\"article:published_time\" content=\"2024-04-03T13:23:58+00:00\" \/>\n<meta property=\"article:modified_time\" content=\"2025-12-14T14:57:53+00:00\" \/>\n<meta property=\"og:image\" content=\"https:\/\/www.dolomitiprealpi.it\/wp-content\/uploads\/2022\/11\/Miele-delle-Dolomiti-Bellunesi_126.jpg\" \/>\n\t<meta property=\"og:image:width\" content=\"1900\" \/>\n\t<meta property=\"og:image:height\" content=\"1266\" \/>\n\t<meta property=\"og:image:type\" content=\"image\/jpeg\" \/>\n<meta name=\"author\" content=\"micaela\" \/>\n<meta name=\"twitter:card\" content=\"summary_large_image\" \/>\n<meta name=\"twitter:label1\" content=\"Written by\" \/>\n\t<meta name=\"twitter:data1\" content=\"micaela\" \/>\n\t<meta name=\"twitter:label2\" content=\"Est. reading time\" \/>\n\t<meta name=\"twitter:data2\" content=\"2 minutes\" \/>\n<script type=\"application\/ld+json\" class=\"yoast-schema-graph\">{\"@context\":\"https:\/\/schema.org\",\"@graph\":[{\"@type\":\"Article\",\"@id\":\"https:\/\/www.dolomitiprealpi.it\/de\/il-miele-delle-dolomiti-bellunesi-d-o-p\/#article\",\"isPartOf\":{\"@id\":\"https:\/\/www.dolomitiprealpi.it\/de\/il-miele-delle-dolomiti-bellunesi-d-o-p\/\"},\"author\":{\"name\":\"micaela\",\"@id\":\"https:\/\/www.dolomitiprealpi.it\/de\/#\/schema\/person\/a63bb4a72330a6f2564a801a3250c1a5\"},\"headline\":\"Honig der Dolomiti Bellunesi\",\"datePublished\":\"2024-04-03T13:23:58+00:00\",\"dateModified\":\"2025-12-14T14:57:53+00:00\",\"mainEntityOfPage\":{\"@id\":\"https:\/\/www.dolomitiprealpi.it\/de\/il-miele-delle-dolomiti-bellunesi-d-o-p\/\"},\"wordCount\":277,\"publisher\":{\"@id\":\"https:\/\/www.dolomitiprealpi.it\/de\/#organization\"},\"image\":{\"@id\":\"https:\/\/www.dolomitiprealpi.it\/de\/il-miele-delle-dolomiti-bellunesi-d-o-p\/#primaryimage\"},\"thumbnailUrl\":\"https:\/\/www.dolomitiprealpi.it\/wp-content\/uploads\/2022\/11\/Miele-delle-Dolomiti-Bellunesi_126.jpg\",\"keywords\":[\"enogastronomia\",\"Tradizioni\"],\"articleSection\":[\"Genuss &amp; Tradition\"],\"inLanguage\":\"de-DE\"},{\"@type\":\"WebPage\",\"@id\":\"https:\/\/www.dolomitiprealpi.it\/de\/il-miele-delle-dolomiti-bellunesi-d-o-p\/\",\"url\":\"https:\/\/www.dolomitiprealpi.it\/de\/il-miele-delle-dolomiti-bellunesi-d-o-p\/\",\"name\":\"Honig der Dolomiti Bellunesi - Dolomiti Prealpi\",\"isPartOf\":{\"@id\":\"https:\/\/www.dolomitiprealpi.it\/de\/#website\"},\"primaryImageOfPage\":{\"@id\":\"https:\/\/www.dolomitiprealpi.it\/de\/il-miele-delle-dolomiti-bellunesi-d-o-p\/#primaryimage\"},\"image\":{\"@id\":\"https:\/\/www.dolomitiprealpi.it\/de\/il-miele-delle-dolomiti-bellunesi-d-o-p\/#primaryimage\"},\"thumbnailUrl\":\"https:\/\/www.dolomitiprealpi.it\/wp-content\/uploads\/2022\/11\/Miele-delle-Dolomiti-Bellunesi_126.jpg\",\"datePublished\":\"2024-04-03T13:23:58+00:00\",\"dateModified\":\"2025-12-14T14:57:53+00:00\",\"description\":\"Honig der Dolomiti Bellunesi DOP: Bl\u00fctenhonig, Sortenhonig und Honigtau, lange Tradition und Honigfest in Limana.\",\"breadcrumb\":{\"@id\":\"https:\/\/www.dolomitiprealpi.it\/de\/il-miele-delle-dolomiti-bellunesi-d-o-p\/#breadcrumb\"},\"inLanguage\":\"de-DE\",\"potentialAction\":[{\"@type\":\"ReadAction\",\"target\":[\"https:\/\/www.dolomitiprealpi.it\/de\/il-miele-delle-dolomiti-bellunesi-d-o-p\/\"]}]},{\"@type\":\"ImageObject\",\"inLanguage\":\"de-DE\",\"@id\":\"https:\/\/www.dolomitiprealpi.it\/de\/il-miele-delle-dolomiti-bellunesi-d-o-p\/#primaryimage\",\"url\":\"https:\/\/www.dolomitiprealpi.it\/wp-content\/uploads\/2022\/11\/Miele-delle-Dolomiti-Bellunesi_126.jpg\",\"contentUrl\":\"https:\/\/www.dolomitiprealpi.it\/wp-content\/uploads\/2022\/11\/Miele-delle-Dolomiti-Bellunesi_126.jpg\",\"width\":1900,\"height\":1266},{\"@type\":\"BreadcrumbList\",\"@id\":\"https:\/\/www.dolomitiprealpi.it\/de\/il-miele-delle-dolomiti-bellunesi-d-o-p\/#breadcrumb\",\"itemListElement\":[{\"@type\":\"ListItem\",\"position\":1,\"name\":\"Home\",\"item\":\"https:\/\/www.dolomitiprealpi.it\/de\/\"},{\"@type\":\"ListItem\",\"position\":2,\"name\":\"Honig der Dolomiti Bellunesi\"}]},{\"@type\":\"WebSite\",\"@id\":\"https:\/\/www.dolomitiprealpi.it\/de\/#website\",\"url\":\"https:\/\/www.dolomitiprealpi.it\/de\/\",\"name\":\"Dolomiti Prealpi\",\"description\":\"\",\"publisher\":{\"@id\":\"https:\/\/www.dolomitiprealpi.it\/de\/#organization\"},\"potentialAction\":[{\"@type\":\"SearchAction\",\"target\":{\"@type\":\"EntryPoint\",\"urlTemplate\":\"https:\/\/www.dolomitiprealpi.it\/de\/?s={search_term_string}\"},\"query-input\":{\"@type\":\"PropertyValueSpecification\",\"valueRequired\":true,\"valueName\":\"search_term_string\"}}],\"inLanguage\":\"de-DE\"},{\"@type\":\"Organization\",\"@id\":\"https:\/\/www.dolomitiprealpi.it\/de\/#organization\",\"name\":\"Consorzio Dolomiti Prealpi\",\"url\":\"https:\/\/www.dolomitiprealpi.it\/de\/\",\"logo\":{\"@type\":\"ImageObject\",\"inLanguage\":\"de-DE\",\"@id\":\"https:\/\/www.dolomitiprealpi.it\/de\/#\/schema\/logo\/image\/\",\"url\":\"https:\/\/www.dolomitiprealpi.it\/wp-content\/uploads\/2023\/03\/dolomitiprealpi-favicon.jpg\",\"contentUrl\":\"https:\/\/www.dolomitiprealpi.it\/wp-content\/uploads\/2023\/03\/dolomitiprealpi-favicon.jpg\",\"width\":512,\"height\":512,\"caption\":\"Consorzio Dolomiti Prealpi\"},\"image\":{\"@id\":\"https:\/\/www.dolomitiprealpi.it\/de\/#\/schema\/logo\/image\/\"},\"sameAs\":[\"https:\/\/www.facebook.com\/dolomitiprealpi.it\/\",\"https:\/\/www.instagram.com\/dolomitiprealpi\/\"]},{\"@type\":\"Person\",\"@id\":\"https:\/\/www.dolomitiprealpi.it\/de\/#\/schema\/person\/a63bb4a72330a6f2564a801a3250c1a5\",\"name\":\"micaela\",\"image\":{\"@type\":\"ImageObject\",\"inLanguage\":\"de-DE\",\"@id\":\"https:\/\/www.dolomitiprealpi.it\/de\/#\/schema\/person\/image\/\",\"url\":\"https:\/\/secure.gravatar.com\/avatar\/11ee30fd50fb630944dbd509c8024e51084beaea7483cc01ee9bc67f93010705?s=96&d=mm&r=g\",\"contentUrl\":\"https:\/\/secure.gravatar.com\/avatar\/11ee30fd50fb630944dbd509c8024e51084beaea7483cc01ee9bc67f93010705?s=96&d=mm&r=g\",\"caption\":\"micaela\"},\"url\":\"https:\/\/www.dolomitiprealpi.it\/de\/author\/micaela\/\"}]}<\/script>\n<!-- \/ Yoast SEO plugin. -->","yoast_head_json":{"title":"Honig der Dolomiti Bellunesi - Dolomiti Prealpi","description":"Honig der Dolomiti Bellunesi DOP: Bl\u00fctenhonig, Sortenhonig und Honigtau, lange Tradition und Honigfest in Limana.","robots":{"index":"index","follow":"follow","max-snippet":"max-snippet:-1","max-image-preview":"max-image-preview:large","max-video-preview":"max-video-preview:-1"},"canonical":"https:\/\/www.dolomitiprealpi.it\/de\/il-miele-delle-dolomiti-bellunesi-d-o-p\/","og_locale":"de_DE","og_type":"article","og_title":"Honig der Dolomiti Bellunesi - Dolomiti Prealpi","og_description":"Honig der Dolomiti Bellunesi DOP: Bl\u00fctenhonig, Sortenhonig und Honigtau, lange Tradition und Honigfest in Limana.","og_url":"https:\/\/www.dolomitiprealpi.it\/de\/il-miele-delle-dolomiti-bellunesi-d-o-p\/","og_site_name":"Dolomiti Prealpi","article_publisher":"https:\/\/www.facebook.com\/dolomitiprealpi.it\/","article_published_time":"2024-04-03T13:23:58+00:00","article_modified_time":"2025-12-14T14:57:53+00:00","og_image":[{"width":1900,"height":1266,"url":"https:\/\/www.dolomitiprealpi.it\/wp-content\/uploads\/2022\/11\/Miele-delle-Dolomiti-Bellunesi_126.jpg","type":"image\/jpeg"}],"author":"micaela","twitter_card":"summary_large_image","twitter_misc":{"Written by":"micaela","Est. reading time":"2 minutes"},"schema":{"@context":"https:\/\/schema.org","@graph":[{"@type":"Article","@id":"https:\/\/www.dolomitiprealpi.it\/de\/il-miele-delle-dolomiti-bellunesi-d-o-p\/#article","isPartOf":{"@id":"https:\/\/www.dolomitiprealpi.it\/de\/il-miele-delle-dolomiti-bellunesi-d-o-p\/"},"author":{"name":"micaela","@id":"https:\/\/www.dolomitiprealpi.it\/de\/#\/schema\/person\/a63bb4a72330a6f2564a801a3250c1a5"},"headline":"Honig der Dolomiti Bellunesi","datePublished":"2024-04-03T13:23:58+00:00","dateModified":"2025-12-14T14:57:53+00:00","mainEntityOfPage":{"@id":"https:\/\/www.dolomitiprealpi.it\/de\/il-miele-delle-dolomiti-bellunesi-d-o-p\/"},"wordCount":277,"publisher":{"@id":"https:\/\/www.dolomitiprealpi.it\/de\/#organization"},"image":{"@id":"https:\/\/www.dolomitiprealpi.it\/de\/il-miele-delle-dolomiti-bellunesi-d-o-p\/#primaryimage"},"thumbnailUrl":"https:\/\/www.dolomitiprealpi.it\/wp-content\/uploads\/2022\/11\/Miele-delle-Dolomiti-Bellunesi_126.jpg","keywords":["enogastronomia","Tradizioni"],"articleSection":["Genuss &amp; Tradition"],"inLanguage":"de-DE"},{"@type":"WebPage","@id":"https:\/\/www.dolomitiprealpi.it\/de\/il-miele-delle-dolomiti-bellunesi-d-o-p\/","url":"https:\/\/www.dolomitiprealpi.it\/de\/il-miele-delle-dolomiti-bellunesi-d-o-p\/","name":"Honig der Dolomiti Bellunesi - Dolomiti Prealpi","isPartOf":{"@id":"https:\/\/www.dolomitiprealpi.it\/de\/#website"},"primaryImageOfPage":{"@id":"https:\/\/www.dolomitiprealpi.it\/de\/il-miele-delle-dolomiti-bellunesi-d-o-p\/#primaryimage"},"image":{"@id":"https:\/\/www.dolomitiprealpi.it\/de\/il-miele-delle-dolomiti-bellunesi-d-o-p\/#primaryimage"},"thumbnailUrl":"https:\/\/www.dolomitiprealpi.it\/wp-content\/uploads\/2022\/11\/Miele-delle-Dolomiti-Bellunesi_126.jpg","datePublished":"2024-04-03T13:23:58+00:00","dateModified":"2025-12-14T14:57:53+00:00","description":"Honig der Dolomiti Bellunesi DOP: Bl\u00fctenhonig, Sortenhonig und Honigtau, lange Tradition und Honigfest in Limana.","breadcrumb":{"@id":"https:\/\/www.dolomitiprealpi.it\/de\/il-miele-delle-dolomiti-bellunesi-d-o-p\/#breadcrumb"},"inLanguage":"de-DE","potentialAction":[{"@type":"ReadAction","target":["https:\/\/www.dolomitiprealpi.it\/de\/il-miele-delle-dolomiti-bellunesi-d-o-p\/"]}]},{"@type":"ImageObject","inLanguage":"de-DE","@id":"https:\/\/www.dolomitiprealpi.it\/de\/il-miele-delle-dolomiti-bellunesi-d-o-p\/#primaryimage","url":"https:\/\/www.dolomitiprealpi.it\/wp-content\/uploads\/2022\/11\/Miele-delle-Dolomiti-Bellunesi_126.jpg","contentUrl":"https:\/\/www.dolomitiprealpi.it\/wp-content\/uploads\/2022\/11\/Miele-delle-Dolomiti-Bellunesi_126.jpg","width":1900,"height":1266},{"@type":"BreadcrumbList","@id":"https:\/\/www.dolomitiprealpi.it\/de\/il-miele-delle-dolomiti-bellunesi-d-o-p\/#breadcrumb","itemListElement":[{"@type":"ListItem","position":1,"name":"Home","item":"https:\/\/www.dolomitiprealpi.it\/de\/"},{"@type":"ListItem","position":2,"name":"Honig der Dolomiti Bellunesi"}]},{"@type":"WebSite","@id":"https:\/\/www.dolomitiprealpi.it\/de\/#website","url":"https:\/\/www.dolomitiprealpi.it\/de\/","name":"Dolomiti Prealpi","description":"","publisher":{"@id":"https:\/\/www.dolomitiprealpi.it\/de\/#organization"},"potentialAction":[{"@type":"SearchAction","target":{"@type":"EntryPoint","urlTemplate":"https:\/\/www.dolomitiprealpi.it\/de\/?s={search_term_string}"},"query-input":{"@type":"PropertyValueSpecification","valueRequired":true,"valueName":"search_term_string"}}],"inLanguage":"de-DE"},{"@type":"Organization","@id":"https:\/\/www.dolomitiprealpi.it\/de\/#organization","name":"Consorzio Dolomiti Prealpi","url":"https:\/\/www.dolomitiprealpi.it\/de\/","logo":{"@type":"ImageObject","inLanguage":"de-DE","@id":"https:\/\/www.dolomitiprealpi.it\/de\/#\/schema\/logo\/image\/","url":"https:\/\/www.dolomitiprealpi.it\/wp-content\/uploads\/2023\/03\/dolomitiprealpi-favicon.jpg","contentUrl":"https:\/\/www.dolomitiprealpi.it\/wp-content\/uploads\/2023\/03\/dolomitiprealpi-favicon.jpg","width":512,"height":512,"caption":"Consorzio Dolomiti Prealpi"},"image":{"@id":"https:\/\/www.dolomitiprealpi.it\/de\/#\/schema\/logo\/image\/"},"sameAs":["https:\/\/www.facebook.com\/dolomitiprealpi.it\/","https:\/\/www.instagram.com\/dolomitiprealpi\/"]},{"@type":"Person","@id":"https:\/\/www.dolomitiprealpi.it\/de\/#\/schema\/person\/a63bb4a72330a6f2564a801a3250c1a5","name":"micaela","image":{"@type":"ImageObject","inLanguage":"de-DE","@id":"https:\/\/www.dolomitiprealpi.it\/de\/#\/schema\/person\/image\/","url":"https:\/\/secure.gravatar.com\/avatar\/11ee30fd50fb630944dbd509c8024e51084beaea7483cc01ee9bc67f93010705?s=96&d=mm&r=g","contentUrl":"https:\/\/secure.gravatar.com\/avatar\/11ee30fd50fb630944dbd509c8024e51084beaea7483cc01ee9bc67f93010705?s=96&d=mm&r=g","caption":"micaela"},"url":"https:\/\/www.dolomitiprealpi.it\/de\/author\/micaela\/"}]}},"jetpack_featured_media_url":"https:\/\/www.dolomitiprealpi.it\/wp-content\/uploads\/2022\/11\/Miele-delle-Dolomiti-Bellunesi_126.jpg","_links":{"self":[{"href":"https:\/\/www.dolomitiprealpi.it\/de\/wp-json\/wp\/v2\/posts\/92718","targetHints":{"allow":["GET"]}}],"collection":[{"href":"https:\/\/www.dolomitiprealpi.it\/de\/wp-json\/wp\/v2\/posts"}],"about":[{"href":"https:\/\/www.dolomitiprealpi.it\/de\/wp-json\/wp\/v2\/types\/post"}],"author":[{"embeddable":true,"href":"https:\/\/www.dolomitiprealpi.it\/de\/wp-json\/wp\/v2\/users\/9"}],"replies":[{"embeddable":true,"href":"https:\/\/www.dolomitiprealpi.it\/de\/wp-json\/wp\/v2\/comments?post=92718"}],"version-history":[{"count":1,"href":"https:\/\/www.dolomitiprealpi.it\/de\/wp-json\/wp\/v2\/posts\/92718\/revisions"}],"predecessor-version":[{"id":92722,"href":"https:\/\/www.dolomitiprealpi.it\/de\/wp-json\/wp\/v2\/posts\/92718\/revisions\/92722"}],"wp:featuredmedia":[{"embeddable":true,"href":"https:\/\/www.dolomitiprealpi.it\/de\/wp-json\/wp\/v2\/media\/3196"}],"wp:attachment":[{"href":"https:\/\/www.dolomitiprealpi.it\/de\/wp-json\/wp\/v2\/media?parent=92718"}],"wp:term":[{"taxonomy":"category","embeddable":true,"href":"https:\/\/www.dolomitiprealpi.it\/de\/wp-json\/wp\/v2\/categories?post=92718"},{"taxonomy":"post_tag","embeddable":true,"href":"https:\/\/www.dolomitiprealpi.it\/de\/wp-json\/wp\/v2\/tags?post=92718"}],"curies":[{"name":"wp","href":"https:\/\/api.w.org\/{rel}","templated":true}]}}