{"id":80782,"date":"2025-02-10T13:21:23","date_gmt":"2025-02-10T12:21:23","guid":{"rendered":"https:\/\/www.dolomitiprealpi.it\/sbizzera-s-r-l\/"},"modified":"2026-04-23T17:14:49","modified_gmt":"2026-04-23T15:14:49","slug":"sbizzera-s-r-l","status":"publish","type":"post","link":"https:\/\/www.dolomitiprealpi.it\/de\/sbizzera-s-r-l\/","title":{"rendered":"Sbizzera viaggi S.r.l."},"content":{"rendered":"<p>Dienstleistungen mit Bus <\/p>\n<ul>\n<li>Minibus-Service<\/li>\n<li>\u00d6ffentlicher Nahverkehr<\/li>\n<li>Inlands- und Auslandsreisen in h\u00f6chstem Komfort<\/li>\n<li>Schulausfl\u00fcge. Reisepakete. Technische Organisation mit unserem Reiseb\u00fcro.<\/li>\n<li>Jagdbegleitservice mit Transport eigener Tiere. Angeldienste.<\/li>\n<li>Service mit PKWs: Granturismo<\/li>\n<li>Inlands- und Auslandsreisen in h\u00f6chstem Komfort.<\/li>\n<\/ul>\n<p>Historische Hinweise<\/p>\n<p>Unser Unternehmen beginnt seine Reise im 1925, als Ugo Sbizzera, ein junger Mann mit der Leidenschaft f\u00fcr Motoren, beschlie\u00dft, dass es auch f\u00fcr sein Land an der Zeit ist, einen \u00f6ffentlichen Personentransportdienst anzubieten. Mit ein wenig Geld und viel Mut gr\u00fcndet er einen Mietwagenservice im Gemeinde von Alano Di Piave in der Provinz Belluno.  In den 30er Jahren entschied er sich, dem Autovermietungsservice auch einen Linienverkehr mit zwei Bussen (einer SPA und einem Fiat 18p) hinzuzuf\u00fcgen, um die Menschen zu den M\u00e4rkten zu bringen.<\/p>\n<p>&nbsp;In jenen Jahren entstehen die Linien Alano-Valdobbiadene, Alano-Montebelluna und Alano-Feltre. T\u00e4glich verband der Linienverkehr zudem den Bahnhof Alano-Fener mit der Gemeinde Alano di Piave (einschlie\u00dflich der Frazioni) im Anschluss an die Z\u00fcge.<\/p>\n<p> Im Jahr 1932 kaufte er einen Fiat 507 f\u00fcr den Linienverkehr und einen f\u00fcr den Tourismus. W\u00e4hrend des Zweiten Weltkriegs wurde der Linienverkehr eingestellt, w\u00e4hrend der Mietwagenservice weiterhin funktionierte.  1947 \u00fcbernahm Ruggero Sbizzera, der Sohn von Ugo, die F\u00fchrung des Unternehmens. Er, gest\u00fctzt auf eine aufmerksame und energische Frau an seiner Seite, begann, im Laufe der Jahre das Unternehmen auszubauen, und kaufte 1960 einen Fiat 626 Orlandi, 1965 einen Fiat Tigrotto und 1970 einen Fiat 642 Orlandi; alle Fahrzeuge wurden f\u00fcr die Dienste des \u00f6ffentlichen und schulischen Verkehrs sowie f\u00fcr Gruppentourismus eingesetzt.<\/p>\n<p> Von 1970 bis 1988 konsolidierte sich das Unternehmen Sbizzera und es wurden ein Fiat 308 Barbi, ein Fiat 343 Barbi und ein Fiat 314 Padane angeschafft.<\/p>\n<p>1988 \u00fcbernahm Adriano, der Sohn von Ruggero, die dritte Generation der Sbizzera in die Unternehmensf\u00fchrung. Adriano begann sofort, das Unternehmen auf das neue Jahrtausend vorzubereiten, indem er es computerisierte, alle Sicherheitsvorschriften und Brandschutzma\u00dfnahmen am Arbeitsplatz gewissenhaft anwendete und alle Aspekte priorisierte, die zur Steigerung der Servicequalit\u00e4t f\u00fcr den Kunden beitragen. <\/p>\n","protected":false},"excerpt":{"rendered":"<p>Dienstleistungen mit Bus Minibus-Service \u00d6ffentlicher Nahverkehr Inlands- und Auslandsreisen in h\u00f6chstem Komfort Schulausfl\u00fcge. Reisepakete. Technische Organisation mit unserem Reiseb\u00fcro. Jagdbegleitservice mit Transport eigener Tiere. Angeldienste. Service mit PKWs: Granturismo Inlands-<\/p>\n","protected":false},"author":0,"featured_media":0,"comment_status":"closed","ping_status":"open","sticky":false,"template":"","format":"standard","meta":{"_acf_changed":false,"inline_featured_image":false,"footnotes":""},"categories":[354,1],"tags":[122,285,234,286,287,121],"class_list":["post-80782","post","type-post","status-publish","format-standard","hentry","category-mobilitat-leicht-gemacht","category-uncategorized","tag-feratel-sync","tag-feratel-sync-de","tag-poi","tag-poi-de","tag-punti-interesse-feratel-de","tag-punti-interesse-feratel"],"acf":[],"yoast_head":"<!-- This site is optimized with the Yoast SEO plugin v25.7 - https:\/\/yoast.com\/wordpress\/plugins\/seo\/ -->\n<title>Sbizzera viaggi S.r.l. - Dolomiti Prealpi<\/title>\n<meta name=\"robots\" content=\"index, follow, max-snippet:-1, max-image-preview:large, max-video-preview:-1\" \/>\n<link rel=\"canonical\" href=\"https:\/\/www.dolomitiprealpi.it\/de\/sbizzera-s-r-l\/\" \/>\n<meta property=\"og:locale\" content=\"de_DE\" \/>\n<meta property=\"og:type\" content=\"article\" \/>\n<meta property=\"og:title\" content=\"Sbizzera viaggi S.r.l. - Dolomiti Prealpi\" \/>\n<meta property=\"og:description\" content=\"Dienstleistungen mit Bus Minibus-Service \u00d6ffentlicher Nahverkehr Inlands- und Auslandsreisen in h\u00f6chstem Komfort Schulausfl\u00fcge. Reisepakete. Technische Organisation mit unserem Reiseb\u00fcro. Jagdbegleitservice mit Transport eigener Tiere. Angeldienste. Service mit PKWs: Granturismo Inlands-\" \/>\n<meta property=\"og:url\" content=\"https:\/\/www.dolomitiprealpi.it\/de\/sbizzera-s-r-l\/\" \/>\n<meta property=\"og:site_name\" content=\"Dolomiti Prealpi\" \/>\n<meta property=\"article:publisher\" content=\"https:\/\/www.facebook.com\/dolomitiprealpi.it\/\" \/>\n<meta property=\"article:published_time\" content=\"2025-02-10T12:21:23+00:00\" \/>\n<meta property=\"article:modified_time\" content=\"2026-04-23T15:14:49+00:00\" \/>\n<meta property=\"og:image\" content=\"https:\/\/www.dolomitiprealpi.it\/wp-content\/uploads\/2022\/11\/C.-Timpone-Foto-archivio-Consorzio-turistico-Dolomiti-Prealpi-Nevegal-Belluno-Bike-18-2.jpg\" \/>\n\t<meta property=\"og:image:width\" content=\"2048\" \/>\n\t<meta property=\"og:image:height\" content=\"1888\" \/>\n\t<meta property=\"og:image:type\" content=\"image\/jpeg\" \/>\n<meta name=\"twitter:card\" content=\"summary_large_image\" \/>\n<meta name=\"twitter:label1\" content=\"Est. reading time\" \/>\n\t<meta name=\"twitter:data1\" content=\"2 minutes\" \/>\n<script type=\"application\/ld+json\" class=\"yoast-schema-graph\">{\"@context\":\"https:\/\/schema.org\",\"@graph\":[{\"@type\":\"Article\",\"@id\":\"https:\/\/www.dolomitiprealpi.it\/de\/sbizzera-s-r-l\/#article\",\"isPartOf\":{\"@id\":\"https:\/\/www.dolomitiprealpi.it\/de\/sbizzera-s-r-l\/\"},\"author\":{\"name\":\"\",\"@id\":\"\"},\"headline\":\"Sbizzera viaggi S.r.l.\",\"datePublished\":\"2025-02-10T12:21:23+00:00\",\"dateModified\":\"2026-04-23T15:14:49+00:00\",\"mainEntityOfPage\":{\"@id\":\"https:\/\/www.dolomitiprealpi.it\/de\/sbizzera-s-r-l\/\"},\"wordCount\":337,\"publisher\":{\"@id\":\"https:\/\/www.dolomitiprealpi.it\/de\/#organization\"},\"keywords\":[\"Feratel sync\",\"Feratel sync\",\"POI\",\"POI\",\"Punti interesse Feratel\",\"Punti interesse Feratel\"],\"articleSection\":[\"Mobilit\u00e4t leicht gemacht\"],\"inLanguage\":\"de-DE\"},{\"@type\":\"WebPage\",\"@id\":\"https:\/\/www.dolomitiprealpi.it\/de\/sbizzera-s-r-l\/\",\"url\":\"https:\/\/www.dolomitiprealpi.it\/de\/sbizzera-s-r-l\/\",\"name\":\"Sbizzera viaggi S.r.l. - Dolomiti Prealpi\",\"isPartOf\":{\"@id\":\"https:\/\/www.dolomitiprealpi.it\/de\/#website\"},\"datePublished\":\"2025-02-10T12:21:23+00:00\",\"dateModified\":\"2026-04-23T15:14:49+00:00\",\"breadcrumb\":{\"@id\":\"https:\/\/www.dolomitiprealpi.it\/de\/sbizzera-s-r-l\/#breadcrumb\"},\"inLanguage\":\"de-DE\",\"potentialAction\":[{\"@type\":\"ReadAction\",\"target\":[\"https:\/\/www.dolomitiprealpi.it\/de\/sbizzera-s-r-l\/\"]}]},{\"@type\":\"BreadcrumbList\",\"@id\":\"https:\/\/www.dolomitiprealpi.it\/de\/sbizzera-s-r-l\/#breadcrumb\",\"itemListElement\":[{\"@type\":\"ListItem\",\"position\":1,\"name\":\"Home\",\"item\":\"https:\/\/www.dolomitiprealpi.it\/de\/\"},{\"@type\":\"ListItem\",\"position\":2,\"name\":\"Sbizzera viaggi S.r.l.\"}]},{\"@type\":\"WebSite\",\"@id\":\"https:\/\/www.dolomitiprealpi.it\/de\/#website\",\"url\":\"https:\/\/www.dolomitiprealpi.it\/de\/\",\"name\":\"Dolomiti Prealpi\",\"description\":\"\",\"publisher\":{\"@id\":\"https:\/\/www.dolomitiprealpi.it\/de\/#organization\"},\"potentialAction\":[{\"@type\":\"SearchAction\",\"target\":{\"@type\":\"EntryPoint\",\"urlTemplate\":\"https:\/\/www.dolomitiprealpi.it\/de\/?s={search_term_string}\"},\"query-input\":{\"@type\":\"PropertyValueSpecification\",\"valueRequired\":true,\"valueName\":\"search_term_string\"}}],\"inLanguage\":\"de-DE\"},{\"@type\":\"Organization\",\"@id\":\"https:\/\/www.dolomitiprealpi.it\/de\/#organization\",\"name\":\"Consorzio Dolomiti Prealpi\",\"url\":\"https:\/\/www.dolomitiprealpi.it\/de\/\",\"logo\":{\"@type\":\"ImageObject\",\"inLanguage\":\"de-DE\",\"@id\":\"https:\/\/www.dolomitiprealpi.it\/de\/#\/schema\/logo\/image\/\",\"url\":\"https:\/\/www.dolomitiprealpi.it\/wp-content\/uploads\/2023\/03\/dolomitiprealpi-favicon.jpg\",\"contentUrl\":\"https:\/\/www.dolomitiprealpi.it\/wp-content\/uploads\/2023\/03\/dolomitiprealpi-favicon.jpg\",\"width\":512,\"height\":512,\"caption\":\"Consorzio Dolomiti Prealpi\"},\"image\":{\"@id\":\"https:\/\/www.dolomitiprealpi.it\/de\/#\/schema\/logo\/image\/\"},\"sameAs\":[\"https:\/\/www.facebook.com\/dolomitiprealpi.it\/\",\"https:\/\/www.instagram.com\/dolomitiprealpi\/\"]}]}<\/script>\n<!-- \/ Yoast SEO plugin. -->","yoast_head_json":{"title":"Sbizzera viaggi S.r.l. - Dolomiti Prealpi","robots":{"index":"index","follow":"follow","max-snippet":"max-snippet:-1","max-image-preview":"max-image-preview:large","max-video-preview":"max-video-preview:-1"},"canonical":"https:\/\/www.dolomitiprealpi.it\/de\/sbizzera-s-r-l\/","og_locale":"de_DE","og_type":"article","og_title":"Sbizzera viaggi S.r.l. - Dolomiti Prealpi","og_description":"Dienstleistungen mit Bus Minibus-Service \u00d6ffentlicher Nahverkehr Inlands- und Auslandsreisen in h\u00f6chstem Komfort Schulausfl\u00fcge. Reisepakete. Technische Organisation mit unserem Reiseb\u00fcro. Jagdbegleitservice mit Transport eigener Tiere. Angeldienste. Service mit PKWs: Granturismo Inlands-","og_url":"https:\/\/www.dolomitiprealpi.it\/de\/sbizzera-s-r-l\/","og_site_name":"Dolomiti Prealpi","article_publisher":"https:\/\/www.facebook.com\/dolomitiprealpi.it\/","article_published_time":"2025-02-10T12:21:23+00:00","article_modified_time":"2026-04-23T15:14:49+00:00","og_image":[{"width":2048,"height":1888,"url":"https:\/\/www.dolomitiprealpi.it\/wp-content\/uploads\/2022\/11\/C.-Timpone-Foto-archivio-Consorzio-turistico-Dolomiti-Prealpi-Nevegal-Belluno-Bike-18-2.jpg","type":"image\/jpeg"}],"twitter_card":"summary_large_image","twitter_misc":{"Est. reading time":"2 minutes"},"schema":{"@context":"https:\/\/schema.org","@graph":[{"@type":"Article","@id":"https:\/\/www.dolomitiprealpi.it\/de\/sbizzera-s-r-l\/#article","isPartOf":{"@id":"https:\/\/www.dolomitiprealpi.it\/de\/sbizzera-s-r-l\/"},"author":{"name":"","@id":""},"headline":"Sbizzera viaggi S.r.l.","datePublished":"2025-02-10T12:21:23+00:00","dateModified":"2026-04-23T15:14:49+00:00","mainEntityOfPage":{"@id":"https:\/\/www.dolomitiprealpi.it\/de\/sbizzera-s-r-l\/"},"wordCount":337,"publisher":{"@id":"https:\/\/www.dolomitiprealpi.it\/de\/#organization"},"keywords":["Feratel sync","Feratel sync","POI","POI","Punti interesse Feratel","Punti interesse Feratel"],"articleSection":["Mobilit\u00e4t leicht gemacht"],"inLanguage":"de-DE"},{"@type":"WebPage","@id":"https:\/\/www.dolomitiprealpi.it\/de\/sbizzera-s-r-l\/","url":"https:\/\/www.dolomitiprealpi.it\/de\/sbizzera-s-r-l\/","name":"Sbizzera viaggi S.r.l. - Dolomiti Prealpi","isPartOf":{"@id":"https:\/\/www.dolomitiprealpi.it\/de\/#website"},"datePublished":"2025-02-10T12:21:23+00:00","dateModified":"2026-04-23T15:14:49+00:00","breadcrumb":{"@id":"https:\/\/www.dolomitiprealpi.it\/de\/sbizzera-s-r-l\/#breadcrumb"},"inLanguage":"de-DE","potentialAction":[{"@type":"ReadAction","target":["https:\/\/www.dolomitiprealpi.it\/de\/sbizzera-s-r-l\/"]}]},{"@type":"BreadcrumbList","@id":"https:\/\/www.dolomitiprealpi.it\/de\/sbizzera-s-r-l\/#breadcrumb","itemListElement":[{"@type":"ListItem","position":1,"name":"Home","item":"https:\/\/www.dolomitiprealpi.it\/de\/"},{"@type":"ListItem","position":2,"name":"Sbizzera viaggi S.r.l."}]},{"@type":"WebSite","@id":"https:\/\/www.dolomitiprealpi.it\/de\/#website","url":"https:\/\/www.dolomitiprealpi.it\/de\/","name":"Dolomiti Prealpi","description":"","publisher":{"@id":"https:\/\/www.dolomitiprealpi.it\/de\/#organization"},"potentialAction":[{"@type":"SearchAction","target":{"@type":"EntryPoint","urlTemplate":"https:\/\/www.dolomitiprealpi.it\/de\/?s={search_term_string}"},"query-input":{"@type":"PropertyValueSpecification","valueRequired":true,"valueName":"search_term_string"}}],"inLanguage":"de-DE"},{"@type":"Organization","@id":"https:\/\/www.dolomitiprealpi.it\/de\/#organization","name":"Consorzio Dolomiti Prealpi","url":"https:\/\/www.dolomitiprealpi.it\/de\/","logo":{"@type":"ImageObject","inLanguage":"de-DE","@id":"https:\/\/www.dolomitiprealpi.it\/de\/#\/schema\/logo\/image\/","url":"https:\/\/www.dolomitiprealpi.it\/wp-content\/uploads\/2023\/03\/dolomitiprealpi-favicon.jpg","contentUrl":"https:\/\/www.dolomitiprealpi.it\/wp-content\/uploads\/2023\/03\/dolomitiprealpi-favicon.jpg","width":512,"height":512,"caption":"Consorzio Dolomiti Prealpi"},"image":{"@id":"https:\/\/www.dolomitiprealpi.it\/de\/#\/schema\/logo\/image\/"},"sameAs":["https:\/\/www.facebook.com\/dolomitiprealpi.it\/","https:\/\/www.instagram.com\/dolomitiprealpi\/"]}]}},"jetpack_featured_media_url":"","_links":{"self":[{"href":"https:\/\/www.dolomitiprealpi.it\/de\/wp-json\/wp\/v2\/posts\/80782","targetHints":{"allow":["GET"]}}],"collection":[{"href":"https:\/\/www.dolomitiprealpi.it\/de\/wp-json\/wp\/v2\/posts"}],"about":[{"href":"https:\/\/www.dolomitiprealpi.it\/de\/wp-json\/wp\/v2\/types\/post"}],"replies":[{"embeddable":true,"href":"https:\/\/www.dolomitiprealpi.it\/de\/wp-json\/wp\/v2\/comments?post=80782"}],"version-history":[{"count":2,"href":"https:\/\/www.dolomitiprealpi.it\/de\/wp-json\/wp\/v2\/posts\/80782\/revisions"}],"predecessor-version":[{"id":98145,"href":"https:\/\/www.dolomitiprealpi.it\/de\/wp-json\/wp\/v2\/posts\/80782\/revisions\/98145"}],"wp:attachment":[{"href":"https:\/\/www.dolomitiprealpi.it\/de\/wp-json\/wp\/v2\/media?parent=80782"}],"wp:term":[{"taxonomy":"category","embeddable":true,"href":"https:\/\/www.dolomitiprealpi.it\/de\/wp-json\/wp\/v2\/categories?post=80782"},{"taxonomy":"post_tag","embeddable":true,"href":"https:\/\/www.dolomitiprealpi.it\/de\/wp-json\/wp\/v2\/tags?post=80782"}],"curies":[{"name":"wp","href":"https:\/\/api.w.org\/{rel}","templated":true}]}}