{"id":80585,"date":"2023-06-11T12:14:59","date_gmt":"2023-06-11T10:14:59","guid":{"rendered":"https:\/\/www.dolomitiprealpi.it\/molino-stien-dal-1948\/"},"modified":"2026-04-23T16:55:44","modified_gmt":"2026-04-23T14:55:44","slug":"molino-stien-dal-1948","status":"publish","type":"post","link":"https:\/\/www.dolomitiprealpi.it\/de\/molino-stien-dal-1948\/","title":{"rendered":"Molino Stien dal 1948"},"content":{"rendered":"<p>Seit 1848 garantiert die Familie STIEN von Generation zu Generation die Qualit\u00e4t. <\/p>\n<p>Seit 1848 garantiert die Familie STIEN von Generation zu Generation die Qualit\u00e4t.<\/p>\n<\/p>\n<p>Heute hat uns der kontinuierliche technologische Fortschritt, verbunden mit Erfahrung, zu einer wichtigen Neuheit im Bereich der Mehlsorten gef\u00fchrt: \u201edie Vakuumverpackung von Maismehl f\u00fcr Polenta in 1 kg Taschen\u201c<\/p>\n<p>Die Vakuumverpackung gew\u00e4hrleistet, dass das Produkt \u00fcber die Zeit das urspr\u00fcngliche Aroma und den Geschmack, die Integrit\u00e4t der N\u00e4hrwerte beibeh\u00e4lt und eine nat\u00fcrliche Verf\u00e4lschung des Maismehls \u00fcber l\u00e4ngere Zeitr\u00e4ume verhindert.<\/p>\n<p><b>Die M\u00fchle<\/b><\/p>\n<p><b>DER AMBIENTALEN STANDORT<\/b><\/p>\n<p>Die M\u00fchle befindet sich in Feltre (in der Provinz Belluno), einer Stadt, die sich entlang des Tals am Fu\u00df der Belluneser Dolomiten entwickelt hat.<\/p>\n<p><b>DIe FIRMA<\/b><\/p>\n<p>Die M\u00fchle Stien hat 170 Jahre erreicht. Das Unternehmen wurde am 9. September 1848 von der Familie erworben.<br \/>Die Einrichtung ist von Generation zu Generation weitergegeben worden und wird derzeit von Franco und Federica Stien geleitet. Die Geschichte und die Qualit\u00e4t der Produkte machen sie zu einer wichtigen Realit\u00e4t.<br \/>Die Hauptprodukte sind: Polentamehl, Kuchenmehl, Brot und Tierfutter. Die verwendeten Rohstoffe stammen ausschlie\u00dflich von landwirtschaftlichen Betrieben in unserer Region.<br \/>Im Laufe der Zeit wurden neue Technologien eingef\u00fchrt, um die Qualit\u00e4tskontrolle der verschiedenen Produktionsprozesse effektiver zu gestalten. Wenn man dennoch die Geschm\u00e4cker von vor 100 Jahren genie\u00dfen m\u00f6chte, haben wir Vollkornprodukte, die alle Vitamine und Mineralstoffe erhalten, die im Inneren des Korns vorhanden sind, und mit Getreide aus unserer Region hergestellt werden.<\/p>\n<p>Alle unsere Produkte auf reinem Maisbasis sind<b> GLUTENFREI.<\/b><\/p>\n","protected":false},"excerpt":{"rendered":"<p>Seit 1848 garantiert die Familie STIEN von Generation zu Generation die Qualit\u00e4t. Seit 1848 garantiert die Familie STIEN von Generation zu Generation die Qualit\u00e4t. Heute hat uns der kontinuierliche technologische<\/p>\n","protected":false},"author":0,"featured_media":0,"comment_status":"closed","ping_status":"open","sticky":false,"template":"","format":"standard","meta":{"_acf_changed":false,"inline_featured_image":false,"footnotes":""},"categories":[343,1],"tags":[285,122,286,234,287,121],"class_list":["post-80585","post","type-post","status-publish","format-standard","hentry","category-shopping-de","category-uncategorized","tag-feratel-sync-de","tag-feratel-sync","tag-poi-de","tag-poi","tag-punti-interesse-feratel-de","tag-punti-interesse-feratel"],"acf":[],"yoast_head":"<!-- This site is optimized with the Yoast SEO plugin v25.7 - https:\/\/yoast.com\/wordpress\/plugins\/seo\/ -->\n<title>Molino Stien dal 1948 - Dolomiti Prealpi<\/title>\n<meta name=\"robots\" content=\"index, follow, max-snippet:-1, max-image-preview:large, max-video-preview:-1\" \/>\n<link rel=\"canonical\" href=\"https:\/\/www.dolomitiprealpi.it\/de\/molino-stien-dal-1948\/\" \/>\n<meta property=\"og:locale\" content=\"de_DE\" \/>\n<meta property=\"og:type\" content=\"article\" \/>\n<meta property=\"og:title\" content=\"Molino Stien dal 1948 - Dolomiti Prealpi\" \/>\n<meta property=\"og:description\" content=\"Seit 1848 garantiert die Familie STIEN von Generation zu Generation die Qualit\u00e4t. Seit 1848 garantiert die Familie STIEN von Generation zu Generation die Qualit\u00e4t. Heute hat uns der kontinuierliche technologische\" \/>\n<meta property=\"og:url\" content=\"https:\/\/www.dolomitiprealpi.it\/de\/molino-stien-dal-1948\/\" \/>\n<meta property=\"og:site_name\" content=\"Dolomiti Prealpi\" \/>\n<meta property=\"article:publisher\" content=\"https:\/\/www.facebook.com\/dolomitiprealpi.it\/\" \/>\n<meta property=\"article:published_time\" content=\"2023-06-11T10:14:59+00:00\" \/>\n<meta property=\"article:modified_time\" content=\"2026-04-23T14:55:44+00:00\" \/>\n<meta property=\"og:image\" content=\"https:\/\/www.dolomitiprealpi.it\/wp-content\/uploads\/2022\/11\/C.-Timpone-Foto-archivio-Consorzio-turistico-Dolomiti-Prealpi-Nevegal-Belluno-Bike-18-2.jpg\" \/>\n\t<meta property=\"og:image:width\" content=\"2048\" \/>\n\t<meta property=\"og:image:height\" content=\"1888\" \/>\n\t<meta property=\"og:image:type\" content=\"image\/jpeg\" \/>\n<meta name=\"twitter:card\" content=\"summary_large_image\" \/>\n<meta name=\"twitter:label1\" content=\"Est. reading time\" \/>\n\t<meta name=\"twitter:data1\" content=\"1 minute\" \/>\n<script type=\"application\/ld+json\" class=\"yoast-schema-graph\">{\"@context\":\"https:\/\/schema.org\",\"@graph\":[{\"@type\":\"Article\",\"@id\":\"https:\/\/www.dolomitiprealpi.it\/de\/molino-stien-dal-1948\/#article\",\"isPartOf\":{\"@id\":\"https:\/\/www.dolomitiprealpi.it\/de\/molino-stien-dal-1948\/\"},\"author\":{\"name\":\"\",\"@id\":\"\"},\"headline\":\"Molino Stien dal 1948\",\"datePublished\":\"2023-06-11T10:14:59+00:00\",\"dateModified\":\"2026-04-23T14:55:44+00:00\",\"mainEntityOfPage\":{\"@id\":\"https:\/\/www.dolomitiprealpi.it\/de\/molino-stien-dal-1948\/\"},\"wordCount\":262,\"publisher\":{\"@id\":\"https:\/\/www.dolomitiprealpi.it\/de\/#organization\"},\"keywords\":[\"Feratel sync\",\"Feratel sync\",\"POI\",\"POI\",\"Punti interesse Feratel\",\"Punti interesse Feratel\"],\"articleSection\":[\"Shopping\"],\"inLanguage\":\"de-DE\"},{\"@type\":\"WebPage\",\"@id\":\"https:\/\/www.dolomitiprealpi.it\/de\/molino-stien-dal-1948\/\",\"url\":\"https:\/\/www.dolomitiprealpi.it\/de\/molino-stien-dal-1948\/\",\"name\":\"Molino Stien dal 1948 - Dolomiti Prealpi\",\"isPartOf\":{\"@id\":\"https:\/\/www.dolomitiprealpi.it\/de\/#website\"},\"datePublished\":\"2023-06-11T10:14:59+00:00\",\"dateModified\":\"2026-04-23T14:55:44+00:00\",\"breadcrumb\":{\"@id\":\"https:\/\/www.dolomitiprealpi.it\/de\/molino-stien-dal-1948\/#breadcrumb\"},\"inLanguage\":\"de-DE\",\"potentialAction\":[{\"@type\":\"ReadAction\",\"target\":[\"https:\/\/www.dolomitiprealpi.it\/de\/molino-stien-dal-1948\/\"]}]},{\"@type\":\"BreadcrumbList\",\"@id\":\"https:\/\/www.dolomitiprealpi.it\/de\/molino-stien-dal-1948\/#breadcrumb\",\"itemListElement\":[{\"@type\":\"ListItem\",\"position\":1,\"name\":\"Home\",\"item\":\"https:\/\/www.dolomitiprealpi.it\/de\/\"},{\"@type\":\"ListItem\",\"position\":2,\"name\":\"Molino Stien dal 1948\"}]},{\"@type\":\"WebSite\",\"@id\":\"https:\/\/www.dolomitiprealpi.it\/de\/#website\",\"url\":\"https:\/\/www.dolomitiprealpi.it\/de\/\",\"name\":\"Dolomiti Prealpi\",\"description\":\"\",\"publisher\":{\"@id\":\"https:\/\/www.dolomitiprealpi.it\/de\/#organization\"},\"potentialAction\":[{\"@type\":\"SearchAction\",\"target\":{\"@type\":\"EntryPoint\",\"urlTemplate\":\"https:\/\/www.dolomitiprealpi.it\/de\/?s={search_term_string}\"},\"query-input\":{\"@type\":\"PropertyValueSpecification\",\"valueRequired\":true,\"valueName\":\"search_term_string\"}}],\"inLanguage\":\"de-DE\"},{\"@type\":\"Organization\",\"@id\":\"https:\/\/www.dolomitiprealpi.it\/de\/#organization\",\"name\":\"Consorzio Dolomiti Prealpi\",\"url\":\"https:\/\/www.dolomitiprealpi.it\/de\/\",\"logo\":{\"@type\":\"ImageObject\",\"inLanguage\":\"de-DE\",\"@id\":\"https:\/\/www.dolomitiprealpi.it\/de\/#\/schema\/logo\/image\/\",\"url\":\"https:\/\/www.dolomitiprealpi.it\/wp-content\/uploads\/2023\/03\/dolomitiprealpi-favicon.jpg\",\"contentUrl\":\"https:\/\/www.dolomitiprealpi.it\/wp-content\/uploads\/2023\/03\/dolomitiprealpi-favicon.jpg\",\"width\":512,\"height\":512,\"caption\":\"Consorzio Dolomiti Prealpi\"},\"image\":{\"@id\":\"https:\/\/www.dolomitiprealpi.it\/de\/#\/schema\/logo\/image\/\"},\"sameAs\":[\"https:\/\/www.facebook.com\/dolomitiprealpi.it\/\",\"https:\/\/www.instagram.com\/dolomitiprealpi\/\"]}]}<\/script>\n<!-- \/ Yoast SEO plugin. -->","yoast_head_json":{"title":"Molino Stien dal 1948 - Dolomiti Prealpi","robots":{"index":"index","follow":"follow","max-snippet":"max-snippet:-1","max-image-preview":"max-image-preview:large","max-video-preview":"max-video-preview:-1"},"canonical":"https:\/\/www.dolomitiprealpi.it\/de\/molino-stien-dal-1948\/","og_locale":"de_DE","og_type":"article","og_title":"Molino Stien dal 1948 - Dolomiti Prealpi","og_description":"Seit 1848 garantiert die Familie STIEN von Generation zu Generation die Qualit\u00e4t. Seit 1848 garantiert die Familie STIEN von Generation zu Generation die Qualit\u00e4t. Heute hat uns der kontinuierliche technologische","og_url":"https:\/\/www.dolomitiprealpi.it\/de\/molino-stien-dal-1948\/","og_site_name":"Dolomiti Prealpi","article_publisher":"https:\/\/www.facebook.com\/dolomitiprealpi.it\/","article_published_time":"2023-06-11T10:14:59+00:00","article_modified_time":"2026-04-23T14:55:44+00:00","og_image":[{"width":2048,"height":1888,"url":"https:\/\/www.dolomitiprealpi.it\/wp-content\/uploads\/2022\/11\/C.-Timpone-Foto-archivio-Consorzio-turistico-Dolomiti-Prealpi-Nevegal-Belluno-Bike-18-2.jpg","type":"image\/jpeg"}],"twitter_card":"summary_large_image","twitter_misc":{"Est. reading time":"1 minute"},"schema":{"@context":"https:\/\/schema.org","@graph":[{"@type":"Article","@id":"https:\/\/www.dolomitiprealpi.it\/de\/molino-stien-dal-1948\/#article","isPartOf":{"@id":"https:\/\/www.dolomitiprealpi.it\/de\/molino-stien-dal-1948\/"},"author":{"name":"","@id":""},"headline":"Molino Stien dal 1948","datePublished":"2023-06-11T10:14:59+00:00","dateModified":"2026-04-23T14:55:44+00:00","mainEntityOfPage":{"@id":"https:\/\/www.dolomitiprealpi.it\/de\/molino-stien-dal-1948\/"},"wordCount":262,"publisher":{"@id":"https:\/\/www.dolomitiprealpi.it\/de\/#organization"},"keywords":["Feratel sync","Feratel sync","POI","POI","Punti interesse Feratel","Punti interesse Feratel"],"articleSection":["Shopping"],"inLanguage":"de-DE"},{"@type":"WebPage","@id":"https:\/\/www.dolomitiprealpi.it\/de\/molino-stien-dal-1948\/","url":"https:\/\/www.dolomitiprealpi.it\/de\/molino-stien-dal-1948\/","name":"Molino Stien dal 1948 - Dolomiti Prealpi","isPartOf":{"@id":"https:\/\/www.dolomitiprealpi.it\/de\/#website"},"datePublished":"2023-06-11T10:14:59+00:00","dateModified":"2026-04-23T14:55:44+00:00","breadcrumb":{"@id":"https:\/\/www.dolomitiprealpi.it\/de\/molino-stien-dal-1948\/#breadcrumb"},"inLanguage":"de-DE","potentialAction":[{"@type":"ReadAction","target":["https:\/\/www.dolomitiprealpi.it\/de\/molino-stien-dal-1948\/"]}]},{"@type":"BreadcrumbList","@id":"https:\/\/www.dolomitiprealpi.it\/de\/molino-stien-dal-1948\/#breadcrumb","itemListElement":[{"@type":"ListItem","position":1,"name":"Home","item":"https:\/\/www.dolomitiprealpi.it\/de\/"},{"@type":"ListItem","position":2,"name":"Molino Stien dal 1948"}]},{"@type":"WebSite","@id":"https:\/\/www.dolomitiprealpi.it\/de\/#website","url":"https:\/\/www.dolomitiprealpi.it\/de\/","name":"Dolomiti Prealpi","description":"","publisher":{"@id":"https:\/\/www.dolomitiprealpi.it\/de\/#organization"},"potentialAction":[{"@type":"SearchAction","target":{"@type":"EntryPoint","urlTemplate":"https:\/\/www.dolomitiprealpi.it\/de\/?s={search_term_string}"},"query-input":{"@type":"PropertyValueSpecification","valueRequired":true,"valueName":"search_term_string"}}],"inLanguage":"de-DE"},{"@type":"Organization","@id":"https:\/\/www.dolomitiprealpi.it\/de\/#organization","name":"Consorzio Dolomiti Prealpi","url":"https:\/\/www.dolomitiprealpi.it\/de\/","logo":{"@type":"ImageObject","inLanguage":"de-DE","@id":"https:\/\/www.dolomitiprealpi.it\/de\/#\/schema\/logo\/image\/","url":"https:\/\/www.dolomitiprealpi.it\/wp-content\/uploads\/2023\/03\/dolomitiprealpi-favicon.jpg","contentUrl":"https:\/\/www.dolomitiprealpi.it\/wp-content\/uploads\/2023\/03\/dolomitiprealpi-favicon.jpg","width":512,"height":512,"caption":"Consorzio Dolomiti Prealpi"},"image":{"@id":"https:\/\/www.dolomitiprealpi.it\/de\/#\/schema\/logo\/image\/"},"sameAs":["https:\/\/www.facebook.com\/dolomitiprealpi.it\/","https:\/\/www.instagram.com\/dolomitiprealpi\/"]}]}},"jetpack_featured_media_url":"","_links":{"self":[{"href":"https:\/\/www.dolomitiprealpi.it\/de\/wp-json\/wp\/v2\/posts\/80585","targetHints":{"allow":["GET"]}}],"collection":[{"href":"https:\/\/www.dolomitiprealpi.it\/de\/wp-json\/wp\/v2\/posts"}],"about":[{"href":"https:\/\/www.dolomitiprealpi.it\/de\/wp-json\/wp\/v2\/types\/post"}],"replies":[{"embeddable":true,"href":"https:\/\/www.dolomitiprealpi.it\/de\/wp-json\/wp\/v2\/comments?post=80585"}],"version-history":[{"count":1,"href":"https:\/\/www.dolomitiprealpi.it\/de\/wp-json\/wp\/v2\/posts\/80585\/revisions"}],"predecessor-version":[{"id":85536,"href":"https:\/\/www.dolomitiprealpi.it\/de\/wp-json\/wp\/v2\/posts\/80585\/revisions\/85536"}],"wp:attachment":[{"href":"https:\/\/www.dolomitiprealpi.it\/de\/wp-json\/wp\/v2\/media?parent=80585"}],"wp:term":[{"taxonomy":"category","embeddable":true,"href":"https:\/\/www.dolomitiprealpi.it\/de\/wp-json\/wp\/v2\/categories?post=80585"},{"taxonomy":"post_tag","embeddable":true,"href":"https:\/\/www.dolomitiprealpi.it\/de\/wp-json\/wp\/v2\/tags?post=80585"}],"curies":[{"name":"wp","href":"https:\/\/api.w.org\/{rel}","templated":true}]}}