{"id":48903,"date":"2024-09-22T14:38:09","date_gmt":"2024-09-22T12:38:09","guid":{"rendered":"https:\/\/www.dolomitiprealpi.it\/anello-di-modolo\/"},"modified":"2026-04-23T17:25:58","modified_gmt":"2026-04-23T15:25:58","slug":"anello-di-modolo","status":"publish","type":"post","link":"https:\/\/www.dolomitiprealpi.it\/de\/anello-di-modolo\/","title":{"rendered":"Anello di Modolo"},"content":{"rendered":"<p>Ein angenehmer Weg nur wenige Schritte von Belluno entfernt<\/p>\n<p> Rundweg in der <b> Landschaft von Modolo<\/b>, mit Start von der reizvollen <b> Villa Miari-Fulcis<\/b>. <\/p>\n<p> Der Weg ist perfekt f\u00fcr diejenigen, die Ruhe und Frieden in der N\u00e4he von Belluno suchen. <\/p>\n<p> Man startet von der Villa, wo man das Auto parken kann. Das Parken ist kostenlos und ohne reservierte Pl\u00e4tze. Man kann die Villa auch mit dem Stadtbus (gelbe Linie, Haltestelle San Cipriano) erreichen und den 1,6 km langen Weg zur Villa gehen. <\/p>\n<p> Von der Villa Miari Fulcis in Modolo nimmt man den Schotterweg links: Einige Abschnitte sind leicht ansteigend und es gibt verschiedene H\u00fcgel. <\/p>\n<p> Der Weg f\u00fchrt weiter durch das Land, man passiert in der N\u00e4he eines alten Jagdhauses und kehrt schlie\u00dflich zum Ausgangspunkt an der Villa zur\u00fcck. <\/p>\n<p> Alternativ kann der Weg verl\u00e4ngert werden, indem man das Auto an der Bushaltestelle in der Via San Cipriano abstellt und 1,6 km bis zur Villa weitergeht, um dann den Rundweg zu beginnen. <\/p>\n<p> Der Rundweg von Modolo geh\u00f6rt zu den zug\u00e4nglichen Wegen, jedoch wird ein geeigneter Kinderwagen f\u00fcr unebene B\u00f6den (Gel\u00e4nder\u00e4der) und eine Lenkhilfe empfohlen. <\/p>\n<p><b><u>N\u00dcTZLICHE INFORMATIONEN<\/u><\/b><\/p>\n<p><b>Parkplatz<\/b>: Villa Miari Fulcis<\/p>\n<p><b>L\u00e4nge des Weges<\/b>:&nbsp;4 km<\/p>\n<p><b>H\u00f6hendifferenz<\/b>:&nbsp;25 m<\/p>\n<p><b>Schwierigkeit<\/b>: leicht<\/p>\n<p><b>Dauer<\/b>:&nbsp;halber Tag<\/p>\n<p><b>Saison<\/b>: ganzj\u00e4hrig<\/p>\n<p><b>Empfohlene Ausr\u00fcstung<\/b>: angemessene Trekkingkleidung<\/p>\n<p><\/p>\n<p><\/p>\n<p>Man befindet sich in einer nat\u00fcrlichen Umgebung, die Respekt erfordert:<\/p>\n<ul>\n<li>Verbot der Blumenpfl\u00fcckerei<\/li>\n<li>Verbot des Badens<\/li>\n<li>Kein L\u00e4rm<\/li>\n<li>Verbot von offenen Feuern<\/li>\n<li>Keinen M\u00fcll herumliegen lassen, sondern in den vorgesehenen Beh\u00e4ltern entsorgen (auch Zigarettenstummel, Taschent\u00fccher, Masken und Bioabfall)<\/li>\n<li>Minoren m\u00fcssen begleitet werden<\/li>\n<li>Hunde m\u00fcssen an der Leine gef\u00fchrt werden und deren Exkremente m\u00fcssen eingesammelt werden<\/li>\n<li>Den Weg nicht verlassen<\/li>\n<li>Die lokale Tierwelt nicht st\u00f6ren<\/li>\n<\/ul>\n<p>Es wird empfohlen, sich \u00fcber m\u00f6gliche St\u00f6rungen auf der Website der <a href=\"https:\/\/www.arpa.veneto.it\/\">ARPAV<\/a> vor Beginn der Wanderung zu informieren.<\/p>\n","protected":false},"excerpt":{"rendered":"<p>Ein angenehmer Weg nur wenige Schritte von Belluno entfernt Rundweg in der Landschaft von Modolo, mit Start von der reizvollen Villa Miari-Fulcis. Der Weg ist perfekt f\u00fcr diejenigen, die Ruhe<\/p>\n","protected":false},"author":2,"featured_media":0,"comment_status":"closed","ping_status":"open","sticky":false,"template":"","format":"standard","meta":{"_acf_changed":false,"inline_featured_image":false,"footnotes":""},"categories":[1,233],"tags":[285,122,234,286,287,121],"class_list":["post-48903","post","type-post","status-publish","format-standard","hentry","category-uncategorized","category-zwischen-doerfern-villen-und-kirchen","tag-feratel-sync-de","tag-feratel-sync","tag-poi","tag-poi-de","tag-punti-interesse-feratel-de","tag-punti-interesse-feratel"],"acf":[],"yoast_head":"<!-- This site is optimized with the Yoast SEO plugin v25.7 - https:\/\/yoast.com\/wordpress\/plugins\/seo\/ -->\n<title>Anello di Modolo - Dolomiti Prealpi<\/title>\n<meta name=\"robots\" content=\"index, follow, max-snippet:-1, max-image-preview:large, max-video-preview:-1\" \/>\n<link rel=\"canonical\" href=\"https:\/\/www.dolomitiprealpi.it\/de\/anello-di-modolo\/\" \/>\n<meta property=\"og:locale\" content=\"de_DE\" \/>\n<meta property=\"og:type\" content=\"article\" \/>\n<meta property=\"og:title\" content=\"Anello di Modolo - Dolomiti Prealpi\" \/>\n<meta property=\"og:description\" content=\"Ein angenehmer Weg nur wenige Schritte von Belluno entfernt Rundweg in der Landschaft von Modolo, mit Start von der reizvollen Villa Miari-Fulcis. Der Weg ist perfekt f\u00fcr diejenigen, die Ruhe\" \/>\n<meta property=\"og:url\" content=\"https:\/\/www.dolomitiprealpi.it\/de\/anello-di-modolo\/\" \/>\n<meta property=\"og:site_name\" content=\"Dolomiti Prealpi\" \/>\n<meta property=\"article:publisher\" content=\"https:\/\/www.facebook.com\/dolomitiprealpi.it\/\" \/>\n<meta property=\"article:published_time\" content=\"2024-09-22T12:38:09+00:00\" \/>\n<meta property=\"article:modified_time\" content=\"2026-04-23T15:25:58+00:00\" \/>\n<meta property=\"og:image\" content=\"https:\/\/www.dolomitiprealpi.it\/wp-content\/uploads\/2022\/11\/C.-Timpone-Foto-archivio-Consorzio-turistico-Dolomiti-Prealpi-Nevegal-Belluno-Bike-18-2.jpg\" \/>\n\t<meta property=\"og:image:width\" content=\"2048\" \/>\n\t<meta property=\"og:image:height\" content=\"1888\" \/>\n\t<meta property=\"og:image:type\" content=\"image\/jpeg\" \/>\n<meta name=\"author\" content=\"Mapo\" \/>\n<meta name=\"twitter:card\" content=\"summary_large_image\" \/>\n<meta name=\"twitter:label1\" content=\"Written by\" \/>\n\t<meta name=\"twitter:data1\" content=\"Mapo\" \/>\n\t<meta name=\"twitter:label2\" content=\"Est. reading time\" \/>\n\t<meta name=\"twitter:data2\" content=\"2 minutes\" \/>\n<script type=\"application\/ld+json\" class=\"yoast-schema-graph\">{\"@context\":\"https:\/\/schema.org\",\"@graph\":[{\"@type\":\"Article\",\"@id\":\"https:\/\/www.dolomitiprealpi.it\/de\/anello-di-modolo\/#article\",\"isPartOf\":{\"@id\":\"https:\/\/www.dolomitiprealpi.it\/de\/anello-di-modolo\/\"},\"author\":{\"name\":\"Mapo\",\"@id\":\"https:\/\/www.dolomitiprealpi.it\/de\/#\/schema\/person\/3442beb0554060944b4326d8211c9c04\"},\"headline\":\"Anello di Modolo\",\"datePublished\":\"2024-09-22T12:38:09+00:00\",\"dateModified\":\"2026-04-23T15:25:58+00:00\",\"mainEntityOfPage\":{\"@id\":\"https:\/\/www.dolomitiprealpi.it\/de\/anello-di-modolo\/\"},\"wordCount\":322,\"publisher\":{\"@id\":\"https:\/\/www.dolomitiprealpi.it\/de\/#organization\"},\"keywords\":[\"Feratel sync\",\"Feratel sync\",\"POI\",\"POI\",\"Punti interesse Feratel\",\"Punti interesse Feratel\"],\"articleSection\":{\"1\":\"Zwischen D\u00f6rfern, Villen und Kirchen\"},\"inLanguage\":\"de-DE\"},{\"@type\":\"WebPage\",\"@id\":\"https:\/\/www.dolomitiprealpi.it\/de\/anello-di-modolo\/\",\"url\":\"https:\/\/www.dolomitiprealpi.it\/de\/anello-di-modolo\/\",\"name\":\"Anello di Modolo - Dolomiti Prealpi\",\"isPartOf\":{\"@id\":\"https:\/\/www.dolomitiprealpi.it\/de\/#website\"},\"datePublished\":\"2024-09-22T12:38:09+00:00\",\"dateModified\":\"2026-04-23T15:25:58+00:00\",\"breadcrumb\":{\"@id\":\"https:\/\/www.dolomitiprealpi.it\/de\/anello-di-modolo\/#breadcrumb\"},\"inLanguage\":\"de-DE\",\"potentialAction\":[{\"@type\":\"ReadAction\",\"target\":[\"https:\/\/www.dolomitiprealpi.it\/de\/anello-di-modolo\/\"]}]},{\"@type\":\"BreadcrumbList\",\"@id\":\"https:\/\/www.dolomitiprealpi.it\/de\/anello-di-modolo\/#breadcrumb\",\"itemListElement\":[{\"@type\":\"ListItem\",\"position\":1,\"name\":\"Home\",\"item\":\"https:\/\/www.dolomitiprealpi.it\/de\/\"},{\"@type\":\"ListItem\",\"position\":2,\"name\":\"Anello di Modolo\"}]},{\"@type\":\"WebSite\",\"@id\":\"https:\/\/www.dolomitiprealpi.it\/de\/#website\",\"url\":\"https:\/\/www.dolomitiprealpi.it\/de\/\",\"name\":\"Dolomiti Prealpi\",\"description\":\"\",\"publisher\":{\"@id\":\"https:\/\/www.dolomitiprealpi.it\/de\/#organization\"},\"potentialAction\":[{\"@type\":\"SearchAction\",\"target\":{\"@type\":\"EntryPoint\",\"urlTemplate\":\"https:\/\/www.dolomitiprealpi.it\/de\/?s={search_term_string}\"},\"query-input\":{\"@type\":\"PropertyValueSpecification\",\"valueRequired\":true,\"valueName\":\"search_term_string\"}}],\"inLanguage\":\"de-DE\"},{\"@type\":\"Organization\",\"@id\":\"https:\/\/www.dolomitiprealpi.it\/de\/#organization\",\"name\":\"Consorzio Dolomiti Prealpi\",\"url\":\"https:\/\/www.dolomitiprealpi.it\/de\/\",\"logo\":{\"@type\":\"ImageObject\",\"inLanguage\":\"de-DE\",\"@id\":\"https:\/\/www.dolomitiprealpi.it\/de\/#\/schema\/logo\/image\/\",\"url\":\"https:\/\/www.dolomitiprealpi.it\/wp-content\/uploads\/2023\/03\/dolomitiprealpi-favicon.jpg\",\"contentUrl\":\"https:\/\/www.dolomitiprealpi.it\/wp-content\/uploads\/2023\/03\/dolomitiprealpi-favicon.jpg\",\"width\":512,\"height\":512,\"caption\":\"Consorzio Dolomiti Prealpi\"},\"image\":{\"@id\":\"https:\/\/www.dolomitiprealpi.it\/de\/#\/schema\/logo\/image\/\"},\"sameAs\":[\"https:\/\/www.facebook.com\/dolomitiprealpi.it\/\",\"https:\/\/www.instagram.com\/dolomitiprealpi\/\"]},{\"@type\":\"Person\",\"@id\":\"https:\/\/www.dolomitiprealpi.it\/de\/#\/schema\/person\/3442beb0554060944b4326d8211c9c04\",\"name\":\"Mapo\",\"image\":{\"@type\":\"ImageObject\",\"inLanguage\":\"de-DE\",\"@id\":\"https:\/\/www.dolomitiprealpi.it\/de\/#\/schema\/person\/image\/\",\"url\":\"https:\/\/secure.gravatar.com\/avatar\/7ce219f4d7d86c45bf979b9d8e0150ad0a4bbd7d3fa61bcb36ffa3cb99018dda?s=96&d=mm&r=g\",\"contentUrl\":\"https:\/\/secure.gravatar.com\/avatar\/7ce219f4d7d86c45bf979b9d8e0150ad0a4bbd7d3fa61bcb36ffa3cb99018dda?s=96&d=mm&r=g\",\"caption\":\"Mapo\"},\"url\":\"https:\/\/www.dolomitiprealpi.it\/de\/author\/mapo\/\"}]}<\/script>\n<!-- \/ Yoast SEO plugin. -->","yoast_head_json":{"title":"Anello di Modolo - Dolomiti Prealpi","robots":{"index":"index","follow":"follow","max-snippet":"max-snippet:-1","max-image-preview":"max-image-preview:large","max-video-preview":"max-video-preview:-1"},"canonical":"https:\/\/www.dolomitiprealpi.it\/de\/anello-di-modolo\/","og_locale":"de_DE","og_type":"article","og_title":"Anello di Modolo - Dolomiti Prealpi","og_description":"Ein angenehmer Weg nur wenige Schritte von Belluno entfernt Rundweg in der Landschaft von Modolo, mit Start von der reizvollen Villa Miari-Fulcis. Der Weg ist perfekt f\u00fcr diejenigen, die Ruhe","og_url":"https:\/\/www.dolomitiprealpi.it\/de\/anello-di-modolo\/","og_site_name":"Dolomiti Prealpi","article_publisher":"https:\/\/www.facebook.com\/dolomitiprealpi.it\/","article_published_time":"2024-09-22T12:38:09+00:00","article_modified_time":"2026-04-23T15:25:58+00:00","og_image":[{"width":2048,"height":1888,"url":"https:\/\/www.dolomitiprealpi.it\/wp-content\/uploads\/2022\/11\/C.-Timpone-Foto-archivio-Consorzio-turistico-Dolomiti-Prealpi-Nevegal-Belluno-Bike-18-2.jpg","type":"image\/jpeg"}],"author":"Mapo","twitter_card":"summary_large_image","twitter_misc":{"Written by":"Mapo","Est. reading time":"2 minutes"},"schema":{"@context":"https:\/\/schema.org","@graph":[{"@type":"Article","@id":"https:\/\/www.dolomitiprealpi.it\/de\/anello-di-modolo\/#article","isPartOf":{"@id":"https:\/\/www.dolomitiprealpi.it\/de\/anello-di-modolo\/"},"author":{"name":"Mapo","@id":"https:\/\/www.dolomitiprealpi.it\/de\/#\/schema\/person\/3442beb0554060944b4326d8211c9c04"},"headline":"Anello di Modolo","datePublished":"2024-09-22T12:38:09+00:00","dateModified":"2026-04-23T15:25:58+00:00","mainEntityOfPage":{"@id":"https:\/\/www.dolomitiprealpi.it\/de\/anello-di-modolo\/"},"wordCount":322,"publisher":{"@id":"https:\/\/www.dolomitiprealpi.it\/de\/#organization"},"keywords":["Feratel sync","Feratel sync","POI","POI","Punti interesse Feratel","Punti interesse Feratel"],"articleSection":{"1":"Zwischen D\u00f6rfern, Villen und Kirchen"},"inLanguage":"de-DE"},{"@type":"WebPage","@id":"https:\/\/www.dolomitiprealpi.it\/de\/anello-di-modolo\/","url":"https:\/\/www.dolomitiprealpi.it\/de\/anello-di-modolo\/","name":"Anello di Modolo - Dolomiti Prealpi","isPartOf":{"@id":"https:\/\/www.dolomitiprealpi.it\/de\/#website"},"datePublished":"2024-09-22T12:38:09+00:00","dateModified":"2026-04-23T15:25:58+00:00","breadcrumb":{"@id":"https:\/\/www.dolomitiprealpi.it\/de\/anello-di-modolo\/#breadcrumb"},"inLanguage":"de-DE","potentialAction":[{"@type":"ReadAction","target":["https:\/\/www.dolomitiprealpi.it\/de\/anello-di-modolo\/"]}]},{"@type":"BreadcrumbList","@id":"https:\/\/www.dolomitiprealpi.it\/de\/anello-di-modolo\/#breadcrumb","itemListElement":[{"@type":"ListItem","position":1,"name":"Home","item":"https:\/\/www.dolomitiprealpi.it\/de\/"},{"@type":"ListItem","position":2,"name":"Anello di Modolo"}]},{"@type":"WebSite","@id":"https:\/\/www.dolomitiprealpi.it\/de\/#website","url":"https:\/\/www.dolomitiprealpi.it\/de\/","name":"Dolomiti Prealpi","description":"","publisher":{"@id":"https:\/\/www.dolomitiprealpi.it\/de\/#organization"},"potentialAction":[{"@type":"SearchAction","target":{"@type":"EntryPoint","urlTemplate":"https:\/\/www.dolomitiprealpi.it\/de\/?s={search_term_string}"},"query-input":{"@type":"PropertyValueSpecification","valueRequired":true,"valueName":"search_term_string"}}],"inLanguage":"de-DE"},{"@type":"Organization","@id":"https:\/\/www.dolomitiprealpi.it\/de\/#organization","name":"Consorzio Dolomiti Prealpi","url":"https:\/\/www.dolomitiprealpi.it\/de\/","logo":{"@type":"ImageObject","inLanguage":"de-DE","@id":"https:\/\/www.dolomitiprealpi.it\/de\/#\/schema\/logo\/image\/","url":"https:\/\/www.dolomitiprealpi.it\/wp-content\/uploads\/2023\/03\/dolomitiprealpi-favicon.jpg","contentUrl":"https:\/\/www.dolomitiprealpi.it\/wp-content\/uploads\/2023\/03\/dolomitiprealpi-favicon.jpg","width":512,"height":512,"caption":"Consorzio Dolomiti Prealpi"},"image":{"@id":"https:\/\/www.dolomitiprealpi.it\/de\/#\/schema\/logo\/image\/"},"sameAs":["https:\/\/www.facebook.com\/dolomitiprealpi.it\/","https:\/\/www.instagram.com\/dolomitiprealpi\/"]},{"@type":"Person","@id":"https:\/\/www.dolomitiprealpi.it\/de\/#\/schema\/person\/3442beb0554060944b4326d8211c9c04","name":"Mapo","image":{"@type":"ImageObject","inLanguage":"de-DE","@id":"https:\/\/www.dolomitiprealpi.it\/de\/#\/schema\/person\/image\/","url":"https:\/\/secure.gravatar.com\/avatar\/7ce219f4d7d86c45bf979b9d8e0150ad0a4bbd7d3fa61bcb36ffa3cb99018dda?s=96&d=mm&r=g","contentUrl":"https:\/\/secure.gravatar.com\/avatar\/7ce219f4d7d86c45bf979b9d8e0150ad0a4bbd7d3fa61bcb36ffa3cb99018dda?s=96&d=mm&r=g","caption":"Mapo"},"url":"https:\/\/www.dolomitiprealpi.it\/de\/author\/mapo\/"}]}},"jetpack_featured_media_url":"","_links":{"self":[{"href":"https:\/\/www.dolomitiprealpi.it\/de\/wp-json\/wp\/v2\/posts\/48903","targetHints":{"allow":["GET"]}}],"collection":[{"href":"https:\/\/www.dolomitiprealpi.it\/de\/wp-json\/wp\/v2\/posts"}],"about":[{"href":"https:\/\/www.dolomitiprealpi.it\/de\/wp-json\/wp\/v2\/types\/post"}],"author":[{"embeddable":true,"href":"https:\/\/www.dolomitiprealpi.it\/de\/wp-json\/wp\/v2\/users\/2"}],"replies":[{"embeddable":true,"href":"https:\/\/www.dolomitiprealpi.it\/de\/wp-json\/wp\/v2\/comments?post=48903"}],"version-history":[{"count":1,"href":"https:\/\/www.dolomitiprealpi.it\/de\/wp-json\/wp\/v2\/posts\/48903\/revisions"}],"predecessor-version":[{"id":51113,"href":"https:\/\/www.dolomitiprealpi.it\/de\/wp-json\/wp\/v2\/posts\/48903\/revisions\/51113"}],"wp:attachment":[{"href":"https:\/\/www.dolomitiprealpi.it\/de\/wp-json\/wp\/v2\/media?parent=48903"}],"wp:term":[{"taxonomy":"category","embeddable":true,"href":"https:\/\/www.dolomitiprealpi.it\/de\/wp-json\/wp\/v2\/categories?post=48903"},{"taxonomy":"post_tag","embeddable":true,"href":"https:\/\/www.dolomitiprealpi.it\/de\/wp-json\/wp\/v2\/tags?post=48903"}],"curies":[{"name":"wp","href":"https:\/\/api.w.org\/{rel}","templated":true}]}}