{"id":48892,"date":"2023-08-19T14:25:22","date_gmt":"2023-08-19T12:25:22","guid":{"rendered":"https:\/\/www.dolomitiprealpi.it\/sentieri-in-nevegal\/"},"modified":"2026-04-23T17:25:38","modified_gmt":"2026-04-23T15:25:38","slug":"sentieri-in-nevegal","status":"publish","type":"post","link":"https:\/\/www.dolomitiprealpi.it\/de\/sentieri-in-nevegal\/","title":{"rendered":"Sentieri in Neveg\u00e0l"},"content":{"rendered":"<p>Die Nevegal-Alpen, mit ihren Ausblicken und Wanderwegen in der Natur, bieten in jeder Saison einzigartige Erlebnisse, zwischen Wanderungen, Sport und der Magie der Dolomiten im Hintergrund.<\/p>\n<p>Die Alpe Nevegal ist ein Hochplateau, das sich an der Nordseite der Gruppe Col Visentin befindet, dem Kamm, der die Paduaner und Venetianische Tiefebene vom Bellunatal trennt. Die h\u00f6chsten Gipfel sind der Col Visentin (1763 m \u00fc.d.M.), der Col Toront (1673 m \u00fc.d.M.) und der Col Faverghera (1610 m \u00fc.d.M.). Auf jedem dieser Berge steht eine Bergh\u00fctte (n\u00e4mlich die H\u00fctte V Artiglieria Alpina, die H\u00fctte Angelo Bristot und die H\u00fctte Brigata Cadore).<\/p>\n<p><b>Empfohlene Perioden<\/b><br \/>In den Sommermonaten erscheint der Nevegal in einem dichten gr\u00fcnen Mantel, bedeckt mit W\u00e4ldern und reich an Wegen f\u00fcr alle. Es handelt sich um fast <b>100 km Wander- und Mountainbikewege<\/b>, die zu den Gipfeln f\u00fchren. Vom h\u00f6chsten Punkt, dem Col Visentin, schaut man hinunter zum Piave und nach Belluno und sieht das Panorama der Schiara, den Pelmo, die Croda Rossa, den Sorapiss und die Croda Marcora. Danach folgen die Gipfel des Bosconero, des Antelao, der Marmarole. Jenseits des Piave-Tals erheben sich der Duranno, das Massiv des Col Nudo und des Monte Cavallo.<\/p>\n<p>Die beste Zeit f\u00fcr einen angenehmen Spaziergang auf diesen Wegen ist der Fr\u00fchling, insbesondere die Monate Mai und Juni; in dieser Jahreszeit kann man verschiedene Pflanzen- und Blumenarten beobachten, wie Narzissen, Maigl\u00f6ckchen, Enzian, Steckenblumen, Orchideen, Anemonen, Astrantia, Filipendula, Akelei, Lilien, Ginster und in h\u00f6heren Lagen Rhododendron und Alpenblumen (letztere besonders in der H\u00f6he). Aber jede Jahreszeit hat ihren Charme: Im Sommer ist es angenehm, die Trails mit dem Mountainbike zu befahren oder die leichten Wege zu gehen, die f\u00fcr alle geeignet sind: Familien mit Kindern, Wanderer, Nordic Walking-Enthusiasten. Im Herbst f\u00e4rben sich die W\u00e4lder in bezaubernden Farben und die klarsten Tage bieten atemberaubende Panoramen auf die Dolomiten und die venetische Ebene. Im Winter bieten die Pisten des Skigebiets Unterhaltung f\u00fcr Liebhaber von Wintersportarten, und die unpr\u00e4parierten Gebiete werden zum Paradies f\u00fcr Skibergsteiger und bieten aufregende Schneeschuhwanderungen.<\/p>\n<p>Die Vielzahl an Wegen hat es erm\u00f6glicht, eine <b>Liste von Wanderwegen<\/b> zu erstellen, die sich kreuzen und die M\u00f6glichkeit bieten, (zu Fu\u00df oder mit dem Mountainbike) besonders malerische Routen zu erkunden, die f\u00fcr die ganze Familie geeignet sind.<\/p>\n","protected":false},"excerpt":{"rendered":"<p>Die Nevegal-Alpen, mit ihren Ausblicken und Wanderwegen in der Natur, bieten in jeder Saison einzigartige Erlebnisse, zwischen Wanderungen, Sport und der Magie der Dolomiten im Hintergrund. Die Alpe Nevegal ist<\/p>\n","protected":false},"author":2,"featured_media":0,"comment_status":"closed","ping_status":"open","sticky":false,"template":"","format":"standard","meta":{"_acf_changed":false,"inline_featured_image":false,"footnotes":""},"categories":[1,263],"tags":[285,122,234,286,287,121],"class_list":["post-48892","post","type-post","status-publish","format-standard","hentry","category-uncategorized","category-prealpi-de","tag-feratel-sync-de","tag-feratel-sync","tag-poi","tag-poi-de","tag-punti-interesse-feratel-de","tag-punti-interesse-feratel"],"acf":[],"yoast_head":"<!-- This site is optimized with the Yoast SEO plugin v25.7 - https:\/\/yoast.com\/wordpress\/plugins\/seo\/ -->\n<title>Sentieri in Neveg\u00e0l - Dolomiti Prealpi<\/title>\n<meta name=\"robots\" content=\"index, follow, max-snippet:-1, max-image-preview:large, max-video-preview:-1\" \/>\n<link rel=\"canonical\" href=\"https:\/\/www.dolomitiprealpi.it\/de\/sentieri-in-nevegal\/\" \/>\n<meta property=\"og:locale\" content=\"de_DE\" \/>\n<meta property=\"og:type\" content=\"article\" \/>\n<meta property=\"og:title\" content=\"Sentieri in Neveg\u00e0l - Dolomiti Prealpi\" \/>\n<meta property=\"og:description\" content=\"Die Nevegal-Alpen, mit ihren Ausblicken und Wanderwegen in der Natur, bieten in jeder Saison einzigartige Erlebnisse, zwischen Wanderungen, Sport und der Magie der Dolomiten im Hintergrund. Die Alpe Nevegal ist\" \/>\n<meta property=\"og:url\" content=\"https:\/\/www.dolomitiprealpi.it\/de\/sentieri-in-nevegal\/\" \/>\n<meta property=\"og:site_name\" content=\"Dolomiti Prealpi\" \/>\n<meta property=\"article:publisher\" content=\"https:\/\/www.facebook.com\/dolomitiprealpi.it\/\" \/>\n<meta property=\"article:published_time\" content=\"2023-08-19T12:25:22+00:00\" \/>\n<meta property=\"article:modified_time\" content=\"2026-04-23T15:25:38+00:00\" \/>\n<meta property=\"og:image\" content=\"https:\/\/www.dolomitiprealpi.it\/wp-content\/uploads\/2022\/11\/C.-Timpone-Foto-archivio-Consorzio-turistico-Dolomiti-Prealpi-Nevegal-Belluno-Bike-18-2.jpg\" \/>\n\t<meta property=\"og:image:width\" content=\"2048\" \/>\n\t<meta property=\"og:image:height\" content=\"1888\" \/>\n\t<meta property=\"og:image:type\" content=\"image\/jpeg\" \/>\n<meta name=\"author\" content=\"Mapo\" \/>\n<meta name=\"twitter:card\" content=\"summary_large_image\" \/>\n<meta name=\"twitter:label1\" content=\"Written by\" \/>\n\t<meta name=\"twitter:data1\" content=\"Mapo\" \/>\n\t<meta name=\"twitter:label2\" content=\"Est. reading time\" \/>\n\t<meta name=\"twitter:data2\" content=\"2 minutes\" \/>\n<script type=\"application\/ld+json\" class=\"yoast-schema-graph\">{\"@context\":\"https:\/\/schema.org\",\"@graph\":[{\"@type\":\"Article\",\"@id\":\"https:\/\/www.dolomitiprealpi.it\/de\/sentieri-in-nevegal\/#article\",\"isPartOf\":{\"@id\":\"https:\/\/www.dolomitiprealpi.it\/de\/sentieri-in-nevegal\/\"},\"author\":{\"name\":\"Mapo\",\"@id\":\"https:\/\/www.dolomitiprealpi.it\/de\/#\/schema\/person\/3442beb0554060944b4326d8211c9c04\"},\"headline\":\"Sentieri in Neveg\u00e0l\",\"datePublished\":\"2023-08-19T12:25:22+00:00\",\"dateModified\":\"2026-04-23T15:25:38+00:00\",\"mainEntityOfPage\":{\"@id\":\"https:\/\/www.dolomitiprealpi.it\/de\/sentieri-in-nevegal\/\"},\"wordCount\":394,\"publisher\":{\"@id\":\"https:\/\/www.dolomitiprealpi.it\/de\/#organization\"},\"keywords\":[\"Feratel sync\",\"Feratel sync\",\"POI\",\"POI\",\"Punti interesse Feratel\",\"Punti interesse Feratel\"],\"articleSection\":{\"1\":\"Voralpen\"},\"inLanguage\":\"de-DE\"},{\"@type\":\"WebPage\",\"@id\":\"https:\/\/www.dolomitiprealpi.it\/de\/sentieri-in-nevegal\/\",\"url\":\"https:\/\/www.dolomitiprealpi.it\/de\/sentieri-in-nevegal\/\",\"name\":\"Sentieri in Neveg\u00e0l - Dolomiti Prealpi\",\"isPartOf\":{\"@id\":\"https:\/\/www.dolomitiprealpi.it\/de\/#website\"},\"datePublished\":\"2023-08-19T12:25:22+00:00\",\"dateModified\":\"2026-04-23T15:25:38+00:00\",\"breadcrumb\":{\"@id\":\"https:\/\/www.dolomitiprealpi.it\/de\/sentieri-in-nevegal\/#breadcrumb\"},\"inLanguage\":\"de-DE\",\"potentialAction\":[{\"@type\":\"ReadAction\",\"target\":[\"https:\/\/www.dolomitiprealpi.it\/de\/sentieri-in-nevegal\/\"]}]},{\"@type\":\"BreadcrumbList\",\"@id\":\"https:\/\/www.dolomitiprealpi.it\/de\/sentieri-in-nevegal\/#breadcrumb\",\"itemListElement\":[{\"@type\":\"ListItem\",\"position\":1,\"name\":\"Home\",\"item\":\"https:\/\/www.dolomitiprealpi.it\/de\/\"},{\"@type\":\"ListItem\",\"position\":2,\"name\":\"Sentieri in Neveg\u00e0l\"}]},{\"@type\":\"WebSite\",\"@id\":\"https:\/\/www.dolomitiprealpi.it\/de\/#website\",\"url\":\"https:\/\/www.dolomitiprealpi.it\/de\/\",\"name\":\"Dolomiti Prealpi\",\"description\":\"\",\"publisher\":{\"@id\":\"https:\/\/www.dolomitiprealpi.it\/de\/#organization\"},\"potentialAction\":[{\"@type\":\"SearchAction\",\"target\":{\"@type\":\"EntryPoint\",\"urlTemplate\":\"https:\/\/www.dolomitiprealpi.it\/de\/?s={search_term_string}\"},\"query-input\":{\"@type\":\"PropertyValueSpecification\",\"valueRequired\":true,\"valueName\":\"search_term_string\"}}],\"inLanguage\":\"de-DE\"},{\"@type\":\"Organization\",\"@id\":\"https:\/\/www.dolomitiprealpi.it\/de\/#organization\",\"name\":\"Consorzio Dolomiti Prealpi\",\"url\":\"https:\/\/www.dolomitiprealpi.it\/de\/\",\"logo\":{\"@type\":\"ImageObject\",\"inLanguage\":\"de-DE\",\"@id\":\"https:\/\/www.dolomitiprealpi.it\/de\/#\/schema\/logo\/image\/\",\"url\":\"https:\/\/www.dolomitiprealpi.it\/wp-content\/uploads\/2023\/03\/dolomitiprealpi-favicon.jpg\",\"contentUrl\":\"https:\/\/www.dolomitiprealpi.it\/wp-content\/uploads\/2023\/03\/dolomitiprealpi-favicon.jpg\",\"width\":512,\"height\":512,\"caption\":\"Consorzio Dolomiti Prealpi\"},\"image\":{\"@id\":\"https:\/\/www.dolomitiprealpi.it\/de\/#\/schema\/logo\/image\/\"},\"sameAs\":[\"https:\/\/www.facebook.com\/dolomitiprealpi.it\/\",\"https:\/\/www.instagram.com\/dolomitiprealpi\/\"]},{\"@type\":\"Person\",\"@id\":\"https:\/\/www.dolomitiprealpi.it\/de\/#\/schema\/person\/3442beb0554060944b4326d8211c9c04\",\"name\":\"Mapo\",\"image\":{\"@type\":\"ImageObject\",\"inLanguage\":\"de-DE\",\"@id\":\"https:\/\/www.dolomitiprealpi.it\/de\/#\/schema\/person\/image\/\",\"url\":\"https:\/\/secure.gravatar.com\/avatar\/7ce219f4d7d86c45bf979b9d8e0150ad0a4bbd7d3fa61bcb36ffa3cb99018dda?s=96&d=mm&r=g\",\"contentUrl\":\"https:\/\/secure.gravatar.com\/avatar\/7ce219f4d7d86c45bf979b9d8e0150ad0a4bbd7d3fa61bcb36ffa3cb99018dda?s=96&d=mm&r=g\",\"caption\":\"Mapo\"},\"url\":\"https:\/\/www.dolomitiprealpi.it\/de\/author\/mapo\/\"}]}<\/script>\n<!-- \/ Yoast SEO plugin. -->","yoast_head_json":{"title":"Sentieri in Neveg\u00e0l - Dolomiti Prealpi","robots":{"index":"index","follow":"follow","max-snippet":"max-snippet:-1","max-image-preview":"max-image-preview:large","max-video-preview":"max-video-preview:-1"},"canonical":"https:\/\/www.dolomitiprealpi.it\/de\/sentieri-in-nevegal\/","og_locale":"de_DE","og_type":"article","og_title":"Sentieri in Neveg\u00e0l - Dolomiti Prealpi","og_description":"Die Nevegal-Alpen, mit ihren Ausblicken und Wanderwegen in der Natur, bieten in jeder Saison einzigartige Erlebnisse, zwischen Wanderungen, Sport und der Magie der Dolomiten im Hintergrund. Die Alpe Nevegal ist","og_url":"https:\/\/www.dolomitiprealpi.it\/de\/sentieri-in-nevegal\/","og_site_name":"Dolomiti Prealpi","article_publisher":"https:\/\/www.facebook.com\/dolomitiprealpi.it\/","article_published_time":"2023-08-19T12:25:22+00:00","article_modified_time":"2026-04-23T15:25:38+00:00","og_image":[{"width":2048,"height":1888,"url":"https:\/\/www.dolomitiprealpi.it\/wp-content\/uploads\/2022\/11\/C.-Timpone-Foto-archivio-Consorzio-turistico-Dolomiti-Prealpi-Nevegal-Belluno-Bike-18-2.jpg","type":"image\/jpeg"}],"author":"Mapo","twitter_card":"summary_large_image","twitter_misc":{"Written by":"Mapo","Est. reading time":"2 minutes"},"schema":{"@context":"https:\/\/schema.org","@graph":[{"@type":"Article","@id":"https:\/\/www.dolomitiprealpi.it\/de\/sentieri-in-nevegal\/#article","isPartOf":{"@id":"https:\/\/www.dolomitiprealpi.it\/de\/sentieri-in-nevegal\/"},"author":{"name":"Mapo","@id":"https:\/\/www.dolomitiprealpi.it\/de\/#\/schema\/person\/3442beb0554060944b4326d8211c9c04"},"headline":"Sentieri in Neveg\u00e0l","datePublished":"2023-08-19T12:25:22+00:00","dateModified":"2026-04-23T15:25:38+00:00","mainEntityOfPage":{"@id":"https:\/\/www.dolomitiprealpi.it\/de\/sentieri-in-nevegal\/"},"wordCount":394,"publisher":{"@id":"https:\/\/www.dolomitiprealpi.it\/de\/#organization"},"keywords":["Feratel sync","Feratel sync","POI","POI","Punti interesse Feratel","Punti interesse Feratel"],"articleSection":{"1":"Voralpen"},"inLanguage":"de-DE"},{"@type":"WebPage","@id":"https:\/\/www.dolomitiprealpi.it\/de\/sentieri-in-nevegal\/","url":"https:\/\/www.dolomitiprealpi.it\/de\/sentieri-in-nevegal\/","name":"Sentieri in Neveg\u00e0l - Dolomiti Prealpi","isPartOf":{"@id":"https:\/\/www.dolomitiprealpi.it\/de\/#website"},"datePublished":"2023-08-19T12:25:22+00:00","dateModified":"2026-04-23T15:25:38+00:00","breadcrumb":{"@id":"https:\/\/www.dolomitiprealpi.it\/de\/sentieri-in-nevegal\/#breadcrumb"},"inLanguage":"de-DE","potentialAction":[{"@type":"ReadAction","target":["https:\/\/www.dolomitiprealpi.it\/de\/sentieri-in-nevegal\/"]}]},{"@type":"BreadcrumbList","@id":"https:\/\/www.dolomitiprealpi.it\/de\/sentieri-in-nevegal\/#breadcrumb","itemListElement":[{"@type":"ListItem","position":1,"name":"Home","item":"https:\/\/www.dolomitiprealpi.it\/de\/"},{"@type":"ListItem","position":2,"name":"Sentieri in Neveg\u00e0l"}]},{"@type":"WebSite","@id":"https:\/\/www.dolomitiprealpi.it\/de\/#website","url":"https:\/\/www.dolomitiprealpi.it\/de\/","name":"Dolomiti Prealpi","description":"","publisher":{"@id":"https:\/\/www.dolomitiprealpi.it\/de\/#organization"},"potentialAction":[{"@type":"SearchAction","target":{"@type":"EntryPoint","urlTemplate":"https:\/\/www.dolomitiprealpi.it\/de\/?s={search_term_string}"},"query-input":{"@type":"PropertyValueSpecification","valueRequired":true,"valueName":"search_term_string"}}],"inLanguage":"de-DE"},{"@type":"Organization","@id":"https:\/\/www.dolomitiprealpi.it\/de\/#organization","name":"Consorzio Dolomiti Prealpi","url":"https:\/\/www.dolomitiprealpi.it\/de\/","logo":{"@type":"ImageObject","inLanguage":"de-DE","@id":"https:\/\/www.dolomitiprealpi.it\/de\/#\/schema\/logo\/image\/","url":"https:\/\/www.dolomitiprealpi.it\/wp-content\/uploads\/2023\/03\/dolomitiprealpi-favicon.jpg","contentUrl":"https:\/\/www.dolomitiprealpi.it\/wp-content\/uploads\/2023\/03\/dolomitiprealpi-favicon.jpg","width":512,"height":512,"caption":"Consorzio Dolomiti Prealpi"},"image":{"@id":"https:\/\/www.dolomitiprealpi.it\/de\/#\/schema\/logo\/image\/"},"sameAs":["https:\/\/www.facebook.com\/dolomitiprealpi.it\/","https:\/\/www.instagram.com\/dolomitiprealpi\/"]},{"@type":"Person","@id":"https:\/\/www.dolomitiprealpi.it\/de\/#\/schema\/person\/3442beb0554060944b4326d8211c9c04","name":"Mapo","image":{"@type":"ImageObject","inLanguage":"de-DE","@id":"https:\/\/www.dolomitiprealpi.it\/de\/#\/schema\/person\/image\/","url":"https:\/\/secure.gravatar.com\/avatar\/7ce219f4d7d86c45bf979b9d8e0150ad0a4bbd7d3fa61bcb36ffa3cb99018dda?s=96&d=mm&r=g","contentUrl":"https:\/\/secure.gravatar.com\/avatar\/7ce219f4d7d86c45bf979b9d8e0150ad0a4bbd7d3fa61bcb36ffa3cb99018dda?s=96&d=mm&r=g","caption":"Mapo"},"url":"https:\/\/www.dolomitiprealpi.it\/de\/author\/mapo\/"}]}},"jetpack_featured_media_url":"","_links":{"self":[{"href":"https:\/\/www.dolomitiprealpi.it\/de\/wp-json\/wp\/v2\/posts\/48892","targetHints":{"allow":["GET"]}}],"collection":[{"href":"https:\/\/www.dolomitiprealpi.it\/de\/wp-json\/wp\/v2\/posts"}],"about":[{"href":"https:\/\/www.dolomitiprealpi.it\/de\/wp-json\/wp\/v2\/types\/post"}],"author":[{"embeddable":true,"href":"https:\/\/www.dolomitiprealpi.it\/de\/wp-json\/wp\/v2\/users\/2"}],"replies":[{"embeddable":true,"href":"https:\/\/www.dolomitiprealpi.it\/de\/wp-json\/wp\/v2\/comments?post=48892"}],"version-history":[{"count":1,"href":"https:\/\/www.dolomitiprealpi.it\/de\/wp-json\/wp\/v2\/posts\/48892\/revisions"}],"predecessor-version":[{"id":51104,"href":"https:\/\/www.dolomitiprealpi.it\/de\/wp-json\/wp\/v2\/posts\/48892\/revisions\/51104"}],"wp:attachment":[{"href":"https:\/\/www.dolomitiprealpi.it\/de\/wp-json\/wp\/v2\/media?parent=48892"}],"wp:term":[{"taxonomy":"category","embeddable":true,"href":"https:\/\/www.dolomitiprealpi.it\/de\/wp-json\/wp\/v2\/categories?post=48892"},{"taxonomy":"post_tag","embeddable":true,"href":"https:\/\/www.dolomitiprealpi.it\/de\/wp-json\/wp\/v2\/tags?post=48892"}],"curies":[{"name":"wp","href":"https:\/\/api.w.org\/{rel}","templated":true}]}}