{"id":48878,"date":"2023-06-03T10:28:55","date_gmt":"2023-06-03T08:28:55","guid":{"rendered":"https:\/\/www.dolomitiprealpi.it\/sentiero-alpago-natura\/"},"modified":"2026-04-23T17:25:27","modified_gmt":"2026-04-23T15:25:27","slug":"sentiero-alpago-natura","status":"publish","type":"post","link":"https:\/\/www.dolomitiprealpi.it\/de\/sentiero-alpago-natura\/","title":{"rendered":"Sentiero Alpago Natura"},"content":{"rendered":"<p>Radtour durch das Alpago. <\/p>\n<p>Ein Weg, der f\u00fcr Touristen und Wanderer konzipiert wurde, wo Wald, Berge, der See, Geschichte und Kultur in einer Alchemie aus Landschaften und Farben, die das Alpago gekonnt ausdr\u00fcckt, abwechseln und vermischt sind. Die Route verl\u00e4uft als Schleife auf einem panoramischen Pfad, der reich an zahlreichen touristischen Angeboten ist.<\/p>\n<p>Vom Lago di Santa Croce aus geht es hinauf zum Cansiglio-Wald; durchquert man den Wald, gelangt man zur Fu\u00dfwegstra\u00dfe, die die Stra\u00dfe der gastronomischen K\u00f6stlichkeiten und der herrlichen Aussichtspunkte darstellt, und man gleitet zu den H\u00e4ngen der Alpago-Berge, w\u00e4hrend man die alpagota Senke von oben betrachtet und zum Rifugio Carota gelangt.<\/p>\n<p>Daraufhin geht es weiter nach Ponte nelle Alpi, und entlang der Ufer des Cellina-Kanals betritt man das Naturschutzgebiet der Sbarai, das den Radfahrer zur\u00fcck zum Ausgangspunkt an den Ufern des Lago di Santa Croce begleitet.<\/p>\n<p><\/p>\n<p><\/p>\n<\/p>\n<p><\/p>\n<p><b><u>WICHTIGE INFORMATIONEN<\/u><\/b>:<\/p>\n<ul>\n<li><b>L\u00e4nge:<\/b> 74 km<\/li>\n<li><b>H\u00f6hendifferenz:<\/b> 1100 m<\/li>\n<li><b>H\u00f6chster Punkt:<\/b> 1340 m<\/li>\n<li><b>Gel\u00e4ndeeigenschaften:<\/b> Asphalt, Schotter<\/li>\n<\/ul>\n<p><\/p>\n<p>Man befindet sich in einer nat\u00fcrlichen Umgebung, die Respekt verlangt:<\/p>\n<ul>\n<li>Verbot der Blumenentnahme<\/li>\n<li>Verbot des Badens<\/li>\n<li>Keine L\u00e4rmbel\u00e4stigung<\/li>\n<li>Verbot des Feuermachens<\/li>\n<li>Keine Abf\u00e4lle liegen lassen, sondern in die entsprechenden Beh\u00e4lter werfen (auch Zigarettenstummel, Taschent\u00fccher, Masken und Bioabfall)<\/li>\n<li>Minderj\u00e4hrige m\u00fcssen begleitet werden<\/li>\n<li>Hunde m\u00fcssen an der Leine gef\u00fchrt und ihre Exkremente eingesammelt werden<\/li>\n<li>Nicht vom Pfad abweichen<\/li>\n<li>Die lokale Tierwelt nicht st\u00f6ren<\/li>\n<\/ul>\n<p>Es wird empfohlen, sich \u00fcber die Website der <a href=\"https:\/\/https:\/\/meteo.arpa.veneto.it\/?page=DM\">ARPAV<\/a> \u00fcber m\u00f6gliche St\u00f6rungen vor Beginn der Strecke zu informieren.<\/p>\n","protected":false},"excerpt":{"rendered":"<p>Radtour durch das Alpago. Ein Weg, der f\u00fcr Touristen und Wanderer konzipiert wurde, wo Wald, Berge, der See, Geschichte und Kultur in einer Alchemie aus Landschaften und Farben, die das<\/p>\n","protected":false},"author":2,"featured_media":0,"comment_status":"closed","ping_status":"open","sticky":false,"template":"","format":"standard","meta":{"_acf_changed":false,"inline_featured_image":false,"footnotes":""},"categories":[1,218],"tags":[122,285,234,286,287,121],"class_list":["post-48878","post","type-post","status-publish","format-standard","hentry","category-uncategorized","category-fahrradrouten","tag-feratel-sync","tag-feratel-sync-de","tag-poi","tag-poi-de","tag-punti-interesse-feratel-de","tag-punti-interesse-feratel"],"acf":[],"yoast_head":"<!-- This site is optimized with the Yoast SEO plugin v25.7 - https:\/\/yoast.com\/wordpress\/plugins\/seo\/ -->\n<title>Sentiero Alpago Natura - Dolomiti Prealpi<\/title>\n<meta name=\"robots\" content=\"index, follow, max-snippet:-1, max-image-preview:large, max-video-preview:-1\" \/>\n<link rel=\"canonical\" href=\"https:\/\/www.dolomitiprealpi.it\/de\/sentiero-alpago-natura\/\" \/>\n<meta property=\"og:locale\" content=\"de_DE\" \/>\n<meta property=\"og:type\" content=\"article\" \/>\n<meta property=\"og:title\" content=\"Sentiero Alpago Natura - Dolomiti Prealpi\" \/>\n<meta property=\"og:description\" content=\"Radtour durch das Alpago. Ein Weg, der f\u00fcr Touristen und Wanderer konzipiert wurde, wo Wald, Berge, der See, Geschichte und Kultur in einer Alchemie aus Landschaften und Farben, die das\" \/>\n<meta property=\"og:url\" content=\"https:\/\/www.dolomitiprealpi.it\/de\/sentiero-alpago-natura\/\" \/>\n<meta property=\"og:site_name\" content=\"Dolomiti Prealpi\" \/>\n<meta property=\"article:publisher\" content=\"https:\/\/www.facebook.com\/dolomitiprealpi.it\/\" \/>\n<meta property=\"article:published_time\" content=\"2023-06-03T08:28:55+00:00\" \/>\n<meta property=\"article:modified_time\" content=\"2026-04-23T15:25:27+00:00\" \/>\n<meta property=\"og:image\" content=\"https:\/\/www.dolomitiprealpi.it\/wp-content\/uploads\/2022\/11\/C.-Timpone-Foto-archivio-Consorzio-turistico-Dolomiti-Prealpi-Nevegal-Belluno-Bike-18-2.jpg\" \/>\n\t<meta property=\"og:image:width\" content=\"2048\" \/>\n\t<meta property=\"og:image:height\" content=\"1888\" \/>\n\t<meta property=\"og:image:type\" content=\"image\/jpeg\" \/>\n<meta name=\"author\" content=\"Mapo\" \/>\n<meta name=\"twitter:card\" content=\"summary_large_image\" \/>\n<meta name=\"twitter:label1\" content=\"Written by\" \/>\n\t<meta name=\"twitter:data1\" content=\"Mapo\" \/>\n\t<meta name=\"twitter:label2\" content=\"Est. reading time\" \/>\n\t<meta name=\"twitter:data2\" content=\"1 minute\" \/>\n<script type=\"application\/ld+json\" class=\"yoast-schema-graph\">{\"@context\":\"https:\/\/schema.org\",\"@graph\":[{\"@type\":\"Article\",\"@id\":\"https:\/\/www.dolomitiprealpi.it\/de\/sentiero-alpago-natura\/#article\",\"isPartOf\":{\"@id\":\"https:\/\/www.dolomitiprealpi.it\/de\/sentiero-alpago-natura\/\"},\"author\":{\"name\":\"Mapo\",\"@id\":\"https:\/\/www.dolomitiprealpi.it\/de\/#\/schema\/person\/3442beb0554060944b4326d8211c9c04\"},\"headline\":\"Sentiero Alpago Natura\",\"datePublished\":\"2023-06-03T08:28:55+00:00\",\"dateModified\":\"2026-04-23T15:25:27+00:00\",\"mainEntityOfPage\":{\"@id\":\"https:\/\/www.dolomitiprealpi.it\/de\/sentiero-alpago-natura\/\"},\"wordCount\":260,\"publisher\":{\"@id\":\"https:\/\/www.dolomitiprealpi.it\/de\/#organization\"},\"keywords\":[\"Feratel sync\",\"Feratel sync\",\"POI\",\"POI\",\"Punti interesse Feratel\",\"Punti interesse Feratel\"],\"articleSection\":{\"1\":\"Valbelluna mit dem Fahrrad\"},\"inLanguage\":\"de-DE\"},{\"@type\":\"WebPage\",\"@id\":\"https:\/\/www.dolomitiprealpi.it\/de\/sentiero-alpago-natura\/\",\"url\":\"https:\/\/www.dolomitiprealpi.it\/de\/sentiero-alpago-natura\/\",\"name\":\"Sentiero Alpago Natura - Dolomiti Prealpi\",\"isPartOf\":{\"@id\":\"https:\/\/www.dolomitiprealpi.it\/de\/#website\"},\"datePublished\":\"2023-06-03T08:28:55+00:00\",\"dateModified\":\"2026-04-23T15:25:27+00:00\",\"breadcrumb\":{\"@id\":\"https:\/\/www.dolomitiprealpi.it\/de\/sentiero-alpago-natura\/#breadcrumb\"},\"inLanguage\":\"de-DE\",\"potentialAction\":[{\"@type\":\"ReadAction\",\"target\":[\"https:\/\/www.dolomitiprealpi.it\/de\/sentiero-alpago-natura\/\"]}]},{\"@type\":\"BreadcrumbList\",\"@id\":\"https:\/\/www.dolomitiprealpi.it\/de\/sentiero-alpago-natura\/#breadcrumb\",\"itemListElement\":[{\"@type\":\"ListItem\",\"position\":1,\"name\":\"Home\",\"item\":\"https:\/\/www.dolomitiprealpi.it\/de\/\"},{\"@type\":\"ListItem\",\"position\":2,\"name\":\"Sentiero Alpago Natura\"}]},{\"@type\":\"WebSite\",\"@id\":\"https:\/\/www.dolomitiprealpi.it\/de\/#website\",\"url\":\"https:\/\/www.dolomitiprealpi.it\/de\/\",\"name\":\"Dolomiti Prealpi\",\"description\":\"\",\"publisher\":{\"@id\":\"https:\/\/www.dolomitiprealpi.it\/de\/#organization\"},\"potentialAction\":[{\"@type\":\"SearchAction\",\"target\":{\"@type\":\"EntryPoint\",\"urlTemplate\":\"https:\/\/www.dolomitiprealpi.it\/de\/?s={search_term_string}\"},\"query-input\":{\"@type\":\"PropertyValueSpecification\",\"valueRequired\":true,\"valueName\":\"search_term_string\"}}],\"inLanguage\":\"de-DE\"},{\"@type\":\"Organization\",\"@id\":\"https:\/\/www.dolomitiprealpi.it\/de\/#organization\",\"name\":\"Consorzio Dolomiti Prealpi\",\"url\":\"https:\/\/www.dolomitiprealpi.it\/de\/\",\"logo\":{\"@type\":\"ImageObject\",\"inLanguage\":\"de-DE\",\"@id\":\"https:\/\/www.dolomitiprealpi.it\/de\/#\/schema\/logo\/image\/\",\"url\":\"https:\/\/www.dolomitiprealpi.it\/wp-content\/uploads\/2023\/03\/dolomitiprealpi-favicon.jpg\",\"contentUrl\":\"https:\/\/www.dolomitiprealpi.it\/wp-content\/uploads\/2023\/03\/dolomitiprealpi-favicon.jpg\",\"width\":512,\"height\":512,\"caption\":\"Consorzio Dolomiti Prealpi\"},\"image\":{\"@id\":\"https:\/\/www.dolomitiprealpi.it\/de\/#\/schema\/logo\/image\/\"},\"sameAs\":[\"https:\/\/www.facebook.com\/dolomitiprealpi.it\/\",\"https:\/\/www.instagram.com\/dolomitiprealpi\/\"]},{\"@type\":\"Person\",\"@id\":\"https:\/\/www.dolomitiprealpi.it\/de\/#\/schema\/person\/3442beb0554060944b4326d8211c9c04\",\"name\":\"Mapo\",\"image\":{\"@type\":\"ImageObject\",\"inLanguage\":\"de-DE\",\"@id\":\"https:\/\/www.dolomitiprealpi.it\/de\/#\/schema\/person\/image\/\",\"url\":\"https:\/\/secure.gravatar.com\/avatar\/7ce219f4d7d86c45bf979b9d8e0150ad0a4bbd7d3fa61bcb36ffa3cb99018dda?s=96&d=mm&r=g\",\"contentUrl\":\"https:\/\/secure.gravatar.com\/avatar\/7ce219f4d7d86c45bf979b9d8e0150ad0a4bbd7d3fa61bcb36ffa3cb99018dda?s=96&d=mm&r=g\",\"caption\":\"Mapo\"},\"url\":\"https:\/\/www.dolomitiprealpi.it\/de\/author\/mapo\/\"}]}<\/script>\n<!-- \/ Yoast SEO plugin. -->","yoast_head_json":{"title":"Sentiero Alpago Natura - Dolomiti Prealpi","robots":{"index":"index","follow":"follow","max-snippet":"max-snippet:-1","max-image-preview":"max-image-preview:large","max-video-preview":"max-video-preview:-1"},"canonical":"https:\/\/www.dolomitiprealpi.it\/de\/sentiero-alpago-natura\/","og_locale":"de_DE","og_type":"article","og_title":"Sentiero Alpago Natura - Dolomiti Prealpi","og_description":"Radtour durch das Alpago. Ein Weg, der f\u00fcr Touristen und Wanderer konzipiert wurde, wo Wald, Berge, der See, Geschichte und Kultur in einer Alchemie aus Landschaften und Farben, die das","og_url":"https:\/\/www.dolomitiprealpi.it\/de\/sentiero-alpago-natura\/","og_site_name":"Dolomiti Prealpi","article_publisher":"https:\/\/www.facebook.com\/dolomitiprealpi.it\/","article_published_time":"2023-06-03T08:28:55+00:00","article_modified_time":"2026-04-23T15:25:27+00:00","og_image":[{"width":2048,"height":1888,"url":"https:\/\/www.dolomitiprealpi.it\/wp-content\/uploads\/2022\/11\/C.-Timpone-Foto-archivio-Consorzio-turistico-Dolomiti-Prealpi-Nevegal-Belluno-Bike-18-2.jpg","type":"image\/jpeg"}],"author":"Mapo","twitter_card":"summary_large_image","twitter_misc":{"Written by":"Mapo","Est. reading time":"1 minute"},"schema":{"@context":"https:\/\/schema.org","@graph":[{"@type":"Article","@id":"https:\/\/www.dolomitiprealpi.it\/de\/sentiero-alpago-natura\/#article","isPartOf":{"@id":"https:\/\/www.dolomitiprealpi.it\/de\/sentiero-alpago-natura\/"},"author":{"name":"Mapo","@id":"https:\/\/www.dolomitiprealpi.it\/de\/#\/schema\/person\/3442beb0554060944b4326d8211c9c04"},"headline":"Sentiero Alpago Natura","datePublished":"2023-06-03T08:28:55+00:00","dateModified":"2026-04-23T15:25:27+00:00","mainEntityOfPage":{"@id":"https:\/\/www.dolomitiprealpi.it\/de\/sentiero-alpago-natura\/"},"wordCount":260,"publisher":{"@id":"https:\/\/www.dolomitiprealpi.it\/de\/#organization"},"keywords":["Feratel sync","Feratel sync","POI","POI","Punti interesse Feratel","Punti interesse Feratel"],"articleSection":{"1":"Valbelluna mit dem Fahrrad"},"inLanguage":"de-DE"},{"@type":"WebPage","@id":"https:\/\/www.dolomitiprealpi.it\/de\/sentiero-alpago-natura\/","url":"https:\/\/www.dolomitiprealpi.it\/de\/sentiero-alpago-natura\/","name":"Sentiero Alpago Natura - Dolomiti Prealpi","isPartOf":{"@id":"https:\/\/www.dolomitiprealpi.it\/de\/#website"},"datePublished":"2023-06-03T08:28:55+00:00","dateModified":"2026-04-23T15:25:27+00:00","breadcrumb":{"@id":"https:\/\/www.dolomitiprealpi.it\/de\/sentiero-alpago-natura\/#breadcrumb"},"inLanguage":"de-DE","potentialAction":[{"@type":"ReadAction","target":["https:\/\/www.dolomitiprealpi.it\/de\/sentiero-alpago-natura\/"]}]},{"@type":"BreadcrumbList","@id":"https:\/\/www.dolomitiprealpi.it\/de\/sentiero-alpago-natura\/#breadcrumb","itemListElement":[{"@type":"ListItem","position":1,"name":"Home","item":"https:\/\/www.dolomitiprealpi.it\/de\/"},{"@type":"ListItem","position":2,"name":"Sentiero Alpago Natura"}]},{"@type":"WebSite","@id":"https:\/\/www.dolomitiprealpi.it\/de\/#website","url":"https:\/\/www.dolomitiprealpi.it\/de\/","name":"Dolomiti Prealpi","description":"","publisher":{"@id":"https:\/\/www.dolomitiprealpi.it\/de\/#organization"},"potentialAction":[{"@type":"SearchAction","target":{"@type":"EntryPoint","urlTemplate":"https:\/\/www.dolomitiprealpi.it\/de\/?s={search_term_string}"},"query-input":{"@type":"PropertyValueSpecification","valueRequired":true,"valueName":"search_term_string"}}],"inLanguage":"de-DE"},{"@type":"Organization","@id":"https:\/\/www.dolomitiprealpi.it\/de\/#organization","name":"Consorzio Dolomiti Prealpi","url":"https:\/\/www.dolomitiprealpi.it\/de\/","logo":{"@type":"ImageObject","inLanguage":"de-DE","@id":"https:\/\/www.dolomitiprealpi.it\/de\/#\/schema\/logo\/image\/","url":"https:\/\/www.dolomitiprealpi.it\/wp-content\/uploads\/2023\/03\/dolomitiprealpi-favicon.jpg","contentUrl":"https:\/\/www.dolomitiprealpi.it\/wp-content\/uploads\/2023\/03\/dolomitiprealpi-favicon.jpg","width":512,"height":512,"caption":"Consorzio Dolomiti Prealpi"},"image":{"@id":"https:\/\/www.dolomitiprealpi.it\/de\/#\/schema\/logo\/image\/"},"sameAs":["https:\/\/www.facebook.com\/dolomitiprealpi.it\/","https:\/\/www.instagram.com\/dolomitiprealpi\/"]},{"@type":"Person","@id":"https:\/\/www.dolomitiprealpi.it\/de\/#\/schema\/person\/3442beb0554060944b4326d8211c9c04","name":"Mapo","image":{"@type":"ImageObject","inLanguage":"de-DE","@id":"https:\/\/www.dolomitiprealpi.it\/de\/#\/schema\/person\/image\/","url":"https:\/\/secure.gravatar.com\/avatar\/7ce219f4d7d86c45bf979b9d8e0150ad0a4bbd7d3fa61bcb36ffa3cb99018dda?s=96&d=mm&r=g","contentUrl":"https:\/\/secure.gravatar.com\/avatar\/7ce219f4d7d86c45bf979b9d8e0150ad0a4bbd7d3fa61bcb36ffa3cb99018dda?s=96&d=mm&r=g","caption":"Mapo"},"url":"https:\/\/www.dolomitiprealpi.it\/de\/author\/mapo\/"}]}},"jetpack_featured_media_url":"","_links":{"self":[{"href":"https:\/\/www.dolomitiprealpi.it\/de\/wp-json\/wp\/v2\/posts\/48878","targetHints":{"allow":["GET"]}}],"collection":[{"href":"https:\/\/www.dolomitiprealpi.it\/de\/wp-json\/wp\/v2\/posts"}],"about":[{"href":"https:\/\/www.dolomitiprealpi.it\/de\/wp-json\/wp\/v2\/types\/post"}],"author":[{"embeddable":true,"href":"https:\/\/www.dolomitiprealpi.it\/de\/wp-json\/wp\/v2\/users\/2"}],"replies":[{"embeddable":true,"href":"https:\/\/www.dolomitiprealpi.it\/de\/wp-json\/wp\/v2\/comments?post=48878"}],"version-history":[{"count":1,"href":"https:\/\/www.dolomitiprealpi.it\/de\/wp-json\/wp\/v2\/posts\/48878\/revisions"}],"predecessor-version":[{"id":51090,"href":"https:\/\/www.dolomitiprealpi.it\/de\/wp-json\/wp\/v2\/posts\/48878\/revisions\/51090"}],"wp:attachment":[{"href":"https:\/\/www.dolomitiprealpi.it\/de\/wp-json\/wp\/v2\/media?parent=48878"}],"wp:term":[{"taxonomy":"category","embeddable":true,"href":"https:\/\/www.dolomitiprealpi.it\/de\/wp-json\/wp\/v2\/categories?post=48878"},{"taxonomy":"post_tag","embeddable":true,"href":"https:\/\/www.dolomitiprealpi.it\/de\/wp-json\/wp\/v2\/tags?post=48878"}],"curies":[{"name":"wp","href":"https:\/\/api.w.org\/{rel}","templated":true}]}}