{"id":48670,"date":"2023-02-10T17:41:01","date_gmt":"2023-02-10T16:41:01","guid":{"rendered":"https:\/\/www.dolomitiprealpi.it\/anello-del-rio-musil\/"},"modified":"2026-04-23T17:18:05","modified_gmt":"2026-04-23T15:18:05","slug":"anello-del-rio-musil","status":"publish","type":"post","link":"https:\/\/www.dolomitiprealpi.it\/de\/anello-del-rio-musil\/","title":{"rendered":"Rundweg am Rio Musil"},"content":{"rendered":"<p>Der Ring des Rio Musil erstreckt sich \u00fcber etwa 5 km entlang der Gew\u00e4sser, die die Umgebung von Feltre und Pedavena durchqueren. <\/p>\n<p>Ein Spaziergang hier, zu Fu\u00df oder mit dem Fahrrad, wird Ihnen einen Hauch der duftenden Waldluft schenken, die von den Vette Feltrine hinabsteigt. Diese wunderbaren Gipfel rahmen den gesamten Weg ein, der vom Zentrum von Feltre ausgeht. Wenn Sie den Radweg nach Pedavena nehmen, k\u00f6nnen Sie in der Ferne die historische Brauerei Pedavena erblicken und werden vom Duft des Bierbrauens berauscht.<\/p>\n<p>SEHENSW\u00dcRDIGKEITEN<\/p>\n<p>Den Radweg verlassen, geht es auf der linken Seite ein kurzes St\u00fcck auf der Stra\u00dfe namens \u201eLe Cassie\u201c entlang.<br \/>Am Kreuzung zur Stra\u00dfe nach Stella Maris sieht man die Nordseite der Villa Bonsembiante (17. Jh.) mit der dazugeh\u00f6rigen Kapelle. Weiter auf der Schotterstra\u00dfe kommen Sie dann in die N\u00e4he der Sportanlagen Boscherai, die die lokalen Fu\u00dfball- und Rugby-Teams beherbergen und eine Landestelle f\u00fcr Paraglider sind, die vom Monte Avena abheben.<\/p>\n<p>Der Weg f\u00fchrt durch Teven, das Land der Wandmalereien, deren Gassen wundersch\u00f6ne Gem\u00e4lde zeigen, die Momente aus dem Leben der Bergbewohner erz\u00e4hlen. Der Spaziergang wird jetzt ganz bergab verlaufen, begleitet vom Pl\u00e4tschern des Baches Musil. Entlang des Weges laden einige B\u00e4nke zum Sitzen ein, um die umliegende Vegetation zu bewundern und die romantischen Kl\u00e4nge der Natur zu h\u00f6ren.<\/p>\n<p>Am Ende des Schotterweges befindet sich eine Elektrostation mit einem Graffiti-Mural \u2013 von L. Ballis und G. Sogne \u2013 inspiriert von einer der Legenden der Pallid Berge, den Dolomiten.<\/p>\n<p>Von hier aus geht es f\u00fcr 2,5 km in Richtung Osten auf der asphaltierten Stra\u00dfe namens \u201eLe Valentine\u201c, die zum Ausgangspunkt f\u00fchrt.<\/p>\n<p>WEG DESCRIPTION<\/p>\n<p>Vom Piazzale S. Guarnieri&nbsp;den Fu\u00dfweg Alle Vittime del Lavoro entlang des Baches Colmeda nehmen. Weiter geradeaus \u00fcber die Via M. Gaggia und die Via Boscariz. An der kleinen Kreisverkehr die 3. Ausfahrt zur Via Segusini nehmen, nach wenigen Metern links den Anfang des Rad- und Fu\u00dfwegs nehmen.<\/p>\n<p>Am Ende nach links in die Via Cassie abbiegen, einige Meter nach S\u00fcden weitergehen, die Viale Pedavena \u00fcberqueren und die Via Stella Maris, Via Col di Rosa, Via Teven, Via Valentine, Via Fosse und schlie\u00dflich die Viale Farra nehmen.<\/p>\n<p>\u00dcberqueren, dann die Via Madonnetta und die Via Segusini nehmen, um zum Piazzale Guarnieri zur\u00fcckzukehren, nach S\u00fcden.<\/p>\n<p><b><u>N\u00dcTZLICHE INFORMATIONEN<\/u><\/b>:<\/p>\n<p><b>Abfahrt und Ankunft<\/b>: Piazzale S. Guarnieri<\/p>\n<p><b>Entfernung<\/b>:&nbsp;5 km&nbsp;<\/p>\n<p><b>Schwierigkeit<\/b>: leicht<\/p>\n<p><b>Empfohlene Periode<\/b>: das ganze Jahr \u00fcber.<\/p>\n<p><\/p>\n<p>Man befindet sich in einer nat\u00fcrlichen Umgebung, die Respekt verlangt:<\/p>\n<ul>\n<li>Verbot der Blumenpfl\u00fccke<\/li>\n<li>Verbot des Badens<\/li>\n<li>Kein L\u00e4rm<\/li>\n<li>Verbot des Feuerentz\u00fcndens<\/li>\n<li>Keinen M\u00fcll hinterlassen, sondern diesen in die daf\u00fcr vorgesehenen Beh\u00e4lter werfen (auch Zigarettenstummel, Taschent\u00fccher, Masken und organische Abf\u00e4lle)<\/li>\n<li> Minderj\u00e4hrige m\u00fcssen begleitet werden<\/li>\n<li> Hunde m\u00fcssen an der Leine gehalten werden und ihre Exkremente m\u00fcssen eingesammelt werden<\/li>\n<li> Den Weg nicht verlassen<\/li>\n<li> Die lokale Fauna nicht st\u00f6ren<\/li>\n<\/ul>\n<p>Es wird empfohlen, sich vor Beginn des Weges \u00fcber m\u00f6gliche St\u00f6rungen auf der Website von <a href=\"https:\/\/www.arpa.veneto.it\/\">ARPAV<\/a> zu informieren.<\/p>\n","protected":false},"excerpt":{"rendered":"<p>Der Ring des Rio Musil erstreckt sich \u00fcber etwa 5 km entlang der Gew\u00e4sser, die die Umgebung von Feltre und Pedavena durchqueren. Ein Spaziergang hier, zu Fu\u00df oder mit dem<\/p>\n","protected":false},"author":2,"featured_media":0,"comment_status":"closed","ping_status":"open","sticky":false,"template":"","format":"standard","meta":{"_acf_changed":false,"inline_featured_image":false,"footnotes":""},"categories":[227,1],"tags":[122,285,286,234,287,121],"class_list":["post-48670","post","type-post","status-publish","format-standard","hentry","category-entlang-von-seen-und-fluessen","category-uncategorized","tag-feratel-sync","tag-feratel-sync-de","tag-poi-de","tag-poi","tag-punti-interesse-feratel-de","tag-punti-interesse-feratel"],"acf":[],"yoast_head":"<!-- This site is optimized with the Yoast SEO plugin v25.7 - https:\/\/yoast.com\/wordpress\/plugins\/seo\/ -->\n<title>Rundweg am Rio Musil - Dolomiti Prealpi<\/title>\n<meta name=\"robots\" content=\"index, follow, max-snippet:-1, max-image-preview:large, max-video-preview:-1\" \/>\n<link rel=\"canonical\" href=\"https:\/\/www.dolomitiprealpi.it\/de\/anello-del-rio-musil\/\" \/>\n<meta property=\"og:locale\" content=\"de_DE\" \/>\n<meta property=\"og:type\" content=\"article\" \/>\n<meta property=\"og:title\" content=\"Rundweg am Rio Musil - Dolomiti Prealpi\" \/>\n<meta property=\"og:description\" content=\"Der Ring des Rio Musil erstreckt sich \u00fcber etwa 5 km entlang der Gew\u00e4sser, die die Umgebung von Feltre und Pedavena durchqueren. Ein Spaziergang hier, zu Fu\u00df oder mit dem\" \/>\n<meta property=\"og:url\" content=\"https:\/\/www.dolomitiprealpi.it\/de\/anello-del-rio-musil\/\" \/>\n<meta property=\"og:site_name\" content=\"Dolomiti Prealpi\" \/>\n<meta property=\"article:publisher\" content=\"https:\/\/www.facebook.com\/dolomitiprealpi.it\/\" \/>\n<meta property=\"article:published_time\" content=\"2023-02-10T16:41:01+00:00\" \/>\n<meta property=\"article:modified_time\" content=\"2026-04-23T15:18:05+00:00\" \/>\n<meta property=\"og:image\" content=\"https:\/\/www.dolomitiprealpi.it\/wp-content\/uploads\/2022\/11\/C.-Timpone-Foto-archivio-Consorzio-turistico-Dolomiti-Prealpi-Nevegal-Belluno-Bike-18-2.jpg\" \/>\n\t<meta property=\"og:image:width\" content=\"2048\" \/>\n\t<meta property=\"og:image:height\" content=\"1888\" \/>\n\t<meta property=\"og:image:type\" content=\"image\/jpeg\" \/>\n<meta name=\"author\" content=\"Mapo\" \/>\n<meta name=\"twitter:card\" content=\"summary_large_image\" \/>\n<meta name=\"twitter:label1\" content=\"Written by\" \/>\n\t<meta name=\"twitter:data1\" content=\"Mapo\" \/>\n\t<meta name=\"twitter:label2\" content=\"Est. reading time\" \/>\n\t<meta name=\"twitter:data2\" content=\"3 minutes\" \/>\n<script type=\"application\/ld+json\" class=\"yoast-schema-graph\">{\"@context\":\"https:\/\/schema.org\",\"@graph\":[{\"@type\":\"Article\",\"@id\":\"https:\/\/www.dolomitiprealpi.it\/de\/anello-del-rio-musil\/#article\",\"isPartOf\":{\"@id\":\"https:\/\/www.dolomitiprealpi.it\/de\/anello-del-rio-musil\/\"},\"author\":{\"name\":\"Mapo\",\"@id\":\"https:\/\/www.dolomitiprealpi.it\/de\/#\/schema\/person\/3442beb0554060944b4326d8211c9c04\"},\"headline\":\"Rundweg am Rio Musil\",\"datePublished\":\"2023-02-10T16:41:01+00:00\",\"dateModified\":\"2026-04-23T15:18:05+00:00\",\"mainEntityOfPage\":{\"@id\":\"https:\/\/www.dolomitiprealpi.it\/de\/anello-del-rio-musil\/\"},\"wordCount\":516,\"publisher\":{\"@id\":\"https:\/\/www.dolomitiprealpi.it\/de\/#organization\"},\"keywords\":[\"Feratel sync\",\"Feratel sync\",\"POI\",\"POI\",\"Punti interesse Feratel\",\"Punti interesse Feratel\"],\"articleSection\":[\"Entlang von Seen und Fl\u00fcssen\"],\"inLanguage\":\"de-DE\"},{\"@type\":\"WebPage\",\"@id\":\"https:\/\/www.dolomitiprealpi.it\/de\/anello-del-rio-musil\/\",\"url\":\"https:\/\/www.dolomitiprealpi.it\/de\/anello-del-rio-musil\/\",\"name\":\"Rundweg am Rio Musil - Dolomiti Prealpi\",\"isPartOf\":{\"@id\":\"https:\/\/www.dolomitiprealpi.it\/de\/#website\"},\"datePublished\":\"2023-02-10T16:41:01+00:00\",\"dateModified\":\"2026-04-23T15:18:05+00:00\",\"breadcrumb\":{\"@id\":\"https:\/\/www.dolomitiprealpi.it\/de\/anello-del-rio-musil\/#breadcrumb\"},\"inLanguage\":\"de-DE\",\"potentialAction\":[{\"@type\":\"ReadAction\",\"target\":[\"https:\/\/www.dolomitiprealpi.it\/de\/anello-del-rio-musil\/\"]}]},{\"@type\":\"BreadcrumbList\",\"@id\":\"https:\/\/www.dolomitiprealpi.it\/de\/anello-del-rio-musil\/#breadcrumb\",\"itemListElement\":[{\"@type\":\"ListItem\",\"position\":1,\"name\":\"Home\",\"item\":\"https:\/\/www.dolomitiprealpi.it\/de\/\"},{\"@type\":\"ListItem\",\"position\":2,\"name\":\"Rundweg am Rio Musil\"}]},{\"@type\":\"WebSite\",\"@id\":\"https:\/\/www.dolomitiprealpi.it\/de\/#website\",\"url\":\"https:\/\/www.dolomitiprealpi.it\/de\/\",\"name\":\"Dolomiti Prealpi\",\"description\":\"\",\"publisher\":{\"@id\":\"https:\/\/www.dolomitiprealpi.it\/de\/#organization\"},\"potentialAction\":[{\"@type\":\"SearchAction\",\"target\":{\"@type\":\"EntryPoint\",\"urlTemplate\":\"https:\/\/www.dolomitiprealpi.it\/de\/?s={search_term_string}\"},\"query-input\":{\"@type\":\"PropertyValueSpecification\",\"valueRequired\":true,\"valueName\":\"search_term_string\"}}],\"inLanguage\":\"de-DE\"},{\"@type\":\"Organization\",\"@id\":\"https:\/\/www.dolomitiprealpi.it\/de\/#organization\",\"name\":\"Consorzio Dolomiti Prealpi\",\"url\":\"https:\/\/www.dolomitiprealpi.it\/de\/\",\"logo\":{\"@type\":\"ImageObject\",\"inLanguage\":\"de-DE\",\"@id\":\"https:\/\/www.dolomitiprealpi.it\/de\/#\/schema\/logo\/image\/\",\"url\":\"https:\/\/www.dolomitiprealpi.it\/wp-content\/uploads\/2023\/03\/dolomitiprealpi-favicon.jpg\",\"contentUrl\":\"https:\/\/www.dolomitiprealpi.it\/wp-content\/uploads\/2023\/03\/dolomitiprealpi-favicon.jpg\",\"width\":512,\"height\":512,\"caption\":\"Consorzio Dolomiti Prealpi\"},\"image\":{\"@id\":\"https:\/\/www.dolomitiprealpi.it\/de\/#\/schema\/logo\/image\/\"},\"sameAs\":[\"https:\/\/www.facebook.com\/dolomitiprealpi.it\/\",\"https:\/\/www.instagram.com\/dolomitiprealpi\/\"]},{\"@type\":\"Person\",\"@id\":\"https:\/\/www.dolomitiprealpi.it\/de\/#\/schema\/person\/3442beb0554060944b4326d8211c9c04\",\"name\":\"Mapo\",\"image\":{\"@type\":\"ImageObject\",\"inLanguage\":\"de-DE\",\"@id\":\"https:\/\/www.dolomitiprealpi.it\/de\/#\/schema\/person\/image\/\",\"url\":\"https:\/\/secure.gravatar.com\/avatar\/7ce219f4d7d86c45bf979b9d8e0150ad0a4bbd7d3fa61bcb36ffa3cb99018dda?s=96&d=mm&r=g\",\"contentUrl\":\"https:\/\/secure.gravatar.com\/avatar\/7ce219f4d7d86c45bf979b9d8e0150ad0a4bbd7d3fa61bcb36ffa3cb99018dda?s=96&d=mm&r=g\",\"caption\":\"Mapo\"},\"url\":\"https:\/\/www.dolomitiprealpi.it\/de\/author\/mapo\/\"}]}<\/script>\n<!-- \/ Yoast SEO plugin. -->","yoast_head_json":{"title":"Rundweg am Rio Musil - Dolomiti Prealpi","robots":{"index":"index","follow":"follow","max-snippet":"max-snippet:-1","max-image-preview":"max-image-preview:large","max-video-preview":"max-video-preview:-1"},"canonical":"https:\/\/www.dolomitiprealpi.it\/de\/anello-del-rio-musil\/","og_locale":"de_DE","og_type":"article","og_title":"Rundweg am Rio Musil - Dolomiti Prealpi","og_description":"Der Ring des Rio Musil erstreckt sich \u00fcber etwa 5 km entlang der Gew\u00e4sser, die die Umgebung von Feltre und Pedavena durchqueren. Ein Spaziergang hier, zu Fu\u00df oder mit dem","og_url":"https:\/\/www.dolomitiprealpi.it\/de\/anello-del-rio-musil\/","og_site_name":"Dolomiti Prealpi","article_publisher":"https:\/\/www.facebook.com\/dolomitiprealpi.it\/","article_published_time":"2023-02-10T16:41:01+00:00","article_modified_time":"2026-04-23T15:18:05+00:00","og_image":[{"width":2048,"height":1888,"url":"https:\/\/www.dolomitiprealpi.it\/wp-content\/uploads\/2022\/11\/C.-Timpone-Foto-archivio-Consorzio-turistico-Dolomiti-Prealpi-Nevegal-Belluno-Bike-18-2.jpg","type":"image\/jpeg"}],"author":"Mapo","twitter_card":"summary_large_image","twitter_misc":{"Written by":"Mapo","Est. reading time":"3 minutes"},"schema":{"@context":"https:\/\/schema.org","@graph":[{"@type":"Article","@id":"https:\/\/www.dolomitiprealpi.it\/de\/anello-del-rio-musil\/#article","isPartOf":{"@id":"https:\/\/www.dolomitiprealpi.it\/de\/anello-del-rio-musil\/"},"author":{"name":"Mapo","@id":"https:\/\/www.dolomitiprealpi.it\/de\/#\/schema\/person\/3442beb0554060944b4326d8211c9c04"},"headline":"Rundweg am Rio Musil","datePublished":"2023-02-10T16:41:01+00:00","dateModified":"2026-04-23T15:18:05+00:00","mainEntityOfPage":{"@id":"https:\/\/www.dolomitiprealpi.it\/de\/anello-del-rio-musil\/"},"wordCount":516,"publisher":{"@id":"https:\/\/www.dolomitiprealpi.it\/de\/#organization"},"keywords":["Feratel sync","Feratel sync","POI","POI","Punti interesse Feratel","Punti interesse Feratel"],"articleSection":["Entlang von Seen und Fl\u00fcssen"],"inLanguage":"de-DE"},{"@type":"WebPage","@id":"https:\/\/www.dolomitiprealpi.it\/de\/anello-del-rio-musil\/","url":"https:\/\/www.dolomitiprealpi.it\/de\/anello-del-rio-musil\/","name":"Rundweg am Rio Musil - Dolomiti Prealpi","isPartOf":{"@id":"https:\/\/www.dolomitiprealpi.it\/de\/#website"},"datePublished":"2023-02-10T16:41:01+00:00","dateModified":"2026-04-23T15:18:05+00:00","breadcrumb":{"@id":"https:\/\/www.dolomitiprealpi.it\/de\/anello-del-rio-musil\/#breadcrumb"},"inLanguage":"de-DE","potentialAction":[{"@type":"ReadAction","target":["https:\/\/www.dolomitiprealpi.it\/de\/anello-del-rio-musil\/"]}]},{"@type":"BreadcrumbList","@id":"https:\/\/www.dolomitiprealpi.it\/de\/anello-del-rio-musil\/#breadcrumb","itemListElement":[{"@type":"ListItem","position":1,"name":"Home","item":"https:\/\/www.dolomitiprealpi.it\/de\/"},{"@type":"ListItem","position":2,"name":"Rundweg am Rio Musil"}]},{"@type":"WebSite","@id":"https:\/\/www.dolomitiprealpi.it\/de\/#website","url":"https:\/\/www.dolomitiprealpi.it\/de\/","name":"Dolomiti Prealpi","description":"","publisher":{"@id":"https:\/\/www.dolomitiprealpi.it\/de\/#organization"},"potentialAction":[{"@type":"SearchAction","target":{"@type":"EntryPoint","urlTemplate":"https:\/\/www.dolomitiprealpi.it\/de\/?s={search_term_string}"},"query-input":{"@type":"PropertyValueSpecification","valueRequired":true,"valueName":"search_term_string"}}],"inLanguage":"de-DE"},{"@type":"Organization","@id":"https:\/\/www.dolomitiprealpi.it\/de\/#organization","name":"Consorzio Dolomiti Prealpi","url":"https:\/\/www.dolomitiprealpi.it\/de\/","logo":{"@type":"ImageObject","inLanguage":"de-DE","@id":"https:\/\/www.dolomitiprealpi.it\/de\/#\/schema\/logo\/image\/","url":"https:\/\/www.dolomitiprealpi.it\/wp-content\/uploads\/2023\/03\/dolomitiprealpi-favicon.jpg","contentUrl":"https:\/\/www.dolomitiprealpi.it\/wp-content\/uploads\/2023\/03\/dolomitiprealpi-favicon.jpg","width":512,"height":512,"caption":"Consorzio Dolomiti Prealpi"},"image":{"@id":"https:\/\/www.dolomitiprealpi.it\/de\/#\/schema\/logo\/image\/"},"sameAs":["https:\/\/www.facebook.com\/dolomitiprealpi.it\/","https:\/\/www.instagram.com\/dolomitiprealpi\/"]},{"@type":"Person","@id":"https:\/\/www.dolomitiprealpi.it\/de\/#\/schema\/person\/3442beb0554060944b4326d8211c9c04","name":"Mapo","image":{"@type":"ImageObject","inLanguage":"de-DE","@id":"https:\/\/www.dolomitiprealpi.it\/de\/#\/schema\/person\/image\/","url":"https:\/\/secure.gravatar.com\/avatar\/7ce219f4d7d86c45bf979b9d8e0150ad0a4bbd7d3fa61bcb36ffa3cb99018dda?s=96&d=mm&r=g","contentUrl":"https:\/\/secure.gravatar.com\/avatar\/7ce219f4d7d86c45bf979b9d8e0150ad0a4bbd7d3fa61bcb36ffa3cb99018dda?s=96&d=mm&r=g","caption":"Mapo"},"url":"https:\/\/www.dolomitiprealpi.it\/de\/author\/mapo\/"}]}},"jetpack_featured_media_url":"","_links":{"self":[{"href":"https:\/\/www.dolomitiprealpi.it\/de\/wp-json\/wp\/v2\/posts\/48670","targetHints":{"allow":["GET"]}}],"collection":[{"href":"https:\/\/www.dolomitiprealpi.it\/de\/wp-json\/wp\/v2\/posts"}],"about":[{"href":"https:\/\/www.dolomitiprealpi.it\/de\/wp-json\/wp\/v2\/types\/post"}],"author":[{"embeddable":true,"href":"https:\/\/www.dolomitiprealpi.it\/de\/wp-json\/wp\/v2\/users\/2"}],"replies":[{"embeddable":true,"href":"https:\/\/www.dolomitiprealpi.it\/de\/wp-json\/wp\/v2\/comments?post=48670"}],"version-history":[{"count":2,"href":"https:\/\/www.dolomitiprealpi.it\/de\/wp-json\/wp\/v2\/posts\/48670\/revisions"}],"predecessor-version":[{"id":103660,"href":"https:\/\/www.dolomitiprealpi.it\/de\/wp-json\/wp\/v2\/posts\/48670\/revisions\/103660"}],"wp:attachment":[{"href":"https:\/\/www.dolomitiprealpi.it\/de\/wp-json\/wp\/v2\/media?parent=48670"}],"wp:term":[{"taxonomy":"category","embeddable":true,"href":"https:\/\/www.dolomitiprealpi.it\/de\/wp-json\/wp\/v2\/categories?post=48670"},{"taxonomy":"post_tag","embeddable":true,"href":"https:\/\/www.dolomitiprealpi.it\/de\/wp-json\/wp\/v2\/tags?post=48670"}],"curies":[{"name":"wp","href":"https:\/\/api.w.org\/{rel}","templated":true}]}}