{"id":48640,"date":"2025-02-27T16:37:44","date_gmt":"2025-02-27T15:37:44","guid":{"rendered":"https:\/\/www.dolomitiprealpi.it\/di-terra-e-damore\/"},"modified":"2026-04-23T17:17:32","modified_gmt":"2026-04-23T15:17:32","slug":"di-terra-e-damore","status":"publish","type":"post","link":"https:\/\/www.dolomitiprealpi.it\/de\/di-terra-e-damore\/","title":{"rendered":"Di Terra e d&#8217;amore"},"content":{"rendered":"<p>Ein Weg f\u00fcr Cesare Dalfreddo<\/p>\n<p><\/p>\n<p>Ein kurzer Weg entlang des Baches Caorame, um Cesare Dalfreddo zu gedenken: Naturforscher, Lehrer, F\u00fchrer des Parks, der 2009 viel zu fr\u00fch verstorben ist. Ein Spaziergang, um die Geheimnisse der Tiere und Pflanzen zu entdecken, die den Teich, den Wald und den Bach bewohnen, und um das Wissen \u00fcber Schnecken zu vertiefen: das Objekt von Cesares naturwissenschaftlichen Forschungen.<\/p>\n<p>Zugang:<b>&nbsp;<\/b>Fahren Sie die SP Nr. 12 Pedemontana zwischen Feltre und Belluno bis zur Ortschaft Soranz\u00e8n (Cesiomaggiore), folgen Sie den Hinweisen nach Val Canzoi, dann durchqueren Sie das Tal bis zum Bildungszentrum des Parks \u201eLa Santina\u201c, \u00fcberqueren Sie es und fahren Sie weitere 700 Meter bis zur Br\u00fccke \u00fcber den Bach Caorame<\/p>\n<p><b><u>N\u00dcTZLICHE INFORMATIONEN:<\/u><\/b><\/p>\n<ul>\n<li><b>Abfahrt und <\/b><b>Ankunft<\/b>: Val Canzoi, Br\u00fccke \u00fcber den Bach Caorame (700 m hinter dem Informationszentrum des Parks)<\/li>\n<li><b>Dauer:<\/b>&nbsp;30 min<\/li>\n<li><b>Schwierigkeitsgrad:<\/b>&nbsp;T \u2013 Touristisch<\/li>\n<li><b>L\u00e4nge:<\/b>&nbsp;1 km<\/li>\n<li><b>H\u00f6henunterschied:<\/b>&nbsp;10 m<\/li>\n<li><b>Minimale H\u00f6he:<\/b>&nbsp;580 m<\/li>\n<li><b>Maximale H\u00f6he:<\/b>&nbsp;590 m<\/li>\n<li><b>Art der Route:&nbsp;<\/b>Zwei Schritte vor den Toren des Parks<\/li>\n<\/ul>\n<p>&nbsp;<\/p>\n<p>Man befindet sich in einer nat\u00fcrlichen Umgebung, die Respekt erfordert:<\/p>\n<ul>\n<li>Sammlung von Blumen verboten<\/li>\n<li>Baden verboten<\/li>\n<li>Keine L\u00e4rmbel\u00e4stigung<\/li>\n<li>Feuer entz\u00fcnden verboten<\/li>\n<li>Kein M\u00fcll herumliegen lassen, sondern in die daf\u00fcr vorgesehenen Pl\u00e4tze werfen (auch Zigarettenstummel, Taschent\u00fccher, Masken und organische Abf\u00e4lle)<\/li>\n<li>Minoren m\u00fcssen begleitet werden<\/li>\n<li>Hunde m\u00fcssen an der Leine gehalten und ihre Hinterlassenschaften eingesammelt werden<\/li>\n<li>Den Weg nicht verlassen<\/li>\n<li>Die lokale Tierwelt nicht st\u00f6ren<\/li>\n<\/ul>\n<p>Es wird empfohlen, sich \u00fcber m\u00f6gliche St\u00f6rungen auf der Website der <a href=\"https:\/\/www2.arpa.veneto.it\/meteo\/it\/html\/meteo_dolomiti.php\">ARPAV<\/a> zu informieren, bevor Sie den Weg antreten. <\/p>\n","protected":false},"excerpt":{"rendered":"<p>Ein Weg f\u00fcr Cesare Dalfreddo Ein kurzer Weg entlang des Baches Caorame, um Cesare Dalfreddo zu gedenken: Naturforscher, Lehrer, F\u00fchrer des Parks, der 2009 viel zu fr\u00fch verstorben ist. Ein<\/p>\n","protected":false},"author":2,"featured_media":0,"comment_status":"closed","ping_status":"open","sticky":false,"template":"","format":"standard","meta":{"_acf_changed":false,"inline_featured_image":false,"footnotes":""},"categories":[169,224,1],"tags":[285,122,234,286,287,121],"class_list":["post-48640","post","type-post","status-publish","format-standard","hentry","category-nationalpark-dolomiti-bellunesi","category-naturlehrpfade","category-uncategorized","tag-feratel-sync-de","tag-feratel-sync","tag-poi","tag-poi-de","tag-punti-interesse-feratel-de","tag-punti-interesse-feratel"],"acf":[],"yoast_head":"<!-- This site is optimized with the Yoast SEO plugin v25.7 - https:\/\/yoast.com\/wordpress\/plugins\/seo\/ -->\n<title>Di Terra e d&#039;amore - Dolomiti Prealpi<\/title>\n<meta name=\"robots\" content=\"index, follow, max-snippet:-1, max-image-preview:large, max-video-preview:-1\" \/>\n<link rel=\"canonical\" href=\"https:\/\/www.dolomitiprealpi.it\/de\/di-terra-e-damore\/\" \/>\n<meta property=\"og:locale\" content=\"de_DE\" \/>\n<meta property=\"og:type\" content=\"article\" \/>\n<meta property=\"og:title\" content=\"Di Terra e d&#039;amore - Dolomiti Prealpi\" \/>\n<meta property=\"og:description\" content=\"Ein Weg f\u00fcr Cesare Dalfreddo Ein kurzer Weg entlang des Baches Caorame, um Cesare Dalfreddo zu gedenken: Naturforscher, Lehrer, F\u00fchrer des Parks, der 2009 viel zu fr\u00fch verstorben ist. Ein\" \/>\n<meta property=\"og:url\" content=\"https:\/\/www.dolomitiprealpi.it\/de\/di-terra-e-damore\/\" \/>\n<meta property=\"og:site_name\" content=\"Dolomiti Prealpi\" \/>\n<meta property=\"article:publisher\" content=\"https:\/\/www.facebook.com\/dolomitiprealpi.it\/\" \/>\n<meta property=\"article:published_time\" content=\"2025-02-27T15:37:44+00:00\" \/>\n<meta property=\"article:modified_time\" content=\"2026-04-23T15:17:32+00:00\" \/>\n<meta property=\"og:image\" content=\"https:\/\/www.dolomitiprealpi.it\/wp-content\/uploads\/2022\/11\/C.-Timpone-Foto-archivio-Consorzio-turistico-Dolomiti-Prealpi-Nevegal-Belluno-Bike-18-2.jpg\" \/>\n\t<meta property=\"og:image:width\" content=\"2048\" \/>\n\t<meta property=\"og:image:height\" content=\"1888\" \/>\n\t<meta property=\"og:image:type\" content=\"image\/jpeg\" \/>\n<meta name=\"author\" content=\"Mapo\" \/>\n<meta name=\"twitter:card\" content=\"summary_large_image\" \/>\n<meta name=\"twitter:label1\" content=\"Written by\" \/>\n\t<meta name=\"twitter:data1\" content=\"Mapo\" \/>\n\t<meta name=\"twitter:label2\" content=\"Est. reading time\" \/>\n\t<meta name=\"twitter:data2\" content=\"1 minute\" \/>\n<script type=\"application\/ld+json\" class=\"yoast-schema-graph\">{\"@context\":\"https:\/\/schema.org\",\"@graph\":[{\"@type\":\"Article\",\"@id\":\"https:\/\/www.dolomitiprealpi.it\/de\/di-terra-e-damore\/#article\",\"isPartOf\":{\"@id\":\"https:\/\/www.dolomitiprealpi.it\/de\/di-terra-e-damore\/\"},\"author\":{\"name\":\"Mapo\",\"@id\":\"https:\/\/www.dolomitiprealpi.it\/de\/#\/schema\/person\/3442beb0554060944b4326d8211c9c04\"},\"headline\":\"Di Terra e d&#8217;amore\",\"datePublished\":\"2025-02-27T15:37:44+00:00\",\"dateModified\":\"2026-04-23T15:17:32+00:00\",\"mainEntityOfPage\":{\"@id\":\"https:\/\/www.dolomitiprealpi.it\/de\/di-terra-e-damore\/\"},\"wordCount\":275,\"publisher\":{\"@id\":\"https:\/\/www.dolomitiprealpi.it\/de\/#organization\"},\"keywords\":[\"Feratel sync\",\"Feratel sync\",\"POI\",\"POI\",\"Punti interesse Feratel\",\"Punti interesse Feratel\"],\"articleSection\":[\"Nationalpark Dolomiti Bellunesi\",\"Naturlehrpfade\"],\"inLanguage\":\"de-DE\"},{\"@type\":\"WebPage\",\"@id\":\"https:\/\/www.dolomitiprealpi.it\/de\/di-terra-e-damore\/\",\"url\":\"https:\/\/www.dolomitiprealpi.it\/de\/di-terra-e-damore\/\",\"name\":\"Di Terra e d'amore - Dolomiti Prealpi\",\"isPartOf\":{\"@id\":\"https:\/\/www.dolomitiprealpi.it\/de\/#website\"},\"datePublished\":\"2025-02-27T15:37:44+00:00\",\"dateModified\":\"2026-04-23T15:17:32+00:00\",\"breadcrumb\":{\"@id\":\"https:\/\/www.dolomitiprealpi.it\/de\/di-terra-e-damore\/#breadcrumb\"},\"inLanguage\":\"de-DE\",\"potentialAction\":[{\"@type\":\"ReadAction\",\"target\":[\"https:\/\/www.dolomitiprealpi.it\/de\/di-terra-e-damore\/\"]}]},{\"@type\":\"BreadcrumbList\",\"@id\":\"https:\/\/www.dolomitiprealpi.it\/de\/di-terra-e-damore\/#breadcrumb\",\"itemListElement\":[{\"@type\":\"ListItem\",\"position\":1,\"name\":\"Home\",\"item\":\"https:\/\/www.dolomitiprealpi.it\/de\/\"},{\"@type\":\"ListItem\",\"position\":2,\"name\":\"Di Terra e d&#8217;amore\"}]},{\"@type\":\"WebSite\",\"@id\":\"https:\/\/www.dolomitiprealpi.it\/de\/#website\",\"url\":\"https:\/\/www.dolomitiprealpi.it\/de\/\",\"name\":\"Dolomiti Prealpi\",\"description\":\"\",\"publisher\":{\"@id\":\"https:\/\/www.dolomitiprealpi.it\/de\/#organization\"},\"potentialAction\":[{\"@type\":\"SearchAction\",\"target\":{\"@type\":\"EntryPoint\",\"urlTemplate\":\"https:\/\/www.dolomitiprealpi.it\/de\/?s={search_term_string}\"},\"query-input\":{\"@type\":\"PropertyValueSpecification\",\"valueRequired\":true,\"valueName\":\"search_term_string\"}}],\"inLanguage\":\"de-DE\"},{\"@type\":\"Organization\",\"@id\":\"https:\/\/www.dolomitiprealpi.it\/de\/#organization\",\"name\":\"Consorzio Dolomiti Prealpi\",\"url\":\"https:\/\/www.dolomitiprealpi.it\/de\/\",\"logo\":{\"@type\":\"ImageObject\",\"inLanguage\":\"de-DE\",\"@id\":\"https:\/\/www.dolomitiprealpi.it\/de\/#\/schema\/logo\/image\/\",\"url\":\"https:\/\/www.dolomitiprealpi.it\/wp-content\/uploads\/2023\/03\/dolomitiprealpi-favicon.jpg\",\"contentUrl\":\"https:\/\/www.dolomitiprealpi.it\/wp-content\/uploads\/2023\/03\/dolomitiprealpi-favicon.jpg\",\"width\":512,\"height\":512,\"caption\":\"Consorzio Dolomiti Prealpi\"},\"image\":{\"@id\":\"https:\/\/www.dolomitiprealpi.it\/de\/#\/schema\/logo\/image\/\"},\"sameAs\":[\"https:\/\/www.facebook.com\/dolomitiprealpi.it\/\",\"https:\/\/www.instagram.com\/dolomitiprealpi\/\"]},{\"@type\":\"Person\",\"@id\":\"https:\/\/www.dolomitiprealpi.it\/de\/#\/schema\/person\/3442beb0554060944b4326d8211c9c04\",\"name\":\"Mapo\",\"image\":{\"@type\":\"ImageObject\",\"inLanguage\":\"de-DE\",\"@id\":\"https:\/\/www.dolomitiprealpi.it\/de\/#\/schema\/person\/image\/\",\"url\":\"https:\/\/secure.gravatar.com\/avatar\/7ce219f4d7d86c45bf979b9d8e0150ad0a4bbd7d3fa61bcb36ffa3cb99018dda?s=96&d=mm&r=g\",\"contentUrl\":\"https:\/\/secure.gravatar.com\/avatar\/7ce219f4d7d86c45bf979b9d8e0150ad0a4bbd7d3fa61bcb36ffa3cb99018dda?s=96&d=mm&r=g\",\"caption\":\"Mapo\"},\"url\":\"https:\/\/www.dolomitiprealpi.it\/de\/author\/mapo\/\"}]}<\/script>\n<!-- \/ Yoast SEO plugin. -->","yoast_head_json":{"title":"Di Terra e d'amore - Dolomiti Prealpi","robots":{"index":"index","follow":"follow","max-snippet":"max-snippet:-1","max-image-preview":"max-image-preview:large","max-video-preview":"max-video-preview:-1"},"canonical":"https:\/\/www.dolomitiprealpi.it\/de\/di-terra-e-damore\/","og_locale":"de_DE","og_type":"article","og_title":"Di Terra e d'amore - Dolomiti Prealpi","og_description":"Ein Weg f\u00fcr Cesare Dalfreddo Ein kurzer Weg entlang des Baches Caorame, um Cesare Dalfreddo zu gedenken: Naturforscher, Lehrer, F\u00fchrer des Parks, der 2009 viel zu fr\u00fch verstorben ist. Ein","og_url":"https:\/\/www.dolomitiprealpi.it\/de\/di-terra-e-damore\/","og_site_name":"Dolomiti Prealpi","article_publisher":"https:\/\/www.facebook.com\/dolomitiprealpi.it\/","article_published_time":"2025-02-27T15:37:44+00:00","article_modified_time":"2026-04-23T15:17:32+00:00","og_image":[{"width":2048,"height":1888,"url":"https:\/\/www.dolomitiprealpi.it\/wp-content\/uploads\/2022\/11\/C.-Timpone-Foto-archivio-Consorzio-turistico-Dolomiti-Prealpi-Nevegal-Belluno-Bike-18-2.jpg","type":"image\/jpeg"}],"author":"Mapo","twitter_card":"summary_large_image","twitter_misc":{"Written by":"Mapo","Est. reading time":"1 minute"},"schema":{"@context":"https:\/\/schema.org","@graph":[{"@type":"Article","@id":"https:\/\/www.dolomitiprealpi.it\/de\/di-terra-e-damore\/#article","isPartOf":{"@id":"https:\/\/www.dolomitiprealpi.it\/de\/di-terra-e-damore\/"},"author":{"name":"Mapo","@id":"https:\/\/www.dolomitiprealpi.it\/de\/#\/schema\/person\/3442beb0554060944b4326d8211c9c04"},"headline":"Di Terra e d&#8217;amore","datePublished":"2025-02-27T15:37:44+00:00","dateModified":"2026-04-23T15:17:32+00:00","mainEntityOfPage":{"@id":"https:\/\/www.dolomitiprealpi.it\/de\/di-terra-e-damore\/"},"wordCount":275,"publisher":{"@id":"https:\/\/www.dolomitiprealpi.it\/de\/#organization"},"keywords":["Feratel sync","Feratel sync","POI","POI","Punti interesse Feratel","Punti interesse Feratel"],"articleSection":["Nationalpark Dolomiti Bellunesi","Naturlehrpfade"],"inLanguage":"de-DE"},{"@type":"WebPage","@id":"https:\/\/www.dolomitiprealpi.it\/de\/di-terra-e-damore\/","url":"https:\/\/www.dolomitiprealpi.it\/de\/di-terra-e-damore\/","name":"Di Terra e d'amore - Dolomiti Prealpi","isPartOf":{"@id":"https:\/\/www.dolomitiprealpi.it\/de\/#website"},"datePublished":"2025-02-27T15:37:44+00:00","dateModified":"2026-04-23T15:17:32+00:00","breadcrumb":{"@id":"https:\/\/www.dolomitiprealpi.it\/de\/di-terra-e-damore\/#breadcrumb"},"inLanguage":"de-DE","potentialAction":[{"@type":"ReadAction","target":["https:\/\/www.dolomitiprealpi.it\/de\/di-terra-e-damore\/"]}]},{"@type":"BreadcrumbList","@id":"https:\/\/www.dolomitiprealpi.it\/de\/di-terra-e-damore\/#breadcrumb","itemListElement":[{"@type":"ListItem","position":1,"name":"Home","item":"https:\/\/www.dolomitiprealpi.it\/de\/"},{"@type":"ListItem","position":2,"name":"Di Terra e d&#8217;amore"}]},{"@type":"WebSite","@id":"https:\/\/www.dolomitiprealpi.it\/de\/#website","url":"https:\/\/www.dolomitiprealpi.it\/de\/","name":"Dolomiti Prealpi","description":"","publisher":{"@id":"https:\/\/www.dolomitiprealpi.it\/de\/#organization"},"potentialAction":[{"@type":"SearchAction","target":{"@type":"EntryPoint","urlTemplate":"https:\/\/www.dolomitiprealpi.it\/de\/?s={search_term_string}"},"query-input":{"@type":"PropertyValueSpecification","valueRequired":true,"valueName":"search_term_string"}}],"inLanguage":"de-DE"},{"@type":"Organization","@id":"https:\/\/www.dolomitiprealpi.it\/de\/#organization","name":"Consorzio Dolomiti Prealpi","url":"https:\/\/www.dolomitiprealpi.it\/de\/","logo":{"@type":"ImageObject","inLanguage":"de-DE","@id":"https:\/\/www.dolomitiprealpi.it\/de\/#\/schema\/logo\/image\/","url":"https:\/\/www.dolomitiprealpi.it\/wp-content\/uploads\/2023\/03\/dolomitiprealpi-favicon.jpg","contentUrl":"https:\/\/www.dolomitiprealpi.it\/wp-content\/uploads\/2023\/03\/dolomitiprealpi-favicon.jpg","width":512,"height":512,"caption":"Consorzio Dolomiti Prealpi"},"image":{"@id":"https:\/\/www.dolomitiprealpi.it\/de\/#\/schema\/logo\/image\/"},"sameAs":["https:\/\/www.facebook.com\/dolomitiprealpi.it\/","https:\/\/www.instagram.com\/dolomitiprealpi\/"]},{"@type":"Person","@id":"https:\/\/www.dolomitiprealpi.it\/de\/#\/schema\/person\/3442beb0554060944b4326d8211c9c04","name":"Mapo","image":{"@type":"ImageObject","inLanguage":"de-DE","@id":"https:\/\/www.dolomitiprealpi.it\/de\/#\/schema\/person\/image\/","url":"https:\/\/secure.gravatar.com\/avatar\/7ce219f4d7d86c45bf979b9d8e0150ad0a4bbd7d3fa61bcb36ffa3cb99018dda?s=96&d=mm&r=g","contentUrl":"https:\/\/secure.gravatar.com\/avatar\/7ce219f4d7d86c45bf979b9d8e0150ad0a4bbd7d3fa61bcb36ffa3cb99018dda?s=96&d=mm&r=g","caption":"Mapo"},"url":"https:\/\/www.dolomitiprealpi.it\/de\/author\/mapo\/"}]}},"jetpack_featured_media_url":"","_links":{"self":[{"href":"https:\/\/www.dolomitiprealpi.it\/de\/wp-json\/wp\/v2\/posts\/48640","targetHints":{"allow":["GET"]}}],"collection":[{"href":"https:\/\/www.dolomitiprealpi.it\/de\/wp-json\/wp\/v2\/posts"}],"about":[{"href":"https:\/\/www.dolomitiprealpi.it\/de\/wp-json\/wp\/v2\/types\/post"}],"author":[{"embeddable":true,"href":"https:\/\/www.dolomitiprealpi.it\/de\/wp-json\/wp\/v2\/users\/2"}],"replies":[{"embeddable":true,"href":"https:\/\/www.dolomitiprealpi.it\/de\/wp-json\/wp\/v2\/comments?post=48640"}],"version-history":[{"count":1,"href":"https:\/\/www.dolomitiprealpi.it\/de\/wp-json\/wp\/v2\/posts\/48640\/revisions"}],"predecessor-version":[{"id":50898,"href":"https:\/\/www.dolomitiprealpi.it\/de\/wp-json\/wp\/v2\/posts\/48640\/revisions\/50898"}],"wp:attachment":[{"href":"https:\/\/www.dolomitiprealpi.it\/de\/wp-json\/wp\/v2\/media?parent=48640"}],"wp:term":[{"taxonomy":"category","embeddable":true,"href":"https:\/\/www.dolomitiprealpi.it\/de\/wp-json\/wp\/v2\/categories?post=48640"},{"taxonomy":"post_tag","embeddable":true,"href":"https:\/\/www.dolomitiprealpi.it\/de\/wp-json\/wp\/v2\/tags?post=48640"}],"curies":[{"name":"wp","href":"https:\/\/api.w.org\/{rel}","templated":true}]}}