{"id":47947,"date":"2024-03-05T13:59:15","date_gmt":"2024-03-05T12:59:15","guid":{"rendered":"https:\/\/www.dolomitiprealpi.it\/anello-della-val-belluna\/"},"modified":"2026-04-23T16:56:06","modified_gmt":"2026-04-23T14:56:06","slug":"anello-della-val-belluna","status":"publish","type":"post","link":"https:\/\/www.dolomitiprealpi.it\/de\/anello-della-val-belluna\/","title":{"rendered":"Anello della Val Belluna"},"content":{"rendered":"<p>Radwanderweg im Piave-Tal<\/p>\n<p>Der Ring von Val Belluna, am Fu\u00dfe des Nationalparks Dolomiti Bellunesi, erm\u00f6glicht es, eine Ecke Venetien zu entdecken, die noch nicht vom Massentourismus ber\u00fchrt wurde. <\/p>\n<p>Charakterisiert durch eine gro\u00dfe Vielfalt an Agrarlandschaften, reich an Kunst, Geschichte und Natur, mit den Kunstst\u00e4dten Belluno, Feltre und Mel, ethnographischen und naturkundlichen Sehensw\u00fcrdigkeiten, venezianischen Villen, Schl\u00f6ssern, arch\u00e4ologischen St\u00e4tten, Schluchten, Seen und Wasserf\u00e4llen, ist er ideal, um an jedem Wochenende des Jahres eine Zeit des langsamen Radverkehrs zu verbringen.&nbsp;<\/p>\n<p>Der Ring von Val Belluna, der in Richtung Belluno-Feltre verl\u00e4uft, beginnt in der wunderbaren Stadt Belluno und f\u00fchrt weiter nach Sedico und Santa Giustina, wo sich die M\u00fchle von 1526 von Santa Libera und die zahlreichen Kan\u00e4le des Ves\u00e8s entlang der \u201eWasserstra\u00dfe\u201c befinden. Dann geht es weiter nach Busche, wo 1964 die Molkerei-Kooperative der Vallata Feltrina gegr\u00fcndet wurde, die heute national und international besser als Lattebusche bekannt ist. Danach geht es in Richtung der venezianisch gestalteten Stadt Feltre mit einem herrlichen Blick auf die Dolomiten von Belluno.&nbsp;F\u00fcr diejenigen, die an weiteren nahegelegenen Orten interessiert sind, ist es m\u00f6glich, das Mis-Tal in Sospirolo im Herzen des Nationalparks Dolomiti Bellunesi zu erkunden, umgeben von den hohen und unergr\u00fcndlichen W\u00e4nden der Montes del Sole und der Gruppe des Pizzocco. In der Gegend von Cesiomaggiore erwarten Sie hingegen ein Besuch des Ethnographischen Museums Dolomiti und des Alltagslebens in Belluno vom Ende des neunzehnten Jahrhunderts bis heute, sowie das historische Fahrrad-Museum \u201eToni Bevilacqua\u201c, um den Tag im Val Canz\u00f2i zu beenden, das im Park liegt, und im Dorf Montagne mit l\u00e4ndlichen H\u00e4usern im typischen Stil dieser Gegend.&nbsp;<\/p>\n<p>Der Ring, der in Richtung Feltre-Belluno verl\u00e4uft, beginnt hingegen im historischen Renaissance-Zentrum der Stadt Feltre und f\u00fchrt nach Lentiai, wo sich die Kirche von Santa Maria Assunta befindet, die als Nationaldenkmal anerkannt ist. Nicht weit entfernt erwartet Sie die malerischste Kirchenruine aus dem 13. Jahrhundert, die dem heiligen Antonius von Padua in Bardies gewidmet ist, sowie die nat\u00fcrliche St\u00e4tte der Laghetti della Rimonta. Immer in Richtung Belluno gibt es einen unverzichtbaren Stopp im gesch\u00e4tzten Dorf Mel, dessen Platz von mehreren venezianischen Pal\u00e4sten ges\u00e4umt wird. Nach Trichiana und Limana erreicht man Villa Buzzati, die Residenz des bekannten Belluneser Schriftstellers, um die Route in Borgo Piave zu beenden, einem der wichtigsten Flussh\u00e4fen f\u00fcr die Fl\u00f6\u00dfer am Piave.&nbsp;F\u00fcr diejenigen, die weitere Orte au\u00dferhalb der Route auf der linken Piave entdecken m\u00f6chten, gibt es Routen, die Sie zu dem antiken architektonischen Komplex des Heiligtums der Heiligen Vittore und Corona sowie zum international bedeutenden Naturschutzgebiet Vincheto di Celarda f\u00fchren. In der Gegend von Borgo Valbelluna schlie\u00dflich k\u00f6nnen Sie das am besten erhaltene Schloss der gesamten Valbelluna bewundern, n\u00e4mlich das Schloss von Zumelle. <\/p>\n<p><b><u>N\u00dcTZLICHE INFORMATIONEN:<\/u><\/b><\/p>\n<p><b>Parkplatz<\/b>: Parkplatz Lambioi (Belluno)<\/p>\n<p><b>Entfernung<\/b>: 78 km<\/p>\n<p><b>H\u00f6henunterschied<\/b>: 1.115m<\/p>\n<p><b>Schwierigkeitsgrad<\/b>: mittel<\/p>\n<p><b>Dauer<\/b>: 1\/2 Tage<\/p>\n<p><b>Empfohlene Ausr\u00fcstung<\/b>: MTB bike\/Rennrad<\/p>\n<p>&nbsp;<\/p>\n<p>Man befindet sich in einer nat\u00fcrlichen Umgebung, die Respekt erfordert:<\/p>\n<ul>\n<li>Blumenpfl\u00fccken verboten<\/li>\n<li>Schwimmen verboten<\/li>\n<li>Keine L\u00e4rmemissionen<\/li>\n<li>Feueranz\u00fcnden verboten<\/li>\n<li>Kein M\u00fcll liegen lassen, sondern in den entsprechenden Beh\u00e4ltern entsorgen (auch Zigarettenst\u00fcmmel, Taschent\u00fccher, Masken und organische Abf\u00e4lle)<\/li>\n<li>Minoren m\u00fcssen begleitet werden<\/li>\n<li>Den Pfad nicht verlassen<\/li>\n<li>Die lokale Fauna nicht st\u00f6ren<\/li>\n<\/ul>\n<p>Es wird empfohlen, sich \u00fcber die Website der <a href=\"https:\/\/www.arpa.veneto.it\/\">ARPAV<\/a> \u00fcber m\u00f6gliche St\u00f6rungen zu informieren, bevor Sie den Weg antreten. <\/p>\n<p>F\u00fcr weitere Informationen \u00fcber den Weg und seine Varianten kann die Website des <a href=\"https:\/\/www.anellodellavalbelluna.it\/\">Anello della Val Belluna<\/a> konsultiert werden. <\/p>\n","protected":false},"excerpt":{"rendered":"<p>Radwanderweg im Piave-Tal Der Ring von Val Belluna, am Fu\u00dfe des Nationalparks Dolomiti Bellunesi, erm\u00f6glicht es, eine Ecke Venetien zu entdecken, die noch nicht vom Massentourismus ber\u00fchrt wurde. Charakterisiert durch<\/p>\n","protected":false},"author":2,"featured_media":0,"comment_status":"closed","ping_status":"open","sticky":false,"template":"","format":"standard","meta":{"_acf_changed":false,"inline_featured_image":false,"footnotes":""},"categories":[1,218],"tags":[122,285,234,286,287,121],"class_list":["post-47947","post","type-post","status-publish","format-standard","hentry","category-uncategorized","category-fahrradrouten","tag-feratel-sync","tag-feratel-sync-de","tag-poi","tag-poi-de","tag-punti-interesse-feratel-de","tag-punti-interesse-feratel"],"acf":[],"yoast_head":"<!-- This site is optimized with the Yoast SEO plugin v25.7 - https:\/\/yoast.com\/wordpress\/plugins\/seo\/ -->\n<title>Anello della Val Belluna - Dolomiti Prealpi<\/title>\n<meta name=\"robots\" content=\"index, follow, max-snippet:-1, max-image-preview:large, max-video-preview:-1\" \/>\n<link rel=\"canonical\" href=\"https:\/\/www.dolomitiprealpi.it\/de\/anello-della-val-belluna\/\" \/>\n<meta property=\"og:locale\" content=\"de_DE\" \/>\n<meta property=\"og:type\" content=\"article\" \/>\n<meta property=\"og:title\" content=\"Anello della Val Belluna - Dolomiti Prealpi\" \/>\n<meta property=\"og:description\" content=\"Radwanderweg im Piave-Tal Der Ring von Val Belluna, am Fu\u00dfe des Nationalparks Dolomiti Bellunesi, erm\u00f6glicht es, eine Ecke Venetien zu entdecken, die noch nicht vom Massentourismus ber\u00fchrt wurde. Charakterisiert durch\" \/>\n<meta property=\"og:url\" content=\"https:\/\/www.dolomitiprealpi.it\/de\/anello-della-val-belluna\/\" \/>\n<meta property=\"og:site_name\" content=\"Dolomiti Prealpi\" \/>\n<meta property=\"article:publisher\" content=\"https:\/\/www.facebook.com\/dolomitiprealpi.it\/\" \/>\n<meta property=\"article:published_time\" content=\"2024-03-05T12:59:15+00:00\" \/>\n<meta property=\"article:modified_time\" content=\"2026-04-23T14:56:06+00:00\" \/>\n<meta property=\"og:image\" content=\"https:\/\/www.dolomitiprealpi.it\/wp-content\/uploads\/2022\/11\/C.-Timpone-Foto-archivio-Consorzio-turistico-Dolomiti-Prealpi-Nevegal-Belluno-Bike-18-2.jpg\" \/>\n\t<meta property=\"og:image:width\" content=\"2048\" \/>\n\t<meta property=\"og:image:height\" content=\"1888\" \/>\n\t<meta property=\"og:image:type\" content=\"image\/jpeg\" \/>\n<meta name=\"author\" content=\"Mapo\" \/>\n<meta name=\"twitter:card\" content=\"summary_large_image\" \/>\n<meta name=\"twitter:label1\" content=\"Written by\" \/>\n\t<meta name=\"twitter:data1\" content=\"Mapo\" \/>\n\t<meta name=\"twitter:label2\" content=\"Est. reading time\" \/>\n\t<meta name=\"twitter:data2\" content=\"3 minutes\" \/>\n<script type=\"application\/ld+json\" class=\"yoast-schema-graph\">{\"@context\":\"https:\/\/schema.org\",\"@graph\":[{\"@type\":\"Article\",\"@id\":\"https:\/\/www.dolomitiprealpi.it\/de\/anello-della-val-belluna\/#article\",\"isPartOf\":{\"@id\":\"https:\/\/www.dolomitiprealpi.it\/de\/anello-della-val-belluna\/\"},\"author\":{\"name\":\"Mapo\",\"@id\":\"https:\/\/www.dolomitiprealpi.it\/de\/#\/schema\/person\/3442beb0554060944b4326d8211c9c04\"},\"headline\":\"Anello della Val Belluna\",\"datePublished\":\"2024-03-05T12:59:15+00:00\",\"dateModified\":\"2026-04-23T14:56:06+00:00\",\"mainEntityOfPage\":{\"@id\":\"https:\/\/www.dolomitiprealpi.it\/de\/anello-della-val-belluna\/\"},\"wordCount\":607,\"publisher\":{\"@id\":\"https:\/\/www.dolomitiprealpi.it\/de\/#organization\"},\"keywords\":[\"Feratel sync\",\"Feratel sync\",\"POI\",\"POI\",\"Punti interesse Feratel\",\"Punti interesse Feratel\"],\"articleSection\":{\"1\":\"Valbelluna mit dem Fahrrad\"},\"inLanguage\":\"de-DE\"},{\"@type\":\"WebPage\",\"@id\":\"https:\/\/www.dolomitiprealpi.it\/de\/anello-della-val-belluna\/\",\"url\":\"https:\/\/www.dolomitiprealpi.it\/de\/anello-della-val-belluna\/\",\"name\":\"Anello della Val Belluna - Dolomiti Prealpi\",\"isPartOf\":{\"@id\":\"https:\/\/www.dolomitiprealpi.it\/de\/#website\"},\"datePublished\":\"2024-03-05T12:59:15+00:00\",\"dateModified\":\"2026-04-23T14:56:06+00:00\",\"breadcrumb\":{\"@id\":\"https:\/\/www.dolomitiprealpi.it\/de\/anello-della-val-belluna\/#breadcrumb\"},\"inLanguage\":\"de-DE\",\"potentialAction\":[{\"@type\":\"ReadAction\",\"target\":[\"https:\/\/www.dolomitiprealpi.it\/de\/anello-della-val-belluna\/\"]}]},{\"@type\":\"BreadcrumbList\",\"@id\":\"https:\/\/www.dolomitiprealpi.it\/de\/anello-della-val-belluna\/#breadcrumb\",\"itemListElement\":[{\"@type\":\"ListItem\",\"position\":1,\"name\":\"Home\",\"item\":\"https:\/\/www.dolomitiprealpi.it\/de\/\"},{\"@type\":\"ListItem\",\"position\":2,\"name\":\"Anello della Val Belluna\"}]},{\"@type\":\"WebSite\",\"@id\":\"https:\/\/www.dolomitiprealpi.it\/de\/#website\",\"url\":\"https:\/\/www.dolomitiprealpi.it\/de\/\",\"name\":\"Dolomiti Prealpi\",\"description\":\"\",\"publisher\":{\"@id\":\"https:\/\/www.dolomitiprealpi.it\/de\/#organization\"},\"potentialAction\":[{\"@type\":\"SearchAction\",\"target\":{\"@type\":\"EntryPoint\",\"urlTemplate\":\"https:\/\/www.dolomitiprealpi.it\/de\/?s={search_term_string}\"},\"query-input\":{\"@type\":\"PropertyValueSpecification\",\"valueRequired\":true,\"valueName\":\"search_term_string\"}}],\"inLanguage\":\"de-DE\"},{\"@type\":\"Organization\",\"@id\":\"https:\/\/www.dolomitiprealpi.it\/de\/#organization\",\"name\":\"Consorzio Dolomiti Prealpi\",\"url\":\"https:\/\/www.dolomitiprealpi.it\/de\/\",\"logo\":{\"@type\":\"ImageObject\",\"inLanguage\":\"de-DE\",\"@id\":\"https:\/\/www.dolomitiprealpi.it\/de\/#\/schema\/logo\/image\/\",\"url\":\"https:\/\/www.dolomitiprealpi.it\/wp-content\/uploads\/2023\/03\/dolomitiprealpi-favicon.jpg\",\"contentUrl\":\"https:\/\/www.dolomitiprealpi.it\/wp-content\/uploads\/2023\/03\/dolomitiprealpi-favicon.jpg\",\"width\":512,\"height\":512,\"caption\":\"Consorzio Dolomiti Prealpi\"},\"image\":{\"@id\":\"https:\/\/www.dolomitiprealpi.it\/de\/#\/schema\/logo\/image\/\"},\"sameAs\":[\"https:\/\/www.facebook.com\/dolomitiprealpi.it\/\",\"https:\/\/www.instagram.com\/dolomitiprealpi\/\"]},{\"@type\":\"Person\",\"@id\":\"https:\/\/www.dolomitiprealpi.it\/de\/#\/schema\/person\/3442beb0554060944b4326d8211c9c04\",\"name\":\"Mapo\",\"image\":{\"@type\":\"ImageObject\",\"inLanguage\":\"de-DE\",\"@id\":\"https:\/\/www.dolomitiprealpi.it\/de\/#\/schema\/person\/image\/\",\"url\":\"https:\/\/secure.gravatar.com\/avatar\/7ce219f4d7d86c45bf979b9d8e0150ad0a4bbd7d3fa61bcb36ffa3cb99018dda?s=96&d=mm&r=g\",\"contentUrl\":\"https:\/\/secure.gravatar.com\/avatar\/7ce219f4d7d86c45bf979b9d8e0150ad0a4bbd7d3fa61bcb36ffa3cb99018dda?s=96&d=mm&r=g\",\"caption\":\"Mapo\"},\"url\":\"https:\/\/www.dolomitiprealpi.it\/de\/author\/mapo\/\"}]}<\/script>\n<!-- \/ Yoast SEO plugin. -->","yoast_head_json":{"title":"Anello della Val Belluna - Dolomiti Prealpi","robots":{"index":"index","follow":"follow","max-snippet":"max-snippet:-1","max-image-preview":"max-image-preview:large","max-video-preview":"max-video-preview:-1"},"canonical":"https:\/\/www.dolomitiprealpi.it\/de\/anello-della-val-belluna\/","og_locale":"de_DE","og_type":"article","og_title":"Anello della Val Belluna - Dolomiti Prealpi","og_description":"Radwanderweg im Piave-Tal Der Ring von Val Belluna, am Fu\u00dfe des Nationalparks Dolomiti Bellunesi, erm\u00f6glicht es, eine Ecke Venetien zu entdecken, die noch nicht vom Massentourismus ber\u00fchrt wurde. Charakterisiert durch","og_url":"https:\/\/www.dolomitiprealpi.it\/de\/anello-della-val-belluna\/","og_site_name":"Dolomiti Prealpi","article_publisher":"https:\/\/www.facebook.com\/dolomitiprealpi.it\/","article_published_time":"2024-03-05T12:59:15+00:00","article_modified_time":"2026-04-23T14:56:06+00:00","og_image":[{"width":2048,"height":1888,"url":"https:\/\/www.dolomitiprealpi.it\/wp-content\/uploads\/2022\/11\/C.-Timpone-Foto-archivio-Consorzio-turistico-Dolomiti-Prealpi-Nevegal-Belluno-Bike-18-2.jpg","type":"image\/jpeg"}],"author":"Mapo","twitter_card":"summary_large_image","twitter_misc":{"Written by":"Mapo","Est. reading time":"3 minutes"},"schema":{"@context":"https:\/\/schema.org","@graph":[{"@type":"Article","@id":"https:\/\/www.dolomitiprealpi.it\/de\/anello-della-val-belluna\/#article","isPartOf":{"@id":"https:\/\/www.dolomitiprealpi.it\/de\/anello-della-val-belluna\/"},"author":{"name":"Mapo","@id":"https:\/\/www.dolomitiprealpi.it\/de\/#\/schema\/person\/3442beb0554060944b4326d8211c9c04"},"headline":"Anello della Val Belluna","datePublished":"2024-03-05T12:59:15+00:00","dateModified":"2026-04-23T14:56:06+00:00","mainEntityOfPage":{"@id":"https:\/\/www.dolomitiprealpi.it\/de\/anello-della-val-belluna\/"},"wordCount":607,"publisher":{"@id":"https:\/\/www.dolomitiprealpi.it\/de\/#organization"},"keywords":["Feratel sync","Feratel sync","POI","POI","Punti interesse Feratel","Punti interesse Feratel"],"articleSection":{"1":"Valbelluna mit dem Fahrrad"},"inLanguage":"de-DE"},{"@type":"WebPage","@id":"https:\/\/www.dolomitiprealpi.it\/de\/anello-della-val-belluna\/","url":"https:\/\/www.dolomitiprealpi.it\/de\/anello-della-val-belluna\/","name":"Anello della Val Belluna - Dolomiti Prealpi","isPartOf":{"@id":"https:\/\/www.dolomitiprealpi.it\/de\/#website"},"datePublished":"2024-03-05T12:59:15+00:00","dateModified":"2026-04-23T14:56:06+00:00","breadcrumb":{"@id":"https:\/\/www.dolomitiprealpi.it\/de\/anello-della-val-belluna\/#breadcrumb"},"inLanguage":"de-DE","potentialAction":[{"@type":"ReadAction","target":["https:\/\/www.dolomitiprealpi.it\/de\/anello-della-val-belluna\/"]}]},{"@type":"BreadcrumbList","@id":"https:\/\/www.dolomitiprealpi.it\/de\/anello-della-val-belluna\/#breadcrumb","itemListElement":[{"@type":"ListItem","position":1,"name":"Home","item":"https:\/\/www.dolomitiprealpi.it\/de\/"},{"@type":"ListItem","position":2,"name":"Anello della Val Belluna"}]},{"@type":"WebSite","@id":"https:\/\/www.dolomitiprealpi.it\/de\/#website","url":"https:\/\/www.dolomitiprealpi.it\/de\/","name":"Dolomiti Prealpi","description":"","publisher":{"@id":"https:\/\/www.dolomitiprealpi.it\/de\/#organization"},"potentialAction":[{"@type":"SearchAction","target":{"@type":"EntryPoint","urlTemplate":"https:\/\/www.dolomitiprealpi.it\/de\/?s={search_term_string}"},"query-input":{"@type":"PropertyValueSpecification","valueRequired":true,"valueName":"search_term_string"}}],"inLanguage":"de-DE"},{"@type":"Organization","@id":"https:\/\/www.dolomitiprealpi.it\/de\/#organization","name":"Consorzio Dolomiti Prealpi","url":"https:\/\/www.dolomitiprealpi.it\/de\/","logo":{"@type":"ImageObject","inLanguage":"de-DE","@id":"https:\/\/www.dolomitiprealpi.it\/de\/#\/schema\/logo\/image\/","url":"https:\/\/www.dolomitiprealpi.it\/wp-content\/uploads\/2023\/03\/dolomitiprealpi-favicon.jpg","contentUrl":"https:\/\/www.dolomitiprealpi.it\/wp-content\/uploads\/2023\/03\/dolomitiprealpi-favicon.jpg","width":512,"height":512,"caption":"Consorzio Dolomiti Prealpi"},"image":{"@id":"https:\/\/www.dolomitiprealpi.it\/de\/#\/schema\/logo\/image\/"},"sameAs":["https:\/\/www.facebook.com\/dolomitiprealpi.it\/","https:\/\/www.instagram.com\/dolomitiprealpi\/"]},{"@type":"Person","@id":"https:\/\/www.dolomitiprealpi.it\/de\/#\/schema\/person\/3442beb0554060944b4326d8211c9c04","name":"Mapo","image":{"@type":"ImageObject","inLanguage":"de-DE","@id":"https:\/\/www.dolomitiprealpi.it\/de\/#\/schema\/person\/image\/","url":"https:\/\/secure.gravatar.com\/avatar\/7ce219f4d7d86c45bf979b9d8e0150ad0a4bbd7d3fa61bcb36ffa3cb99018dda?s=96&d=mm&r=g","contentUrl":"https:\/\/secure.gravatar.com\/avatar\/7ce219f4d7d86c45bf979b9d8e0150ad0a4bbd7d3fa61bcb36ffa3cb99018dda?s=96&d=mm&r=g","caption":"Mapo"},"url":"https:\/\/www.dolomitiprealpi.it\/de\/author\/mapo\/"}]}},"jetpack_featured_media_url":"","_links":{"self":[{"href":"https:\/\/www.dolomitiprealpi.it\/de\/wp-json\/wp\/v2\/posts\/47947","targetHints":{"allow":["GET"]}}],"collection":[{"href":"https:\/\/www.dolomitiprealpi.it\/de\/wp-json\/wp\/v2\/posts"}],"about":[{"href":"https:\/\/www.dolomitiprealpi.it\/de\/wp-json\/wp\/v2\/types\/post"}],"author":[{"embeddable":true,"href":"https:\/\/www.dolomitiprealpi.it\/de\/wp-json\/wp\/v2\/users\/2"}],"replies":[{"embeddable":true,"href":"https:\/\/www.dolomitiprealpi.it\/de\/wp-json\/wp\/v2\/comments?post=47947"}],"version-history":[{"count":2,"href":"https:\/\/www.dolomitiprealpi.it\/de\/wp-json\/wp\/v2\/posts\/47947\/revisions"}],"predecessor-version":[{"id":99607,"href":"https:\/\/www.dolomitiprealpi.it\/de\/wp-json\/wp\/v2\/posts\/47947\/revisions\/99607"}],"wp:attachment":[{"href":"https:\/\/www.dolomitiprealpi.it\/de\/wp-json\/wp\/v2\/media?parent=47947"}],"wp:term":[{"taxonomy":"category","embeddable":true,"href":"https:\/\/www.dolomitiprealpi.it\/de\/wp-json\/wp\/v2\/categories?post=47947"},{"taxonomy":"post_tag","embeddable":true,"href":"https:\/\/www.dolomitiprealpi.it\/de\/wp-json\/wp\/v2\/tags?post=47947"}],"curies":[{"name":"wp","href":"https:\/\/api.w.org\/{rel}","templated":true}]}}