{"id":47922,"date":"2025-06-08T10:06:30","date_gmt":"2025-06-08T08:06:30","guid":{"rendered":"https:\/\/www.dolomitiprealpi.it\/anello-di-col-de-moi\/"},"modified":"2026-04-23T16:55:19","modified_gmt":"2026-04-23T14:55:19","slug":"anello-di-col-de-moi","status":"publish","type":"post","link":"https:\/\/www.dolomitiprealpi.it\/de\/anello-di-col-de-moi\/","title":{"rendered":"Anello di Col de Moi"},"content":{"rendered":"<p>Eine sch\u00f6ne Runde, die Sie bis zur Spitze des Col de Moi f\u00fchrt. <\/p>\n<p>Parken Sie das Auto auf dem gro\u00dfen Parkplatz von Zelant auf 800 m \u00fc.d.M. und gehen Sie den Weg entlang, der bald zu einem Pfad wird. Der reizvolle&nbsp;<b>Val di Caosa<\/b>&nbsp;f\u00fchrt Sie in eine wilde und fast mystische Atmosph\u00e4re.<\/p>\n<p>Steigen Sie weiter auf der breiten Stra\u00dfe der Sort Frede zwischen Buchen- und Nadelw\u00e4ldern. Der Pfad f\u00fchrt \u00fcber Col di Zoc unterhalb des Ortes Napoli und entlang der unteren Hang von Col de Moi gelangen Sie zur asphaltierten Stra\u00dfe nach Praderadego.<\/p>\n<p>Oben am Pass, vom Platz aus, steigen Sie die steile Stra\u00dfe hinauf, die Sie zum h\u00f6chsten Berg der Gegend f\u00fchrt. Die eindrucksvollen Ausblicke folgen immer h\u00e4ufiger, von den verlassenen Casere Guarnieri bis zu den pl\u00f6tzlich auftauchenden Panoramen \u00fcber die venetische Ebene. Steigen Sie weiter und der Blick wechselt auf die Valbelluna. Der steile Aufstieg zum Gipfel wird mit einem&nbsp;<b>atemberaubenden 360\u00b0 Blick<\/b> belohnt.<\/p>\n<p>Von hier aus sieht man das <b>Istrische Vorgebirge<\/b>, das Meer mit den&nbsp;<b>Schiffen in der Adria<\/b>&nbsp;und an klaren Tagen erscheinen in der Ferne die <b>Apenninen<\/b>. Hinter Ihnen die h\u00f6chsten und bekanntesten Gipfel der Dolomiten. Gehen Sie den steilen, grasbewachsenen Hang hinunter bis zur Forcella Foran und halten Sie noch einmal an, um das Schauspiel zu betrachten, das sich Ihnen bietet. An der casera&nbsp;<b>Vallon Scur<\/b>&nbsp;k\u00f6nnen Sie eine Pause machen und wenn n\u00f6tig biwakieren, bevor Sie zu Ihrem Auto zur\u00fcckkehren. Eine sch\u00f6ne Variante f\u00fchrt Sie in die untere Region von Col de Moi in Richtung Zoc und Napoli mit wundersch\u00f6nen Ausblicken im Wald auf die Valbelluna.<\/p>\n","protected":false},"excerpt":{"rendered":"<p>Eine sch\u00f6ne Runde, die Sie bis zur Spitze des Col de Moi f\u00fchrt. Parken Sie das Auto auf dem gro\u00dfen Parkplatz von Zelant auf 800 m \u00fc.d.M. und gehen Sie<\/p>\n","protected":false},"author":2,"featured_media":0,"comment_status":"closed","ping_status":"open","sticky":false,"template":"","format":"standard","meta":{"_acf_changed":false,"inline_featured_image":false,"footnotes":""},"categories":[1,367],"tags":[285,122,286,234,287,121],"class_list":["post-47922","post","type-post","status-publish","format-standard","hentry","category-uncategorized","category-voralpen","tag-feratel-sync-de","tag-feratel-sync","tag-poi-de","tag-poi","tag-punti-interesse-feratel-de","tag-punti-interesse-feratel"],"acf":[],"yoast_head":"<!-- This site is optimized with the Yoast SEO plugin v25.7 - https:\/\/yoast.com\/wordpress\/plugins\/seo\/ -->\n<title>Anello di Col de Moi - Dolomiti Prealpi<\/title>\n<meta name=\"robots\" content=\"index, follow, max-snippet:-1, max-image-preview:large, max-video-preview:-1\" \/>\n<link rel=\"canonical\" href=\"https:\/\/www.dolomitiprealpi.it\/de\/anello-di-col-de-moi\/\" \/>\n<meta property=\"og:locale\" content=\"de_DE\" \/>\n<meta property=\"og:type\" content=\"article\" \/>\n<meta property=\"og:title\" content=\"Anello di Col de Moi - Dolomiti Prealpi\" \/>\n<meta property=\"og:description\" content=\"Eine sch\u00f6ne Runde, die Sie bis zur Spitze des Col de Moi f\u00fchrt. Parken Sie das Auto auf dem gro\u00dfen Parkplatz von Zelant auf 800 m \u00fc.d.M. und gehen Sie\" \/>\n<meta property=\"og:url\" content=\"https:\/\/www.dolomitiprealpi.it\/de\/anello-di-col-de-moi\/\" \/>\n<meta property=\"og:site_name\" content=\"Dolomiti Prealpi\" \/>\n<meta property=\"article:publisher\" content=\"https:\/\/www.facebook.com\/dolomitiprealpi.it\/\" \/>\n<meta property=\"article:published_time\" content=\"2025-06-08T08:06:30+00:00\" \/>\n<meta property=\"article:modified_time\" content=\"2026-04-23T14:55:19+00:00\" \/>\n<meta property=\"og:image\" content=\"https:\/\/www.dolomitiprealpi.it\/wp-content\/uploads\/2022\/11\/C.-Timpone-Foto-archivio-Consorzio-turistico-Dolomiti-Prealpi-Nevegal-Belluno-Bike-18-2.jpg\" \/>\n\t<meta property=\"og:image:width\" content=\"2048\" \/>\n\t<meta property=\"og:image:height\" content=\"1888\" \/>\n\t<meta property=\"og:image:type\" content=\"image\/jpeg\" \/>\n<meta name=\"author\" content=\"Mapo\" \/>\n<meta name=\"twitter:card\" content=\"summary_large_image\" \/>\n<meta name=\"twitter:label1\" content=\"Written by\" \/>\n\t<meta name=\"twitter:data1\" content=\"Mapo\" \/>\n\t<meta name=\"twitter:label2\" content=\"Est. reading time\" \/>\n\t<meta name=\"twitter:data2\" content=\"1 minute\" \/>\n<script type=\"application\/ld+json\" class=\"yoast-schema-graph\">{\"@context\":\"https:\/\/schema.org\",\"@graph\":[{\"@type\":\"Article\",\"@id\":\"https:\/\/www.dolomitiprealpi.it\/de\/anello-di-col-de-moi\/#article\",\"isPartOf\":{\"@id\":\"https:\/\/www.dolomitiprealpi.it\/de\/anello-di-col-de-moi\/\"},\"author\":{\"name\":\"Mapo\",\"@id\":\"https:\/\/www.dolomitiprealpi.it\/de\/#\/schema\/person\/3442beb0554060944b4326d8211c9c04\"},\"headline\":\"Anello di Col de Moi\",\"datePublished\":\"2025-06-08T08:06:30+00:00\",\"dateModified\":\"2026-04-23T14:55:19+00:00\",\"mainEntityOfPage\":{\"@id\":\"https:\/\/www.dolomitiprealpi.it\/de\/anello-di-col-de-moi\/\"},\"wordCount\":296,\"publisher\":{\"@id\":\"https:\/\/www.dolomitiprealpi.it\/de\/#organization\"},\"keywords\":[\"Feratel sync\",\"Feratel sync\",\"POI\",\"POI\",\"Punti interesse Feratel\",\"Punti interesse Feratel\"],\"articleSection\":{\"1\":\"Voralpen\"},\"inLanguage\":\"de-DE\"},{\"@type\":\"WebPage\",\"@id\":\"https:\/\/www.dolomitiprealpi.it\/de\/anello-di-col-de-moi\/\",\"url\":\"https:\/\/www.dolomitiprealpi.it\/de\/anello-di-col-de-moi\/\",\"name\":\"Anello di Col de Moi - Dolomiti Prealpi\",\"isPartOf\":{\"@id\":\"https:\/\/www.dolomitiprealpi.it\/de\/#website\"},\"datePublished\":\"2025-06-08T08:06:30+00:00\",\"dateModified\":\"2026-04-23T14:55:19+00:00\",\"breadcrumb\":{\"@id\":\"https:\/\/www.dolomitiprealpi.it\/de\/anello-di-col-de-moi\/#breadcrumb\"},\"inLanguage\":\"de-DE\",\"potentialAction\":[{\"@type\":\"ReadAction\",\"target\":[\"https:\/\/www.dolomitiprealpi.it\/de\/anello-di-col-de-moi\/\"]}]},{\"@type\":\"BreadcrumbList\",\"@id\":\"https:\/\/www.dolomitiprealpi.it\/de\/anello-di-col-de-moi\/#breadcrumb\",\"itemListElement\":[{\"@type\":\"ListItem\",\"position\":1,\"name\":\"Home\",\"item\":\"https:\/\/www.dolomitiprealpi.it\/de\/\"},{\"@type\":\"ListItem\",\"position\":2,\"name\":\"Anello di Col de Moi\"}]},{\"@type\":\"WebSite\",\"@id\":\"https:\/\/www.dolomitiprealpi.it\/de\/#website\",\"url\":\"https:\/\/www.dolomitiprealpi.it\/de\/\",\"name\":\"Dolomiti Prealpi\",\"description\":\"\",\"publisher\":{\"@id\":\"https:\/\/www.dolomitiprealpi.it\/de\/#organization\"},\"potentialAction\":[{\"@type\":\"SearchAction\",\"target\":{\"@type\":\"EntryPoint\",\"urlTemplate\":\"https:\/\/www.dolomitiprealpi.it\/de\/?s={search_term_string}\"},\"query-input\":{\"@type\":\"PropertyValueSpecification\",\"valueRequired\":true,\"valueName\":\"search_term_string\"}}],\"inLanguage\":\"de-DE\"},{\"@type\":\"Organization\",\"@id\":\"https:\/\/www.dolomitiprealpi.it\/de\/#organization\",\"name\":\"Consorzio Dolomiti Prealpi\",\"url\":\"https:\/\/www.dolomitiprealpi.it\/de\/\",\"logo\":{\"@type\":\"ImageObject\",\"inLanguage\":\"de-DE\",\"@id\":\"https:\/\/www.dolomitiprealpi.it\/de\/#\/schema\/logo\/image\/\",\"url\":\"https:\/\/www.dolomitiprealpi.it\/wp-content\/uploads\/2023\/03\/dolomitiprealpi-favicon.jpg\",\"contentUrl\":\"https:\/\/www.dolomitiprealpi.it\/wp-content\/uploads\/2023\/03\/dolomitiprealpi-favicon.jpg\",\"width\":512,\"height\":512,\"caption\":\"Consorzio Dolomiti Prealpi\"},\"image\":{\"@id\":\"https:\/\/www.dolomitiprealpi.it\/de\/#\/schema\/logo\/image\/\"},\"sameAs\":[\"https:\/\/www.facebook.com\/dolomitiprealpi.it\/\",\"https:\/\/www.instagram.com\/dolomitiprealpi\/\"]},{\"@type\":\"Person\",\"@id\":\"https:\/\/www.dolomitiprealpi.it\/de\/#\/schema\/person\/3442beb0554060944b4326d8211c9c04\",\"name\":\"Mapo\",\"image\":{\"@type\":\"ImageObject\",\"inLanguage\":\"de-DE\",\"@id\":\"https:\/\/www.dolomitiprealpi.it\/de\/#\/schema\/person\/image\/\",\"url\":\"https:\/\/secure.gravatar.com\/avatar\/7ce219f4d7d86c45bf979b9d8e0150ad0a4bbd7d3fa61bcb36ffa3cb99018dda?s=96&d=mm&r=g\",\"contentUrl\":\"https:\/\/secure.gravatar.com\/avatar\/7ce219f4d7d86c45bf979b9d8e0150ad0a4bbd7d3fa61bcb36ffa3cb99018dda?s=96&d=mm&r=g\",\"caption\":\"Mapo\"},\"url\":\"https:\/\/www.dolomitiprealpi.it\/de\/author\/mapo\/\"}]}<\/script>\n<!-- \/ Yoast SEO plugin. -->","yoast_head_json":{"title":"Anello di Col de Moi - Dolomiti Prealpi","robots":{"index":"index","follow":"follow","max-snippet":"max-snippet:-1","max-image-preview":"max-image-preview:large","max-video-preview":"max-video-preview:-1"},"canonical":"https:\/\/www.dolomitiprealpi.it\/de\/anello-di-col-de-moi\/","og_locale":"de_DE","og_type":"article","og_title":"Anello di Col de Moi - Dolomiti Prealpi","og_description":"Eine sch\u00f6ne Runde, die Sie bis zur Spitze des Col de Moi f\u00fchrt. Parken Sie das Auto auf dem gro\u00dfen Parkplatz von Zelant auf 800 m \u00fc.d.M. und gehen Sie","og_url":"https:\/\/www.dolomitiprealpi.it\/de\/anello-di-col-de-moi\/","og_site_name":"Dolomiti Prealpi","article_publisher":"https:\/\/www.facebook.com\/dolomitiprealpi.it\/","article_published_time":"2025-06-08T08:06:30+00:00","article_modified_time":"2026-04-23T14:55:19+00:00","og_image":[{"width":2048,"height":1888,"url":"https:\/\/www.dolomitiprealpi.it\/wp-content\/uploads\/2022\/11\/C.-Timpone-Foto-archivio-Consorzio-turistico-Dolomiti-Prealpi-Nevegal-Belluno-Bike-18-2.jpg","type":"image\/jpeg"}],"author":"Mapo","twitter_card":"summary_large_image","twitter_misc":{"Written by":"Mapo","Est. reading time":"1 minute"},"schema":{"@context":"https:\/\/schema.org","@graph":[{"@type":"Article","@id":"https:\/\/www.dolomitiprealpi.it\/de\/anello-di-col-de-moi\/#article","isPartOf":{"@id":"https:\/\/www.dolomitiprealpi.it\/de\/anello-di-col-de-moi\/"},"author":{"name":"Mapo","@id":"https:\/\/www.dolomitiprealpi.it\/de\/#\/schema\/person\/3442beb0554060944b4326d8211c9c04"},"headline":"Anello di Col de Moi","datePublished":"2025-06-08T08:06:30+00:00","dateModified":"2026-04-23T14:55:19+00:00","mainEntityOfPage":{"@id":"https:\/\/www.dolomitiprealpi.it\/de\/anello-di-col-de-moi\/"},"wordCount":296,"publisher":{"@id":"https:\/\/www.dolomitiprealpi.it\/de\/#organization"},"keywords":["Feratel sync","Feratel sync","POI","POI","Punti interesse Feratel","Punti interesse Feratel"],"articleSection":{"1":"Voralpen"},"inLanguage":"de-DE"},{"@type":"WebPage","@id":"https:\/\/www.dolomitiprealpi.it\/de\/anello-di-col-de-moi\/","url":"https:\/\/www.dolomitiprealpi.it\/de\/anello-di-col-de-moi\/","name":"Anello di Col de Moi - Dolomiti Prealpi","isPartOf":{"@id":"https:\/\/www.dolomitiprealpi.it\/de\/#website"},"datePublished":"2025-06-08T08:06:30+00:00","dateModified":"2026-04-23T14:55:19+00:00","breadcrumb":{"@id":"https:\/\/www.dolomitiprealpi.it\/de\/anello-di-col-de-moi\/#breadcrumb"},"inLanguage":"de-DE","potentialAction":[{"@type":"ReadAction","target":["https:\/\/www.dolomitiprealpi.it\/de\/anello-di-col-de-moi\/"]}]},{"@type":"BreadcrumbList","@id":"https:\/\/www.dolomitiprealpi.it\/de\/anello-di-col-de-moi\/#breadcrumb","itemListElement":[{"@type":"ListItem","position":1,"name":"Home","item":"https:\/\/www.dolomitiprealpi.it\/de\/"},{"@type":"ListItem","position":2,"name":"Anello di Col de Moi"}]},{"@type":"WebSite","@id":"https:\/\/www.dolomitiprealpi.it\/de\/#website","url":"https:\/\/www.dolomitiprealpi.it\/de\/","name":"Dolomiti Prealpi","description":"","publisher":{"@id":"https:\/\/www.dolomitiprealpi.it\/de\/#organization"},"potentialAction":[{"@type":"SearchAction","target":{"@type":"EntryPoint","urlTemplate":"https:\/\/www.dolomitiprealpi.it\/de\/?s={search_term_string}"},"query-input":{"@type":"PropertyValueSpecification","valueRequired":true,"valueName":"search_term_string"}}],"inLanguage":"de-DE"},{"@type":"Organization","@id":"https:\/\/www.dolomitiprealpi.it\/de\/#organization","name":"Consorzio Dolomiti Prealpi","url":"https:\/\/www.dolomitiprealpi.it\/de\/","logo":{"@type":"ImageObject","inLanguage":"de-DE","@id":"https:\/\/www.dolomitiprealpi.it\/de\/#\/schema\/logo\/image\/","url":"https:\/\/www.dolomitiprealpi.it\/wp-content\/uploads\/2023\/03\/dolomitiprealpi-favicon.jpg","contentUrl":"https:\/\/www.dolomitiprealpi.it\/wp-content\/uploads\/2023\/03\/dolomitiprealpi-favicon.jpg","width":512,"height":512,"caption":"Consorzio Dolomiti Prealpi"},"image":{"@id":"https:\/\/www.dolomitiprealpi.it\/de\/#\/schema\/logo\/image\/"},"sameAs":["https:\/\/www.facebook.com\/dolomitiprealpi.it\/","https:\/\/www.instagram.com\/dolomitiprealpi\/"]},{"@type":"Person","@id":"https:\/\/www.dolomitiprealpi.it\/de\/#\/schema\/person\/3442beb0554060944b4326d8211c9c04","name":"Mapo","image":{"@type":"ImageObject","inLanguage":"de-DE","@id":"https:\/\/www.dolomitiprealpi.it\/de\/#\/schema\/person\/image\/","url":"https:\/\/secure.gravatar.com\/avatar\/7ce219f4d7d86c45bf979b9d8e0150ad0a4bbd7d3fa61bcb36ffa3cb99018dda?s=96&d=mm&r=g","contentUrl":"https:\/\/secure.gravatar.com\/avatar\/7ce219f4d7d86c45bf979b9d8e0150ad0a4bbd7d3fa61bcb36ffa3cb99018dda?s=96&d=mm&r=g","caption":"Mapo"},"url":"https:\/\/www.dolomitiprealpi.it\/de\/author\/mapo\/"}]}},"jetpack_featured_media_url":"","_links":{"self":[{"href":"https:\/\/www.dolomitiprealpi.it\/de\/wp-json\/wp\/v2\/posts\/47922","targetHints":{"allow":["GET"]}}],"collection":[{"href":"https:\/\/www.dolomitiprealpi.it\/de\/wp-json\/wp\/v2\/posts"}],"about":[{"href":"https:\/\/www.dolomitiprealpi.it\/de\/wp-json\/wp\/v2\/types\/post"}],"author":[{"embeddable":true,"href":"https:\/\/www.dolomitiprealpi.it\/de\/wp-json\/wp\/v2\/users\/2"}],"replies":[{"embeddable":true,"href":"https:\/\/www.dolomitiprealpi.it\/de\/wp-json\/wp\/v2\/comments?post=47922"}],"version-history":[{"count":1,"href":"https:\/\/www.dolomitiprealpi.it\/de\/wp-json\/wp\/v2\/posts\/47922\/revisions"}],"predecessor-version":[{"id":50281,"href":"https:\/\/www.dolomitiprealpi.it\/de\/wp-json\/wp\/v2\/posts\/47922\/revisions\/50281"}],"wp:attachment":[{"href":"https:\/\/www.dolomitiprealpi.it\/de\/wp-json\/wp\/v2\/media?parent=47922"}],"wp:term":[{"taxonomy":"category","embeddable":true,"href":"https:\/\/www.dolomitiprealpi.it\/de\/wp-json\/wp\/v2\/categories?post=47922"},{"taxonomy":"post_tag","embeddable":true,"href":"https:\/\/www.dolomitiprealpi.it\/de\/wp-json\/wp\/v2\/tags?post=47922"}],"curies":[{"name":"wp","href":"https:\/\/api.w.org\/{rel}","templated":true}]}}