{"id":2068,"date":"2021-02-16T16:04:37","date_gmt":"2021-02-16T15:04:37","guid":{"rendered":"https:\/\/www.dolomitiprealpi.it\/museo-longarone-vajont-attimi-di-storia-2\/"},"modified":"2026-04-23T17:23:42","modified_gmt":"2026-04-23T15:23:42","slug":"museo-longarone-vajont-attimi-di-storia-2","status":"publish","type":"post","link":"https:\/\/www.dolomitiprealpi.it\/de\/museo-longarone-vajont-attimi-di-storia-2\/","title":{"rendered":"Museo Longarone Vajont Attimi di Storia"},"content":{"rendered":"<p style=\"margin: 0cm 0cm 8pt;\">Ein Museum, das an die Trag\u00f6die des Vajont erinnert, um die Geschichte eines zerst\u00f6rten Landes nicht zu vergessen.<\/p>\n<p style=\"margin: 0cm 0cm 0pt; text-align: justify;\">Das Museum Longarone Vajont, Momente der Geschichte, das sich seit 2009 im Kulturzentrum von Longarone befindet, soll in erster Linie ein Instrument zur Kenntnisnahme der lokalen Geschichte sein, die unvergesslich von der gr\u00f6\u00dften italienischen Trag\u00f6die nach dem Krieg gepr\u00e4gt ist. Es will vor allem dem Besucher ein starkes Gef\u00fchl und ein echtes Bewusstsein vermitteln, dass der Wert des Lebens und die Lehren der Vergangenheit unverzichtbare Grundlagen f\u00fcr den Aufbau der Zukunft sind.&nbsp;&nbsp;<\/p>\n<p style=\"margin: 0cm 0cm 0pt; text-align: justify;\"><\/p>\n<p style=\"margin: 0cm 0cm 0pt; text-align: justify;\">Der Museumsweg, der chronologisch der Reihenfolge der Ereignisse folgt, wurde unter Ber\u00fccksichtigung spezifischer symbolischer Bedeutungen gestaltet; die Dichtung aus verdrehten Lamellen, die die Ausstellungsr\u00e4ume bildet und als Hintergrund fungiert, ebenso wie die verwendeten Farben f\u00fcr die Ausstellungen und auch die Architektur der Ausstellungsr\u00e4ume selbst.&nbsp;&nbsp;<\/p>\n<p>Das Museum verfolgt chronologisch die Geschichte von Longarone und dem Vajont durch eine aufmerksame fotografische Ausstellung, Artefakte und multimediale Rekonstruktionen, Zeugnisse und Filme.&nbsp;<\/p>\n<p>Der Weg umfasst vier Abschnitte, die sich durch zwei R\u00e4ume ziehen, die Longarone und seine Geschichte symbolisieren,  die am 9. Oktober 1963 in zwei Teile zerbrochen wurde: Longarone vor dem 9. Oktober 1963 \/  Der Bau des Dammes \/ Die Trag\u00f6die \/ Der Wiederaufbau und das Erinneren.<\/p>\n<p style=\"margin: 0cm 0cm 0pt; text-align: justify;\"><\/p>\n<p style=\"margin: 0cm 0cm 0pt; text-align: justify;\"> Ein historischer Exkurs zur lokalen Geschichte und zum Vajont-Ereignis,  vom Anfang des 20. Jahrhunderts bis heute; ein Ereignis, das nicht nur die  Gemeinde Longarone, sondern auch die Geschichte Italiens f\u00fcr immer gepr\u00e4gt hat. Das  Museum bietet einen kostenlosen Audioguide-Service f\u00fcr Besucher in italienischer,  englischer und deutscher Sprache an, um Wissen zu erlangen und zu vertiefen.<\/p>\n<p style=\"margin: 0cm 0cm 0pt; text-align: justify;\"><\/p>\n<p style=\"margin: 0cm 0cm 0pt; text-align: justify;\">Der  Zugang zum Museum kann in die gef\u00fchrten Besichtigungen der Erinnerungsorte  aufgenommen werden, die auf Reservierung von der \u00f6rtlichen Pro Loco-Vereinigung organisiert  werden.<\/p>\n<p>Das Museum ist zu den \u00d6ffnungszeiten des Pro Loco B\u00fcros in Longarone zug\u00e4nglich:<\/p>\n<p>Von Dienstag bis Sonntag vormittags von&nbsp;09:30 bis 12:30 und nachmittags von 15:00 bis 18:00<\/p>\n<p>f\u00fcr Informationen 0437-770119 oder <a href=\"mailto:info@prolocolongarone.it\">info@prolocolongarone.it<\/a><\/p>\n<p>Das Ticket kostet:<\/p>\n<ul>\n<li>6\u20ac Vollpreis<\/li>\n<li>4\u20ac erm\u00e4\u00dfigt (Kinder von 6 bis 10 Jahren und Menschen mit Behinderungen)<\/li>\n<li>kostenlos f\u00fcr Kinder unter 6 Jahren<\/li>\n<\/ul>\n","protected":false},"excerpt":{"rendered":"<p>Ein Museum, das an die Trag\u00f6die des Vajont erinnert, um die Geschichte eines zerst\u00f6rten Landes nicht zu vergessen. Das Museum Longarone Vajont, Momente der Geschichte, das sich seit 2009 im<\/p>\n","protected":false},"author":2,"featured_media":26613,"comment_status":"closed","ping_status":"open","sticky":false,"template":"","format":"standard","meta":{"_acf_changed":false,"inline_featured_image":false,"footnotes":""},"categories":[103,348],"tags":[385,122,285,235,127,234,286,394,287,121],"class_list":["post-2068","post","type-post","status-publish","format-standard","has-post-thumbnail","hentry","category-museen","category-vajont-de","tag-cultura-de","tag-feratel-sync","tag-feratel-sync-de","tag-interessante-punkte","tag-kultur-de","tag-poi","tag-poi-de","tag-punti-interesse-de","tag-punti-interesse-feratel-de","tag-punti-interesse-feratel"],"acf":[],"yoast_head":"<!-- This site is optimized with the Yoast SEO plugin v25.7 - https:\/\/yoast.com\/wordpress\/plugins\/seo\/ -->\n<title>Museo Longarone Vajont Attimi di Storia - Dolomiti Prealpi<\/title>\n<meta name=\"robots\" content=\"index, follow, max-snippet:-1, max-image-preview:large, max-video-preview:-1\" \/>\n<link rel=\"canonical\" href=\"https:\/\/www.dolomitiprealpi.it\/de\/museo-longarone-vajont-attimi-di-storia-2\/\" \/>\n<meta property=\"og:locale\" content=\"de_DE\" \/>\n<meta property=\"og:type\" content=\"article\" \/>\n<meta property=\"og:title\" content=\"Museo Longarone Vajont Attimi di Storia - Dolomiti Prealpi\" \/>\n<meta property=\"og:description\" content=\"Ein Museum, das an die Trag\u00f6die des Vajont erinnert, um die Geschichte eines zerst\u00f6rten Landes nicht zu vergessen. Das Museum Longarone Vajont, Momente der Geschichte, das sich seit 2009 im\" \/>\n<meta property=\"og:url\" content=\"https:\/\/www.dolomitiprealpi.it\/de\/museo-longarone-vajont-attimi-di-storia-2\/\" \/>\n<meta property=\"og:site_name\" content=\"Dolomiti Prealpi\" \/>\n<meta property=\"article:publisher\" content=\"https:\/\/www.facebook.com\/dolomitiprealpi.it\/\" \/>\n<meta property=\"article:published_time\" content=\"2021-02-16T15:04:37+00:00\" \/>\n<meta property=\"article:modified_time\" content=\"2026-04-23T15:23:42+00:00\" \/>\n<meta property=\"og:image\" content=\"https:\/\/www.dolomitiprealpi.it\/wp-content\/uploads\/2023\/10\/Valbelluna_Social-02.jpg\" \/>\n\t<meta property=\"og:image:width\" content=\"1600\" \/>\n\t<meta property=\"og:image:height\" content=\"1069\" \/>\n\t<meta property=\"og:image:type\" content=\"image\/jpeg\" \/>\n<meta name=\"author\" content=\"Mapo\" \/>\n<meta name=\"twitter:card\" content=\"summary_large_image\" \/>\n<meta name=\"twitter:label1\" content=\"Written by\" \/>\n\t<meta name=\"twitter:data1\" content=\"Mapo\" \/>\n\t<meta name=\"twitter:label2\" content=\"Est. reading time\" \/>\n\t<meta name=\"twitter:data2\" content=\"2 minutes\" \/>\n<script type=\"application\/ld+json\" class=\"yoast-schema-graph\">{\"@context\":\"https:\/\/schema.org\",\"@graph\":[{\"@type\":\"Article\",\"@id\":\"https:\/\/www.dolomitiprealpi.it\/de\/museo-longarone-vajont-attimi-di-storia-2\/#article\",\"isPartOf\":{\"@id\":\"https:\/\/www.dolomitiprealpi.it\/de\/museo-longarone-vajont-attimi-di-storia-2\/\"},\"author\":{\"name\":\"Mapo\",\"@id\":\"https:\/\/www.dolomitiprealpi.it\/de\/#\/schema\/person\/3442beb0554060944b4326d8211c9c04\"},\"headline\":\"Museo Longarone Vajont Attimi di Storia\",\"datePublished\":\"2021-02-16T15:04:37+00:00\",\"dateModified\":\"2026-04-23T15:23:42+00:00\",\"mainEntityOfPage\":{\"@id\":\"https:\/\/www.dolomitiprealpi.it\/de\/museo-longarone-vajont-attimi-di-storia-2\/\"},\"wordCount\":356,\"publisher\":{\"@id\":\"https:\/\/www.dolomitiprealpi.it\/de\/#organization\"},\"image\":{\"@id\":\"https:\/\/www.dolomitiprealpi.it\/de\/museo-longarone-vajont-attimi-di-storia-2\/#primaryimage\"},\"thumbnailUrl\":\"https:\/\/www.dolomitiprealpi.it\/wp-content\/uploads\/2023\/10\/Valbelluna_Social-02.jpg\",\"keywords\":[\"Cultura\",\"Feratel sync\",\"Feratel sync\",\"Interessante Punkte\",\"Kultur\",\"POI\",\"POI\",\"Punti interesse\",\"Punti interesse Feratel\",\"Punti interesse Feratel\"],\"articleSection\":[\"Museen\",\"Vajont\"],\"inLanguage\":\"de-DE\"},{\"@type\":\"WebPage\",\"@id\":\"https:\/\/www.dolomitiprealpi.it\/de\/museo-longarone-vajont-attimi-di-storia-2\/\",\"url\":\"https:\/\/www.dolomitiprealpi.it\/de\/museo-longarone-vajont-attimi-di-storia-2\/\",\"name\":\"Museo Longarone Vajont Attimi di Storia - Dolomiti Prealpi\",\"isPartOf\":{\"@id\":\"https:\/\/www.dolomitiprealpi.it\/de\/#website\"},\"primaryImageOfPage\":{\"@id\":\"https:\/\/www.dolomitiprealpi.it\/de\/museo-longarone-vajont-attimi-di-storia-2\/#primaryimage\"},\"image\":{\"@id\":\"https:\/\/www.dolomitiprealpi.it\/de\/museo-longarone-vajont-attimi-di-storia-2\/#primaryimage\"},\"thumbnailUrl\":\"https:\/\/www.dolomitiprealpi.it\/wp-content\/uploads\/2023\/10\/Valbelluna_Social-02.jpg\",\"datePublished\":\"2021-02-16T15:04:37+00:00\",\"dateModified\":\"2026-04-23T15:23:42+00:00\",\"breadcrumb\":{\"@id\":\"https:\/\/www.dolomitiprealpi.it\/de\/museo-longarone-vajont-attimi-di-storia-2\/#breadcrumb\"},\"inLanguage\":\"de-DE\",\"potentialAction\":[{\"@type\":\"ReadAction\",\"target\":[\"https:\/\/www.dolomitiprealpi.it\/de\/museo-longarone-vajont-attimi-di-storia-2\/\"]}]},{\"@type\":\"ImageObject\",\"inLanguage\":\"de-DE\",\"@id\":\"https:\/\/www.dolomitiprealpi.it\/de\/museo-longarone-vajont-attimi-di-storia-2\/#primaryimage\",\"url\":\"https:\/\/www.dolomitiprealpi.it\/wp-content\/uploads\/2023\/10\/Valbelluna_Social-02.jpg\",\"contentUrl\":\"https:\/\/www.dolomitiprealpi.it\/wp-content\/uploads\/2023\/10\/Valbelluna_Social-02.jpg\",\"width\":1600,\"height\":1069,\"caption\":\"Museo del Vajont a Lavarone\"},{\"@type\":\"BreadcrumbList\",\"@id\":\"https:\/\/www.dolomitiprealpi.it\/de\/museo-longarone-vajont-attimi-di-storia-2\/#breadcrumb\",\"itemListElement\":[{\"@type\":\"ListItem\",\"position\":1,\"name\":\"Home\",\"item\":\"https:\/\/www.dolomitiprealpi.it\/de\/\"},{\"@type\":\"ListItem\",\"position\":2,\"name\":\"Museo Longarone Vajont Attimi di Storia\"}]},{\"@type\":\"WebSite\",\"@id\":\"https:\/\/www.dolomitiprealpi.it\/de\/#website\",\"url\":\"https:\/\/www.dolomitiprealpi.it\/de\/\",\"name\":\"Dolomiti Prealpi\",\"description\":\"\",\"publisher\":{\"@id\":\"https:\/\/www.dolomitiprealpi.it\/de\/#organization\"},\"potentialAction\":[{\"@type\":\"SearchAction\",\"target\":{\"@type\":\"EntryPoint\",\"urlTemplate\":\"https:\/\/www.dolomitiprealpi.it\/de\/?s={search_term_string}\"},\"query-input\":{\"@type\":\"PropertyValueSpecification\",\"valueRequired\":true,\"valueName\":\"search_term_string\"}}],\"inLanguage\":\"de-DE\"},{\"@type\":\"Organization\",\"@id\":\"https:\/\/www.dolomitiprealpi.it\/de\/#organization\",\"name\":\"Consorzio Dolomiti Prealpi\",\"url\":\"https:\/\/www.dolomitiprealpi.it\/de\/\",\"logo\":{\"@type\":\"ImageObject\",\"inLanguage\":\"de-DE\",\"@id\":\"https:\/\/www.dolomitiprealpi.it\/de\/#\/schema\/logo\/image\/\",\"url\":\"https:\/\/www.dolomitiprealpi.it\/wp-content\/uploads\/2023\/03\/dolomitiprealpi-favicon.jpg\",\"contentUrl\":\"https:\/\/www.dolomitiprealpi.it\/wp-content\/uploads\/2023\/03\/dolomitiprealpi-favicon.jpg\",\"width\":512,\"height\":512,\"caption\":\"Consorzio Dolomiti Prealpi\"},\"image\":{\"@id\":\"https:\/\/www.dolomitiprealpi.it\/de\/#\/schema\/logo\/image\/\"},\"sameAs\":[\"https:\/\/www.facebook.com\/dolomitiprealpi.it\/\",\"https:\/\/www.instagram.com\/dolomitiprealpi\/\"]},{\"@type\":\"Person\",\"@id\":\"https:\/\/www.dolomitiprealpi.it\/de\/#\/schema\/person\/3442beb0554060944b4326d8211c9c04\",\"name\":\"Mapo\",\"image\":{\"@type\":\"ImageObject\",\"inLanguage\":\"de-DE\",\"@id\":\"https:\/\/www.dolomitiprealpi.it\/de\/#\/schema\/person\/image\/\",\"url\":\"https:\/\/secure.gravatar.com\/avatar\/7ce219f4d7d86c45bf979b9d8e0150ad0a4bbd7d3fa61bcb36ffa3cb99018dda?s=96&d=mm&r=g\",\"contentUrl\":\"https:\/\/secure.gravatar.com\/avatar\/7ce219f4d7d86c45bf979b9d8e0150ad0a4bbd7d3fa61bcb36ffa3cb99018dda?s=96&d=mm&r=g\",\"caption\":\"Mapo\"},\"url\":\"https:\/\/www.dolomitiprealpi.it\/de\/author\/mapo\/\"}]}<\/script>\n<!-- \/ Yoast SEO plugin. -->","yoast_head_json":{"title":"Museo Longarone Vajont Attimi di Storia - Dolomiti Prealpi","robots":{"index":"index","follow":"follow","max-snippet":"max-snippet:-1","max-image-preview":"max-image-preview:large","max-video-preview":"max-video-preview:-1"},"canonical":"https:\/\/www.dolomitiprealpi.it\/de\/museo-longarone-vajont-attimi-di-storia-2\/","og_locale":"de_DE","og_type":"article","og_title":"Museo Longarone Vajont Attimi di Storia - Dolomiti Prealpi","og_description":"Ein Museum, das an die Trag\u00f6die des Vajont erinnert, um die Geschichte eines zerst\u00f6rten Landes nicht zu vergessen. Das Museum Longarone Vajont, Momente der Geschichte, das sich seit 2009 im","og_url":"https:\/\/www.dolomitiprealpi.it\/de\/museo-longarone-vajont-attimi-di-storia-2\/","og_site_name":"Dolomiti Prealpi","article_publisher":"https:\/\/www.facebook.com\/dolomitiprealpi.it\/","article_published_time":"2021-02-16T15:04:37+00:00","article_modified_time":"2026-04-23T15:23:42+00:00","og_image":[{"width":1600,"height":1069,"url":"https:\/\/www.dolomitiprealpi.it\/wp-content\/uploads\/2023\/10\/Valbelluna_Social-02.jpg","type":"image\/jpeg"}],"author":"Mapo","twitter_card":"summary_large_image","twitter_misc":{"Written by":"Mapo","Est. reading time":"2 minutes"},"schema":{"@context":"https:\/\/schema.org","@graph":[{"@type":"Article","@id":"https:\/\/www.dolomitiprealpi.it\/de\/museo-longarone-vajont-attimi-di-storia-2\/#article","isPartOf":{"@id":"https:\/\/www.dolomitiprealpi.it\/de\/museo-longarone-vajont-attimi-di-storia-2\/"},"author":{"name":"Mapo","@id":"https:\/\/www.dolomitiprealpi.it\/de\/#\/schema\/person\/3442beb0554060944b4326d8211c9c04"},"headline":"Museo Longarone Vajont Attimi di Storia","datePublished":"2021-02-16T15:04:37+00:00","dateModified":"2026-04-23T15:23:42+00:00","mainEntityOfPage":{"@id":"https:\/\/www.dolomitiprealpi.it\/de\/museo-longarone-vajont-attimi-di-storia-2\/"},"wordCount":356,"publisher":{"@id":"https:\/\/www.dolomitiprealpi.it\/de\/#organization"},"image":{"@id":"https:\/\/www.dolomitiprealpi.it\/de\/museo-longarone-vajont-attimi-di-storia-2\/#primaryimage"},"thumbnailUrl":"https:\/\/www.dolomitiprealpi.it\/wp-content\/uploads\/2023\/10\/Valbelluna_Social-02.jpg","keywords":["Cultura","Feratel sync","Feratel sync","Interessante Punkte","Kultur","POI","POI","Punti interesse","Punti interesse Feratel","Punti interesse Feratel"],"articleSection":["Museen","Vajont"],"inLanguage":"de-DE"},{"@type":"WebPage","@id":"https:\/\/www.dolomitiprealpi.it\/de\/museo-longarone-vajont-attimi-di-storia-2\/","url":"https:\/\/www.dolomitiprealpi.it\/de\/museo-longarone-vajont-attimi-di-storia-2\/","name":"Museo Longarone Vajont Attimi di Storia - Dolomiti Prealpi","isPartOf":{"@id":"https:\/\/www.dolomitiprealpi.it\/de\/#website"},"primaryImageOfPage":{"@id":"https:\/\/www.dolomitiprealpi.it\/de\/museo-longarone-vajont-attimi-di-storia-2\/#primaryimage"},"image":{"@id":"https:\/\/www.dolomitiprealpi.it\/de\/museo-longarone-vajont-attimi-di-storia-2\/#primaryimage"},"thumbnailUrl":"https:\/\/www.dolomitiprealpi.it\/wp-content\/uploads\/2023\/10\/Valbelluna_Social-02.jpg","datePublished":"2021-02-16T15:04:37+00:00","dateModified":"2026-04-23T15:23:42+00:00","breadcrumb":{"@id":"https:\/\/www.dolomitiprealpi.it\/de\/museo-longarone-vajont-attimi-di-storia-2\/#breadcrumb"},"inLanguage":"de-DE","potentialAction":[{"@type":"ReadAction","target":["https:\/\/www.dolomitiprealpi.it\/de\/museo-longarone-vajont-attimi-di-storia-2\/"]}]},{"@type":"ImageObject","inLanguage":"de-DE","@id":"https:\/\/www.dolomitiprealpi.it\/de\/museo-longarone-vajont-attimi-di-storia-2\/#primaryimage","url":"https:\/\/www.dolomitiprealpi.it\/wp-content\/uploads\/2023\/10\/Valbelluna_Social-02.jpg","contentUrl":"https:\/\/www.dolomitiprealpi.it\/wp-content\/uploads\/2023\/10\/Valbelluna_Social-02.jpg","width":1600,"height":1069,"caption":"Museo del Vajont a Lavarone"},{"@type":"BreadcrumbList","@id":"https:\/\/www.dolomitiprealpi.it\/de\/museo-longarone-vajont-attimi-di-storia-2\/#breadcrumb","itemListElement":[{"@type":"ListItem","position":1,"name":"Home","item":"https:\/\/www.dolomitiprealpi.it\/de\/"},{"@type":"ListItem","position":2,"name":"Museo Longarone Vajont Attimi di Storia"}]},{"@type":"WebSite","@id":"https:\/\/www.dolomitiprealpi.it\/de\/#website","url":"https:\/\/www.dolomitiprealpi.it\/de\/","name":"Dolomiti Prealpi","description":"","publisher":{"@id":"https:\/\/www.dolomitiprealpi.it\/de\/#organization"},"potentialAction":[{"@type":"SearchAction","target":{"@type":"EntryPoint","urlTemplate":"https:\/\/www.dolomitiprealpi.it\/de\/?s={search_term_string}"},"query-input":{"@type":"PropertyValueSpecification","valueRequired":true,"valueName":"search_term_string"}}],"inLanguage":"de-DE"},{"@type":"Organization","@id":"https:\/\/www.dolomitiprealpi.it\/de\/#organization","name":"Consorzio Dolomiti Prealpi","url":"https:\/\/www.dolomitiprealpi.it\/de\/","logo":{"@type":"ImageObject","inLanguage":"de-DE","@id":"https:\/\/www.dolomitiprealpi.it\/de\/#\/schema\/logo\/image\/","url":"https:\/\/www.dolomitiprealpi.it\/wp-content\/uploads\/2023\/03\/dolomitiprealpi-favicon.jpg","contentUrl":"https:\/\/www.dolomitiprealpi.it\/wp-content\/uploads\/2023\/03\/dolomitiprealpi-favicon.jpg","width":512,"height":512,"caption":"Consorzio Dolomiti Prealpi"},"image":{"@id":"https:\/\/www.dolomitiprealpi.it\/de\/#\/schema\/logo\/image\/"},"sameAs":["https:\/\/www.facebook.com\/dolomitiprealpi.it\/","https:\/\/www.instagram.com\/dolomitiprealpi\/"]},{"@type":"Person","@id":"https:\/\/www.dolomitiprealpi.it\/de\/#\/schema\/person\/3442beb0554060944b4326d8211c9c04","name":"Mapo","image":{"@type":"ImageObject","inLanguage":"de-DE","@id":"https:\/\/www.dolomitiprealpi.it\/de\/#\/schema\/person\/image\/","url":"https:\/\/secure.gravatar.com\/avatar\/7ce219f4d7d86c45bf979b9d8e0150ad0a4bbd7d3fa61bcb36ffa3cb99018dda?s=96&d=mm&r=g","contentUrl":"https:\/\/secure.gravatar.com\/avatar\/7ce219f4d7d86c45bf979b9d8e0150ad0a4bbd7d3fa61bcb36ffa3cb99018dda?s=96&d=mm&r=g","caption":"Mapo"},"url":"https:\/\/www.dolomitiprealpi.it\/de\/author\/mapo\/"}]}},"jetpack_featured_media_url":"https:\/\/www.dolomitiprealpi.it\/wp-content\/uploads\/2023\/10\/Valbelluna_Social-02.jpg","_links":{"self":[{"href":"https:\/\/www.dolomitiprealpi.it\/de\/wp-json\/wp\/v2\/posts\/2068","targetHints":{"allow":["GET"]}}],"collection":[{"href":"https:\/\/www.dolomitiprealpi.it\/de\/wp-json\/wp\/v2\/posts"}],"about":[{"href":"https:\/\/www.dolomitiprealpi.it\/de\/wp-json\/wp\/v2\/types\/post"}],"author":[{"embeddable":true,"href":"https:\/\/www.dolomitiprealpi.it\/de\/wp-json\/wp\/v2\/users\/2"}],"replies":[{"embeddable":true,"href":"https:\/\/www.dolomitiprealpi.it\/de\/wp-json\/wp\/v2\/comments?post=2068"}],"version-history":[{"count":1,"href":"https:\/\/www.dolomitiprealpi.it\/de\/wp-json\/wp\/v2\/posts\/2068\/revisions"}],"predecessor-version":[{"id":88832,"href":"https:\/\/www.dolomitiprealpi.it\/de\/wp-json\/wp\/v2\/posts\/2068\/revisions\/88832"}],"wp:featuredmedia":[{"embeddable":true,"href":"https:\/\/www.dolomitiprealpi.it\/de\/wp-json\/wp\/v2\/media\/26613"}],"wp:attachment":[{"href":"https:\/\/www.dolomitiprealpi.it\/de\/wp-json\/wp\/v2\/media?parent=2068"}],"wp:term":[{"taxonomy":"category","embeddable":true,"href":"https:\/\/www.dolomitiprealpi.it\/de\/wp-json\/wp\/v2\/categories?post=2068"},{"taxonomy":"post_tag","embeddable":true,"href":"https:\/\/www.dolomitiprealpi.it\/de\/wp-json\/wp\/v2\/tags?post=2068"}],"curies":[{"name":"wp","href":"https:\/\/api.w.org\/{rel}","templated":true}]}}