{"id":2035,"date":"2023-02-10T17:41:03","date_gmt":"2023-02-10T16:41:03","guid":{"rendered":"https:\/\/www.dolomitiprealpi.it\/porta-dojona\/"},"modified":"2026-04-23T17:22:37","modified_gmt":"2026-04-23T15:22:37","slug":"porta-dojona","status":"publish","type":"post","link":"https:\/\/www.dolomitiprealpi.it\/de\/porta-dojona\/","title":{"rendered":"Porta Dojona"},"content":{"rendered":"<p>Das Dojona-Tor, Teil eines befestigten Komplexes, vereint mittelalterliche und Renaissance-Elemente, die von Jahrhunderten der Geschichte zeugen.<\/p>\n<p>Sie tr\u00e4gt den Namen des benachbarten Torturms (Dojon), mit dem sie einen befestigten Komplex bildete, der bereits Sitz des Bischofs war, an der nord\u00f6stlichen Ecke der alten Mauern.<\/p>\n<p>&nbsp;Der innere Bogen wurde 1289 von Vecello da Cusighe f\u00fcr den Bischof-Grafen Adalgerio von Vili alta errichtet: Dieser Eingriff, im Rahmen der allgemeinen Neugestaltung der Stadtmauer, die nach dem Niedergang der Herrschaft von Ezzelino da Romano notwendig wurde, ist durch eine Steinplatte bezeugt, die \u00fcber dem Bogen eingemauert ist und die \u00e4lteste Abbildung des Stadtwappens zeigt. Der Renaissance-Doppelbogen ist ein Werk von Niccol\u00f2 Tagliapietra und wurde 1553 realisiert. Die Verbindung zwischen dem neuen und dem alten Tor wurde 1622 beschlossen und umgesetzt. Die originalen Holzt\u00fcren sind, so die Tradition, die nach der imperialen Belagerung von 1509 wiederhergestellt wurden. Der originale venezianische L\u00f6we wurde im Mai 1797 von den Jakobinern gemei\u00dfelt. An seiner Stelle wurde Ende des 19. Jahrhunderts das Exemplare aus dem 15. Jahrhundert eingesetzt, das urspr\u00fcnglich \u00fcber dem ersten Bogen prangte und von der aus dem 17. Jahrhundert stammenden Abdeckung verdeckt geblieben war, die es gl\u00fccklicherweise vor den Blicken der napoleonischen Steinmetze bewahrt hatte. Das Tor wurde Gegenstand einer \u00e4u\u00dferst sorgf\u00e4ltigen, aktuellen Restaurierung. Erfahren Sie mehr \u00fcber die &#8220;sprechenden Mauern&#8221; von Porta Dojona, indem Sie hier klicken.<\/p>\n","protected":false},"excerpt":{"rendered":"<p>Das Dojona-Tor, Teil eines befestigten Komplexes, vereint mittelalterliche und Renaissance-Elemente, die von Jahrhunderten der Geschichte zeugen. Sie tr\u00e4gt den Namen des benachbarten Torturms (Dojon), mit dem sie einen befestigten Komplex<\/p>\n","protected":false},"author":2,"featured_media":0,"comment_status":"closed","ping_status":"open","sticky":false,"template":"","format":"standard","meta":{"_acf_changed":false,"inline_featured_image":false,"footnotes":""},"categories":[141],"tags":[285,122,286,234,287,121],"class_list":["post-2035","post","type-post","status-publish","format-standard","hentry","category-belluno-de","tag-feratel-sync-de","tag-feratel-sync","tag-poi-de","tag-poi","tag-punti-interesse-feratel-de","tag-punti-interesse-feratel"],"acf":[],"yoast_head":"<!-- This site is optimized with the Yoast SEO plugin v25.7 - https:\/\/yoast.com\/wordpress\/plugins\/seo\/ -->\n<title>Porta Dojona - Dolomiti Prealpi<\/title>\n<meta name=\"robots\" content=\"index, follow, max-snippet:-1, max-image-preview:large, max-video-preview:-1\" \/>\n<link rel=\"canonical\" href=\"https:\/\/www.dolomitiprealpi.it\/de\/porta-dojona\/\" \/>\n<meta property=\"og:locale\" content=\"de_DE\" \/>\n<meta property=\"og:type\" content=\"article\" \/>\n<meta property=\"og:title\" content=\"Porta Dojona - Dolomiti Prealpi\" \/>\n<meta property=\"og:description\" content=\"Das Dojona-Tor, Teil eines befestigten Komplexes, vereint mittelalterliche und Renaissance-Elemente, die von Jahrhunderten der Geschichte zeugen. Sie tr\u00e4gt den Namen des benachbarten Torturms (Dojon), mit dem sie einen befestigten Komplex\" \/>\n<meta property=\"og:url\" content=\"https:\/\/www.dolomitiprealpi.it\/de\/porta-dojona\/\" \/>\n<meta property=\"og:site_name\" content=\"Dolomiti Prealpi\" \/>\n<meta property=\"article:publisher\" content=\"https:\/\/www.facebook.com\/dolomitiprealpi.it\/\" \/>\n<meta property=\"article:published_time\" content=\"2023-02-10T16:41:03+00:00\" \/>\n<meta property=\"article:modified_time\" content=\"2026-04-23T15:22:37+00:00\" \/>\n<meta property=\"og:image\" content=\"https:\/\/www.dolomitiprealpi.it\/wp-content\/uploads\/2022\/11\/C.-Timpone-Foto-archivio-Consorzio-turistico-Dolomiti-Prealpi-Nevegal-Belluno-Bike-18-2.jpg\" \/>\n\t<meta property=\"og:image:width\" content=\"2048\" \/>\n\t<meta property=\"og:image:height\" content=\"1888\" \/>\n\t<meta property=\"og:image:type\" content=\"image\/jpeg\" \/>\n<meta name=\"author\" content=\"Mapo\" \/>\n<meta name=\"twitter:card\" content=\"summary_large_image\" \/>\n<meta name=\"twitter:label1\" content=\"Written by\" \/>\n\t<meta name=\"twitter:data1\" content=\"Mapo\" \/>\n\t<meta name=\"twitter:label2\" content=\"Est. reading time\" \/>\n\t<meta name=\"twitter:data2\" content=\"1 minute\" \/>\n<script type=\"application\/ld+json\" class=\"yoast-schema-graph\">{\"@context\":\"https:\/\/schema.org\",\"@graph\":[{\"@type\":\"Article\",\"@id\":\"https:\/\/www.dolomitiprealpi.it\/de\/porta-dojona\/#article\",\"isPartOf\":{\"@id\":\"https:\/\/www.dolomitiprealpi.it\/de\/porta-dojona\/\"},\"author\":{\"name\":\"Mapo\",\"@id\":\"https:\/\/www.dolomitiprealpi.it\/de\/#\/schema\/person\/3442beb0554060944b4326d8211c9c04\"},\"headline\":\"Porta Dojona\",\"datePublished\":\"2023-02-10T16:41:03+00:00\",\"dateModified\":\"2026-04-23T15:22:37+00:00\",\"mainEntityOfPage\":{\"@id\":\"https:\/\/www.dolomitiprealpi.it\/de\/porta-dojona\/\"},\"wordCount\":227,\"publisher\":{\"@id\":\"https:\/\/www.dolomitiprealpi.it\/de\/#organization\"},\"keywords\":[\"Feratel sync\",\"Feratel sync\",\"POI\",\"POI\",\"Punti interesse Feratel\",\"Punti interesse Feratel\"],\"articleSection\":[\"Belluno\"],\"inLanguage\":\"de-DE\"},{\"@type\":\"WebPage\",\"@id\":\"https:\/\/www.dolomitiprealpi.it\/de\/porta-dojona\/\",\"url\":\"https:\/\/www.dolomitiprealpi.it\/de\/porta-dojona\/\",\"name\":\"Porta Dojona - Dolomiti Prealpi\",\"isPartOf\":{\"@id\":\"https:\/\/www.dolomitiprealpi.it\/de\/#website\"},\"datePublished\":\"2023-02-10T16:41:03+00:00\",\"dateModified\":\"2026-04-23T15:22:37+00:00\",\"breadcrumb\":{\"@id\":\"https:\/\/www.dolomitiprealpi.it\/de\/porta-dojona\/#breadcrumb\"},\"inLanguage\":\"de-DE\",\"potentialAction\":[{\"@type\":\"ReadAction\",\"target\":[\"https:\/\/www.dolomitiprealpi.it\/de\/porta-dojona\/\"]}]},{\"@type\":\"BreadcrumbList\",\"@id\":\"https:\/\/www.dolomitiprealpi.it\/de\/porta-dojona\/#breadcrumb\",\"itemListElement\":[{\"@type\":\"ListItem\",\"position\":1,\"name\":\"Home\",\"item\":\"https:\/\/www.dolomitiprealpi.it\/de\/\"},{\"@type\":\"ListItem\",\"position\":2,\"name\":\"Porta Dojona\"}]},{\"@type\":\"WebSite\",\"@id\":\"https:\/\/www.dolomitiprealpi.it\/de\/#website\",\"url\":\"https:\/\/www.dolomitiprealpi.it\/de\/\",\"name\":\"Dolomiti Prealpi\",\"description\":\"\",\"publisher\":{\"@id\":\"https:\/\/www.dolomitiprealpi.it\/de\/#organization\"},\"potentialAction\":[{\"@type\":\"SearchAction\",\"target\":{\"@type\":\"EntryPoint\",\"urlTemplate\":\"https:\/\/www.dolomitiprealpi.it\/de\/?s={search_term_string}\"},\"query-input\":{\"@type\":\"PropertyValueSpecification\",\"valueRequired\":true,\"valueName\":\"search_term_string\"}}],\"inLanguage\":\"de-DE\"},{\"@type\":\"Organization\",\"@id\":\"https:\/\/www.dolomitiprealpi.it\/de\/#organization\",\"name\":\"Consorzio Dolomiti Prealpi\",\"url\":\"https:\/\/www.dolomitiprealpi.it\/de\/\",\"logo\":{\"@type\":\"ImageObject\",\"inLanguage\":\"de-DE\",\"@id\":\"https:\/\/www.dolomitiprealpi.it\/de\/#\/schema\/logo\/image\/\",\"url\":\"https:\/\/www.dolomitiprealpi.it\/wp-content\/uploads\/2023\/03\/dolomitiprealpi-favicon.jpg\",\"contentUrl\":\"https:\/\/www.dolomitiprealpi.it\/wp-content\/uploads\/2023\/03\/dolomitiprealpi-favicon.jpg\",\"width\":512,\"height\":512,\"caption\":\"Consorzio Dolomiti Prealpi\"},\"image\":{\"@id\":\"https:\/\/www.dolomitiprealpi.it\/de\/#\/schema\/logo\/image\/\"},\"sameAs\":[\"https:\/\/www.facebook.com\/dolomitiprealpi.it\/\",\"https:\/\/www.instagram.com\/dolomitiprealpi\/\"]},{\"@type\":\"Person\",\"@id\":\"https:\/\/www.dolomitiprealpi.it\/de\/#\/schema\/person\/3442beb0554060944b4326d8211c9c04\",\"name\":\"Mapo\",\"image\":{\"@type\":\"ImageObject\",\"inLanguage\":\"de-DE\",\"@id\":\"https:\/\/www.dolomitiprealpi.it\/de\/#\/schema\/person\/image\/\",\"url\":\"https:\/\/secure.gravatar.com\/avatar\/7ce219f4d7d86c45bf979b9d8e0150ad0a4bbd7d3fa61bcb36ffa3cb99018dda?s=96&d=mm&r=g\",\"contentUrl\":\"https:\/\/secure.gravatar.com\/avatar\/7ce219f4d7d86c45bf979b9d8e0150ad0a4bbd7d3fa61bcb36ffa3cb99018dda?s=96&d=mm&r=g\",\"caption\":\"Mapo\"},\"url\":\"https:\/\/www.dolomitiprealpi.it\/de\/author\/mapo\/\"}]}<\/script>\n<!-- \/ Yoast SEO plugin. -->","yoast_head_json":{"title":"Porta Dojona - Dolomiti Prealpi","robots":{"index":"index","follow":"follow","max-snippet":"max-snippet:-1","max-image-preview":"max-image-preview:large","max-video-preview":"max-video-preview:-1"},"canonical":"https:\/\/www.dolomitiprealpi.it\/de\/porta-dojona\/","og_locale":"de_DE","og_type":"article","og_title":"Porta Dojona - Dolomiti Prealpi","og_description":"Das Dojona-Tor, Teil eines befestigten Komplexes, vereint mittelalterliche und Renaissance-Elemente, die von Jahrhunderten der Geschichte zeugen. Sie tr\u00e4gt den Namen des benachbarten Torturms (Dojon), mit dem sie einen befestigten Komplex","og_url":"https:\/\/www.dolomitiprealpi.it\/de\/porta-dojona\/","og_site_name":"Dolomiti Prealpi","article_publisher":"https:\/\/www.facebook.com\/dolomitiprealpi.it\/","article_published_time":"2023-02-10T16:41:03+00:00","article_modified_time":"2026-04-23T15:22:37+00:00","og_image":[{"width":2048,"height":1888,"url":"https:\/\/www.dolomitiprealpi.it\/wp-content\/uploads\/2022\/11\/C.-Timpone-Foto-archivio-Consorzio-turistico-Dolomiti-Prealpi-Nevegal-Belluno-Bike-18-2.jpg","type":"image\/jpeg"}],"author":"Mapo","twitter_card":"summary_large_image","twitter_misc":{"Written by":"Mapo","Est. reading time":"1 minute"},"schema":{"@context":"https:\/\/schema.org","@graph":[{"@type":"Article","@id":"https:\/\/www.dolomitiprealpi.it\/de\/porta-dojona\/#article","isPartOf":{"@id":"https:\/\/www.dolomitiprealpi.it\/de\/porta-dojona\/"},"author":{"name":"Mapo","@id":"https:\/\/www.dolomitiprealpi.it\/de\/#\/schema\/person\/3442beb0554060944b4326d8211c9c04"},"headline":"Porta Dojona","datePublished":"2023-02-10T16:41:03+00:00","dateModified":"2026-04-23T15:22:37+00:00","mainEntityOfPage":{"@id":"https:\/\/www.dolomitiprealpi.it\/de\/porta-dojona\/"},"wordCount":227,"publisher":{"@id":"https:\/\/www.dolomitiprealpi.it\/de\/#organization"},"keywords":["Feratel sync","Feratel sync","POI","POI","Punti interesse Feratel","Punti interesse Feratel"],"articleSection":["Belluno"],"inLanguage":"de-DE"},{"@type":"WebPage","@id":"https:\/\/www.dolomitiprealpi.it\/de\/porta-dojona\/","url":"https:\/\/www.dolomitiprealpi.it\/de\/porta-dojona\/","name":"Porta Dojona - Dolomiti Prealpi","isPartOf":{"@id":"https:\/\/www.dolomitiprealpi.it\/de\/#website"},"datePublished":"2023-02-10T16:41:03+00:00","dateModified":"2026-04-23T15:22:37+00:00","breadcrumb":{"@id":"https:\/\/www.dolomitiprealpi.it\/de\/porta-dojona\/#breadcrumb"},"inLanguage":"de-DE","potentialAction":[{"@type":"ReadAction","target":["https:\/\/www.dolomitiprealpi.it\/de\/porta-dojona\/"]}]},{"@type":"BreadcrumbList","@id":"https:\/\/www.dolomitiprealpi.it\/de\/porta-dojona\/#breadcrumb","itemListElement":[{"@type":"ListItem","position":1,"name":"Home","item":"https:\/\/www.dolomitiprealpi.it\/de\/"},{"@type":"ListItem","position":2,"name":"Porta Dojona"}]},{"@type":"WebSite","@id":"https:\/\/www.dolomitiprealpi.it\/de\/#website","url":"https:\/\/www.dolomitiprealpi.it\/de\/","name":"Dolomiti Prealpi","description":"","publisher":{"@id":"https:\/\/www.dolomitiprealpi.it\/de\/#organization"},"potentialAction":[{"@type":"SearchAction","target":{"@type":"EntryPoint","urlTemplate":"https:\/\/www.dolomitiprealpi.it\/de\/?s={search_term_string}"},"query-input":{"@type":"PropertyValueSpecification","valueRequired":true,"valueName":"search_term_string"}}],"inLanguage":"de-DE"},{"@type":"Organization","@id":"https:\/\/www.dolomitiprealpi.it\/de\/#organization","name":"Consorzio Dolomiti Prealpi","url":"https:\/\/www.dolomitiprealpi.it\/de\/","logo":{"@type":"ImageObject","inLanguage":"de-DE","@id":"https:\/\/www.dolomitiprealpi.it\/de\/#\/schema\/logo\/image\/","url":"https:\/\/www.dolomitiprealpi.it\/wp-content\/uploads\/2023\/03\/dolomitiprealpi-favicon.jpg","contentUrl":"https:\/\/www.dolomitiprealpi.it\/wp-content\/uploads\/2023\/03\/dolomitiprealpi-favicon.jpg","width":512,"height":512,"caption":"Consorzio Dolomiti Prealpi"},"image":{"@id":"https:\/\/www.dolomitiprealpi.it\/de\/#\/schema\/logo\/image\/"},"sameAs":["https:\/\/www.facebook.com\/dolomitiprealpi.it\/","https:\/\/www.instagram.com\/dolomitiprealpi\/"]},{"@type":"Person","@id":"https:\/\/www.dolomitiprealpi.it\/de\/#\/schema\/person\/3442beb0554060944b4326d8211c9c04","name":"Mapo","image":{"@type":"ImageObject","inLanguage":"de-DE","@id":"https:\/\/www.dolomitiprealpi.it\/de\/#\/schema\/person\/image\/","url":"https:\/\/secure.gravatar.com\/avatar\/7ce219f4d7d86c45bf979b9d8e0150ad0a4bbd7d3fa61bcb36ffa3cb99018dda?s=96&d=mm&r=g","contentUrl":"https:\/\/secure.gravatar.com\/avatar\/7ce219f4d7d86c45bf979b9d8e0150ad0a4bbd7d3fa61bcb36ffa3cb99018dda?s=96&d=mm&r=g","caption":"Mapo"},"url":"https:\/\/www.dolomitiprealpi.it\/de\/author\/mapo\/"}]}},"jetpack_featured_media_url":"","_links":{"self":[{"href":"https:\/\/www.dolomitiprealpi.it\/de\/wp-json\/wp\/v2\/posts\/2035","targetHints":{"allow":["GET"]}}],"collection":[{"href":"https:\/\/www.dolomitiprealpi.it\/de\/wp-json\/wp\/v2\/posts"}],"about":[{"href":"https:\/\/www.dolomitiprealpi.it\/de\/wp-json\/wp\/v2\/types\/post"}],"author":[{"embeddable":true,"href":"https:\/\/www.dolomitiprealpi.it\/de\/wp-json\/wp\/v2\/users\/2"}],"replies":[{"embeddable":true,"href":"https:\/\/www.dolomitiprealpi.it\/de\/wp-json\/wp\/v2\/comments?post=2035"}],"version-history":[{"count":2,"href":"https:\/\/www.dolomitiprealpi.it\/de\/wp-json\/wp\/v2\/posts\/2035\/revisions"}],"predecessor-version":[{"id":48814,"href":"https:\/\/www.dolomitiprealpi.it\/de\/wp-json\/wp\/v2\/posts\/2035\/revisions\/48814"}],"wp:attachment":[{"href":"https:\/\/www.dolomitiprealpi.it\/de\/wp-json\/wp\/v2\/media?parent=2035"}],"wp:term":[{"taxonomy":"category","embeddable":true,"href":"https:\/\/www.dolomitiprealpi.it\/de\/wp-json\/wp\/v2\/categories?post=2035"},{"taxonomy":"post_tag","embeddable":true,"href":"https:\/\/www.dolomitiprealpi.it\/de\/wp-json\/wp\/v2\/tags?post=2035"}],"curies":[{"name":"wp","href":"https:\/\/api.w.org\/{rel}","templated":true}]}}