{"id":1962,"date":"2021-02-16T16:03:57","date_gmt":"2021-02-16T15:03:57","guid":{"rendered":"https:\/\/www.dolomitiprealpi.it\/teatro-della-sena\/"},"modified":"2026-04-23T17:00:06","modified_gmt":"2026-04-23T15:00:06","slug":"teatro-della-sena","status":"publish","type":"post","link":"https:\/\/www.dolomitiprealpi.it\/de\/teatro-della-sena\/","title":{"rendered":"Teatro della Sena"},"content":{"rendered":"<p>Das Teatro de la Sena, genannt der &#8220;Kleine Ph\u00f6nix von Venedig&#8221;. <\/p>\n<p>Das Teatro de la Sena, oder &#8220;der Szene&#8221;, befindet sich im ersten Stock des <i>Palazzo della Ragione. <\/i>Das Geb\u00e4ude aus dem 16. Jahrhundert wurde ab 1510 nach der Zerst\u00f6rung der bestehenden Fabrik durch die Truppen von Maximilian von Habsburg erbaut und zeichnet sich durch die palladianische <i>Loggia <\/i>von 1558 aus. <\/p>\n<p>Der Saal, der urspr\u00fcnglich f\u00fcr die Sitzungen des Gro\u00dfen Rates genutzt wurde, wurde 1684 mit der Errichtung eines&nbsp;soziale Theaters mit zwei Reihen von Logen in privatem Besitz, die zu Adelsfamilien und Stadtfrauen geh\u00f6rten, zum \u00f6ffentlichen Theater bestimmt. <\/p>\n<p>Im Jahre 1729 spielte Carlo Goldoni &#8220;Il buon padre&#8221; und &#8220;La cantatrice&#8221;. <\/p>\n<p>Im Jahr 1741 wurde eine dritte Ordnung von Paletten hinzugef\u00fcgt. Am 26. Juli 1769 wurde das Theater w\u00e4hrend einer Auff\u00fchrung von einem Blitz getroffen, der f\u00fcnf Menschen t\u00f6tete, Dutzende verletzte und die Geb\u00e4ude besch\u00e4digte, so dass der Saal sporadisch genutzt wurde. <\/p>\n<p>Im Jahr 1802 wurde der venezianische Architekt Gianantonio Selva, der bereits den Wettbewerb f\u00fcr die Planung des Fenice von Venedig gewann, mit der radikalen Umstrukturierung der Umgebung beauftragt. <\/p>\n<p>Die malerischen Dekorationen, unter denen der Vorhang und die Vord\u00e4cher hervorstechen, wurden 1843 von Tranquillo Orsi ausgef\u00fchrt, dem Autor der neoklassischen Dekorationen des Ph\u00f6nix im Jahr 1837. <\/p>\n<p>Das Theater ist zu den Historischen Theatern Europas geworden.<\/p>\n<p> Von Donnerstag bis Sonntag und an Feiertagen<br \/>&nbsp;10:00 &#8211; 13:00&nbsp; |&nbsp; 15:00 &#8211; 19:00<\/p>\n","protected":false},"excerpt":{"rendered":"<p>Das Teatro de la Sena, genannt der &#8220;Kleine Ph\u00f6nix von Venedig&#8221;. Das Teatro de la Sena, oder &#8220;der Szene&#8221;, befindet sich im ersten Stock des Palazzo della Ragione. Das Geb\u00e4ude<\/p>\n","protected":false},"author":2,"featured_media":0,"comment_status":"closed","ping_status":"open","sticky":false,"template":"","format":"standard","meta":{"_acf_changed":false,"inline_featured_image":false,"footnotes":""},"categories":[369,77],"tags":[385,285,122,235,127,286,234,394,83,121,287],"class_list":["post-1962","post","type-post","status-publish","format-standard","hentry","category-feltre-de-2","category-musei","tag-cultura-de","tag-feratel-sync-de","tag-feratel-sync","tag-interessante-punkte","tag-kultur-de","tag-poi-de","tag-poi","tag-punti-interesse-de","tag-punti-interesse","tag-punti-interesse-feratel","tag-punti-interesse-feratel-de"],"acf":[],"yoast_head":"<!-- This site is optimized with the Yoast SEO plugin v25.7 - https:\/\/yoast.com\/wordpress\/plugins\/seo\/ -->\n<title>Teatro della Sena - Dolomiti Prealpi<\/title>\n<meta name=\"robots\" content=\"index, follow, max-snippet:-1, max-image-preview:large, max-video-preview:-1\" \/>\n<link rel=\"canonical\" href=\"https:\/\/www.dolomitiprealpi.it\/de\/teatro-della-sena\/\" \/>\n<meta property=\"og:locale\" content=\"de_DE\" \/>\n<meta property=\"og:type\" content=\"article\" \/>\n<meta property=\"og:title\" content=\"Teatro della Sena - Dolomiti Prealpi\" \/>\n<meta property=\"og:description\" content=\"Das Teatro de la Sena, genannt der &#8220;Kleine Ph\u00f6nix von Venedig&#8221;. Das Teatro de la Sena, oder &#8220;der Szene&#8221;, befindet sich im ersten Stock des Palazzo della Ragione. Das Geb\u00e4ude\" \/>\n<meta property=\"og:url\" content=\"https:\/\/www.dolomitiprealpi.it\/de\/teatro-della-sena\/\" \/>\n<meta property=\"og:site_name\" content=\"Dolomiti Prealpi\" \/>\n<meta property=\"article:publisher\" content=\"https:\/\/www.facebook.com\/dolomitiprealpi.it\/\" \/>\n<meta property=\"article:published_time\" content=\"2021-02-16T15:03:57+00:00\" \/>\n<meta property=\"article:modified_time\" content=\"2026-04-23T15:00:06+00:00\" \/>\n<meta property=\"og:image\" content=\"https:\/\/www.dolomitiprealpi.it\/wp-content\/uploads\/2022\/11\/C.-Timpone-Foto-archivio-Consorzio-turistico-Dolomiti-Prealpi-Nevegal-Belluno-Bike-18-2.jpg\" \/>\n\t<meta property=\"og:image:width\" content=\"2048\" \/>\n\t<meta property=\"og:image:height\" content=\"1888\" \/>\n\t<meta property=\"og:image:type\" content=\"image\/jpeg\" \/>\n<meta name=\"author\" content=\"Mapo\" \/>\n<meta name=\"twitter:card\" content=\"summary_large_image\" \/>\n<meta name=\"twitter:label1\" content=\"Written by\" \/>\n\t<meta name=\"twitter:data1\" content=\"Mapo\" \/>\n\t<meta name=\"twitter:label2\" content=\"Est. reading time\" \/>\n\t<meta name=\"twitter:data2\" content=\"1 minute\" \/>\n<script type=\"application\/ld+json\" class=\"yoast-schema-graph\">{\"@context\":\"https:\/\/schema.org\",\"@graph\":[{\"@type\":\"Article\",\"@id\":\"https:\/\/www.dolomitiprealpi.it\/de\/teatro-della-sena\/#article\",\"isPartOf\":{\"@id\":\"https:\/\/www.dolomitiprealpi.it\/de\/teatro-della-sena\/\"},\"author\":{\"name\":\"Mapo\",\"@id\":\"https:\/\/www.dolomitiprealpi.it\/de\/#\/schema\/person\/3442beb0554060944b4326d8211c9c04\"},\"headline\":\"Teatro della Sena\",\"datePublished\":\"2021-02-16T15:03:57+00:00\",\"dateModified\":\"2026-04-23T15:00:06+00:00\",\"mainEntityOfPage\":{\"@id\":\"https:\/\/www.dolomitiprealpi.it\/de\/teatro-della-sena\/\"},\"wordCount\":239,\"publisher\":{\"@id\":\"https:\/\/www.dolomitiprealpi.it\/de\/#organization\"},\"keywords\":[\"Cultura\",\"Feratel sync\",\"Feratel sync\",\"Interessante Punkte\",\"Kultur\",\"POI\",\"POI\",\"Punti interesse\",\"Punti interesse\",\"Punti interesse Feratel\",\"Punti interesse Feratel\"],\"articleSection\":[\"Feltre\",\"Musei\"],\"inLanguage\":\"de-DE\"},{\"@type\":\"WebPage\",\"@id\":\"https:\/\/www.dolomitiprealpi.it\/de\/teatro-della-sena\/\",\"url\":\"https:\/\/www.dolomitiprealpi.it\/de\/teatro-della-sena\/\",\"name\":\"Teatro della Sena - Dolomiti Prealpi\",\"isPartOf\":{\"@id\":\"https:\/\/www.dolomitiprealpi.it\/de\/#website\"},\"datePublished\":\"2021-02-16T15:03:57+00:00\",\"dateModified\":\"2026-04-23T15:00:06+00:00\",\"breadcrumb\":{\"@id\":\"https:\/\/www.dolomitiprealpi.it\/de\/teatro-della-sena\/#breadcrumb\"},\"inLanguage\":\"de-DE\",\"potentialAction\":[{\"@type\":\"ReadAction\",\"target\":[\"https:\/\/www.dolomitiprealpi.it\/de\/teatro-della-sena\/\"]}]},{\"@type\":\"BreadcrumbList\",\"@id\":\"https:\/\/www.dolomitiprealpi.it\/de\/teatro-della-sena\/#breadcrumb\",\"itemListElement\":[{\"@type\":\"ListItem\",\"position\":1,\"name\":\"Home\",\"item\":\"https:\/\/www.dolomitiprealpi.it\/de\/\"},{\"@type\":\"ListItem\",\"position\":2,\"name\":\"Teatro della Sena\"}]},{\"@type\":\"WebSite\",\"@id\":\"https:\/\/www.dolomitiprealpi.it\/de\/#website\",\"url\":\"https:\/\/www.dolomitiprealpi.it\/de\/\",\"name\":\"Dolomiti Prealpi\",\"description\":\"\",\"publisher\":{\"@id\":\"https:\/\/www.dolomitiprealpi.it\/de\/#organization\"},\"potentialAction\":[{\"@type\":\"SearchAction\",\"target\":{\"@type\":\"EntryPoint\",\"urlTemplate\":\"https:\/\/www.dolomitiprealpi.it\/de\/?s={search_term_string}\"},\"query-input\":{\"@type\":\"PropertyValueSpecification\",\"valueRequired\":true,\"valueName\":\"search_term_string\"}}],\"inLanguage\":\"de-DE\"},{\"@type\":\"Organization\",\"@id\":\"https:\/\/www.dolomitiprealpi.it\/de\/#organization\",\"name\":\"Consorzio Dolomiti Prealpi\",\"url\":\"https:\/\/www.dolomitiprealpi.it\/de\/\",\"logo\":{\"@type\":\"ImageObject\",\"inLanguage\":\"de-DE\",\"@id\":\"https:\/\/www.dolomitiprealpi.it\/de\/#\/schema\/logo\/image\/\",\"url\":\"https:\/\/www.dolomitiprealpi.it\/wp-content\/uploads\/2023\/03\/dolomitiprealpi-favicon.jpg\",\"contentUrl\":\"https:\/\/www.dolomitiprealpi.it\/wp-content\/uploads\/2023\/03\/dolomitiprealpi-favicon.jpg\",\"width\":512,\"height\":512,\"caption\":\"Consorzio Dolomiti Prealpi\"},\"image\":{\"@id\":\"https:\/\/www.dolomitiprealpi.it\/de\/#\/schema\/logo\/image\/\"},\"sameAs\":[\"https:\/\/www.facebook.com\/dolomitiprealpi.it\/\",\"https:\/\/www.instagram.com\/dolomitiprealpi\/\"]},{\"@type\":\"Person\",\"@id\":\"https:\/\/www.dolomitiprealpi.it\/de\/#\/schema\/person\/3442beb0554060944b4326d8211c9c04\",\"name\":\"Mapo\",\"image\":{\"@type\":\"ImageObject\",\"inLanguage\":\"de-DE\",\"@id\":\"https:\/\/www.dolomitiprealpi.it\/de\/#\/schema\/person\/image\/\",\"url\":\"https:\/\/secure.gravatar.com\/avatar\/7ce219f4d7d86c45bf979b9d8e0150ad0a4bbd7d3fa61bcb36ffa3cb99018dda?s=96&d=mm&r=g\",\"contentUrl\":\"https:\/\/secure.gravatar.com\/avatar\/7ce219f4d7d86c45bf979b9d8e0150ad0a4bbd7d3fa61bcb36ffa3cb99018dda?s=96&d=mm&r=g\",\"caption\":\"Mapo\"},\"url\":\"https:\/\/www.dolomitiprealpi.it\/de\/author\/mapo\/\"}]}<\/script>\n<!-- \/ Yoast SEO plugin. -->","yoast_head_json":{"title":"Teatro della Sena - Dolomiti Prealpi","robots":{"index":"index","follow":"follow","max-snippet":"max-snippet:-1","max-image-preview":"max-image-preview:large","max-video-preview":"max-video-preview:-1"},"canonical":"https:\/\/www.dolomitiprealpi.it\/de\/teatro-della-sena\/","og_locale":"de_DE","og_type":"article","og_title":"Teatro della Sena - Dolomiti Prealpi","og_description":"Das Teatro de la Sena, genannt der &#8220;Kleine Ph\u00f6nix von Venedig&#8221;. Das Teatro de la Sena, oder &#8220;der Szene&#8221;, befindet sich im ersten Stock des Palazzo della Ragione. Das Geb\u00e4ude","og_url":"https:\/\/www.dolomitiprealpi.it\/de\/teatro-della-sena\/","og_site_name":"Dolomiti Prealpi","article_publisher":"https:\/\/www.facebook.com\/dolomitiprealpi.it\/","article_published_time":"2021-02-16T15:03:57+00:00","article_modified_time":"2026-04-23T15:00:06+00:00","og_image":[{"width":2048,"height":1888,"url":"https:\/\/www.dolomitiprealpi.it\/wp-content\/uploads\/2022\/11\/C.-Timpone-Foto-archivio-Consorzio-turistico-Dolomiti-Prealpi-Nevegal-Belluno-Bike-18-2.jpg","type":"image\/jpeg"}],"author":"Mapo","twitter_card":"summary_large_image","twitter_misc":{"Written by":"Mapo","Est. reading time":"1 minute"},"schema":{"@context":"https:\/\/schema.org","@graph":[{"@type":"Article","@id":"https:\/\/www.dolomitiprealpi.it\/de\/teatro-della-sena\/#article","isPartOf":{"@id":"https:\/\/www.dolomitiprealpi.it\/de\/teatro-della-sena\/"},"author":{"name":"Mapo","@id":"https:\/\/www.dolomitiprealpi.it\/de\/#\/schema\/person\/3442beb0554060944b4326d8211c9c04"},"headline":"Teatro della Sena","datePublished":"2021-02-16T15:03:57+00:00","dateModified":"2026-04-23T15:00:06+00:00","mainEntityOfPage":{"@id":"https:\/\/www.dolomitiprealpi.it\/de\/teatro-della-sena\/"},"wordCount":239,"publisher":{"@id":"https:\/\/www.dolomitiprealpi.it\/de\/#organization"},"keywords":["Cultura","Feratel sync","Feratel sync","Interessante Punkte","Kultur","POI","POI","Punti interesse","Punti interesse","Punti interesse Feratel","Punti interesse Feratel"],"articleSection":["Feltre","Musei"],"inLanguage":"de-DE"},{"@type":"WebPage","@id":"https:\/\/www.dolomitiprealpi.it\/de\/teatro-della-sena\/","url":"https:\/\/www.dolomitiprealpi.it\/de\/teatro-della-sena\/","name":"Teatro della Sena - Dolomiti Prealpi","isPartOf":{"@id":"https:\/\/www.dolomitiprealpi.it\/de\/#website"},"datePublished":"2021-02-16T15:03:57+00:00","dateModified":"2026-04-23T15:00:06+00:00","breadcrumb":{"@id":"https:\/\/www.dolomitiprealpi.it\/de\/teatro-della-sena\/#breadcrumb"},"inLanguage":"de-DE","potentialAction":[{"@type":"ReadAction","target":["https:\/\/www.dolomitiprealpi.it\/de\/teatro-della-sena\/"]}]},{"@type":"BreadcrumbList","@id":"https:\/\/www.dolomitiprealpi.it\/de\/teatro-della-sena\/#breadcrumb","itemListElement":[{"@type":"ListItem","position":1,"name":"Home","item":"https:\/\/www.dolomitiprealpi.it\/de\/"},{"@type":"ListItem","position":2,"name":"Teatro della Sena"}]},{"@type":"WebSite","@id":"https:\/\/www.dolomitiprealpi.it\/de\/#website","url":"https:\/\/www.dolomitiprealpi.it\/de\/","name":"Dolomiti Prealpi","description":"","publisher":{"@id":"https:\/\/www.dolomitiprealpi.it\/de\/#organization"},"potentialAction":[{"@type":"SearchAction","target":{"@type":"EntryPoint","urlTemplate":"https:\/\/www.dolomitiprealpi.it\/de\/?s={search_term_string}"},"query-input":{"@type":"PropertyValueSpecification","valueRequired":true,"valueName":"search_term_string"}}],"inLanguage":"de-DE"},{"@type":"Organization","@id":"https:\/\/www.dolomitiprealpi.it\/de\/#organization","name":"Consorzio Dolomiti Prealpi","url":"https:\/\/www.dolomitiprealpi.it\/de\/","logo":{"@type":"ImageObject","inLanguage":"de-DE","@id":"https:\/\/www.dolomitiprealpi.it\/de\/#\/schema\/logo\/image\/","url":"https:\/\/www.dolomitiprealpi.it\/wp-content\/uploads\/2023\/03\/dolomitiprealpi-favicon.jpg","contentUrl":"https:\/\/www.dolomitiprealpi.it\/wp-content\/uploads\/2023\/03\/dolomitiprealpi-favicon.jpg","width":512,"height":512,"caption":"Consorzio Dolomiti Prealpi"},"image":{"@id":"https:\/\/www.dolomitiprealpi.it\/de\/#\/schema\/logo\/image\/"},"sameAs":["https:\/\/www.facebook.com\/dolomitiprealpi.it\/","https:\/\/www.instagram.com\/dolomitiprealpi\/"]},{"@type":"Person","@id":"https:\/\/www.dolomitiprealpi.it\/de\/#\/schema\/person\/3442beb0554060944b4326d8211c9c04","name":"Mapo","image":{"@type":"ImageObject","inLanguage":"de-DE","@id":"https:\/\/www.dolomitiprealpi.it\/de\/#\/schema\/person\/image\/","url":"https:\/\/secure.gravatar.com\/avatar\/7ce219f4d7d86c45bf979b9d8e0150ad0a4bbd7d3fa61bcb36ffa3cb99018dda?s=96&d=mm&r=g","contentUrl":"https:\/\/secure.gravatar.com\/avatar\/7ce219f4d7d86c45bf979b9d8e0150ad0a4bbd7d3fa61bcb36ffa3cb99018dda?s=96&d=mm&r=g","caption":"Mapo"},"url":"https:\/\/www.dolomitiprealpi.it\/de\/author\/mapo\/"}]}},"jetpack_featured_media_url":"","_links":{"self":[{"href":"https:\/\/www.dolomitiprealpi.it\/de\/wp-json\/wp\/v2\/posts\/1962","targetHints":{"allow":["GET"]}}],"collection":[{"href":"https:\/\/www.dolomitiprealpi.it\/de\/wp-json\/wp\/v2\/posts"}],"about":[{"href":"https:\/\/www.dolomitiprealpi.it\/de\/wp-json\/wp\/v2\/types\/post"}],"author":[{"embeddable":true,"href":"https:\/\/www.dolomitiprealpi.it\/de\/wp-json\/wp\/v2\/users\/2"}],"replies":[{"embeddable":true,"href":"https:\/\/www.dolomitiprealpi.it\/de\/wp-json\/wp\/v2\/comments?post=1962"}],"version-history":[{"count":2,"href":"https:\/\/www.dolomitiprealpi.it\/de\/wp-json\/wp\/v2\/posts\/1962\/revisions"}],"predecessor-version":[{"id":104675,"href":"https:\/\/www.dolomitiprealpi.it\/de\/wp-json\/wp\/v2\/posts\/1962\/revisions\/104675"}],"wp:attachment":[{"href":"https:\/\/www.dolomitiprealpi.it\/de\/wp-json\/wp\/v2\/media?parent=1962"}],"wp:term":[{"taxonomy":"category","embeddable":true,"href":"https:\/\/www.dolomitiprealpi.it\/de\/wp-json\/wp\/v2\/categories?post=1962"},{"taxonomy":"post_tag","embeddable":true,"href":"https:\/\/www.dolomitiprealpi.it\/de\/wp-json\/wp\/v2\/tags?post=1962"}],"curies":[{"name":"wp","href":"https:\/\/api.w.org\/{rel}","templated":true}]}}