{"id":1920,"date":"2021-02-16T15:58:54","date_gmt":"2021-02-16T14:58:54","guid":{"rendered":"https:\/\/www.dolomitiprealpi.it\/brent-de-lart\/"},"modified":"2021-02-16T15:59:40","modified_gmt":"2021-02-16T14:59:40","slug":"brent-de-lart","status":"publish","type":"post","link":"https:\/\/www.dolomitiprealpi.it\/de\/brent-de-lart\/","title":{"rendered":"Brent de l\u2019Art"},"content":{"rendered":"<p>Zauberhafte Orte, die den Besucher ins Staunen bringen: So lassen sich die Brent de L&#8217;Art beschreiben, das sind Canyons, die vom Bach Ardo geschaffen wurden. Sie befinden sich in der N\u00e4he von Sant&#8217;Antonio di Tortal und sind durch die Stra\u00dfe, die von Trichiana zum Passo San Boldo (Sant&#8217;Ubaldo) f\u00fchrt, erschlossen.<br \/>\nDie Brent de l&#8217;Art sind eine geologisch interessante St\u00e4tte auf der linken Seite des Flusses Piave.<br \/>\nVerantwortlich f\u00fcr die Bildung der Schlucht ist das Wasser, das Sand und kleine Steine als Schleifmittel mit sich tr\u00e4gt. Sie entstehen durch die Erosion des Regenwassers, das reich an Scheuerpulver ist. Dank ihrer besonderen Form, der Zusammensetzung der Marmorkalkschichten und der typischen Farben (rot, wei\u00df grau und gr\u00fcn) sind sie eines der sch\u00f6nsten \u00f6kologischen Denkm\u00e4ler der Belluneser Voralpen.<br \/>\nDer Name der Schlucht setzt sich zusammen aus den W\u00f6rtern Brent (starkem Regen, \u00dcberschwemmung auf dem lokalen Dialekt) und Art, wie die Einheimischen den Fluss Ardo nennen.<\/p>\n","protected":false},"excerpt":{"rendered":"<p>Zauberhafte Orte, die den Besucher ins Staunen bringen: So lassen sich die Brent de L&#8217;Art beschreiben, das sind Canyons, die vom Bach Ardo geschaffen wurden.<\/p>\n","protected":false},"author":2,"featured_media":1330,"comment_status":"closed","ping_status":"open","sticky":false,"template":"","format":"standard","meta":{"_acf_changed":false,"inline_featured_image":false,"footnotes":""},"categories":[5],"tags":[235,104],"class_list":["post-1920","post","type-post","status-publish","format-standard","has-post-thumbnail","hentry","category-unkategorisiert","tag-interessante-punkte","tag-natur"],"acf":[],"yoast_head":"<!-- This site is optimized with the Yoast SEO plugin v25.7 - https:\/\/yoast.com\/wordpress\/plugins\/seo\/ -->\n<title>Brent de l\u2019Art - Dolomiti Prealpi<\/title>\n<meta name=\"robots\" content=\"index, follow, max-snippet:-1, max-image-preview:large, max-video-preview:-1\" \/>\n<link rel=\"canonical\" href=\"https:\/\/www.dolomitiprealpi.it\/de\/brent-de-lart\/\" \/>\n<meta property=\"og:locale\" content=\"de_DE\" \/>\n<meta property=\"og:type\" content=\"article\" \/>\n<meta property=\"og:title\" content=\"Brent de l\u2019Art - Dolomiti Prealpi\" \/>\n<meta property=\"og:description\" content=\"Zauberhafte Orte, die den Besucher ins Staunen bringen: So lassen sich die Brent de L&#039;Art beschreiben, das sind Canyons, die vom Bach Ardo geschaffen wurden.\" \/>\n<meta property=\"og:url\" content=\"https:\/\/www.dolomitiprealpi.it\/de\/brent-de-lart\/\" \/>\n<meta property=\"og:site_name\" content=\"Dolomiti Prealpi\" \/>\n<meta property=\"article:publisher\" content=\"https:\/\/www.facebook.com\/dolomitiprealpi.it\/\" \/>\n<meta property=\"article:published_time\" content=\"2021-02-16T14:58:54+00:00\" \/>\n<meta property=\"article:modified_time\" content=\"2021-02-16T14:59:40+00:00\" \/>\n<meta property=\"og:image\" content=\"https:\/\/dolomitiprealpi.test\/wp-content\/uploads\/2022\/11\/Trichiana_Brent-de-lart_Foto-Consorzio-Dolomiti-Prealpi_preview-1-1-scaled.jpeg\" \/>\n\t<meta property=\"og:image:width\" content=\"2560\" \/>\n\t<meta property=\"og:image:height\" content=\"1707\" \/>\n\t<meta property=\"og:image:type\" content=\"image\/jpeg\" \/>\n<meta name=\"author\" content=\"Mapo\" \/>\n<meta name=\"twitter:card\" content=\"summary_large_image\" \/>\n<meta name=\"twitter:label1\" content=\"Written by\" \/>\n\t<meta name=\"twitter:data1\" content=\"Mapo\" \/>\n\t<meta name=\"twitter:label2\" content=\"Est. reading time\" \/>\n\t<meta name=\"twitter:data2\" content=\"1 minute\" \/>\n<script type=\"application\/ld+json\" class=\"yoast-schema-graph\">{\"@context\":\"https:\/\/schema.org\",\"@graph\":[{\"@type\":\"Article\",\"@id\":\"https:\/\/www.dolomitiprealpi.it\/de\/brent-de-lart\/#article\",\"isPartOf\":{\"@id\":\"https:\/\/www.dolomitiprealpi.it\/de\/brent-de-lart\/\"},\"author\":{\"name\":\"Mapo\",\"@id\":\"https:\/\/www.dolomitiprealpi.it\/de\/#\/schema\/person\/3442beb0554060944b4326d8211c9c04\"},\"headline\":\"Brent de l\u2019Art\",\"datePublished\":\"2021-02-16T14:58:54+00:00\",\"dateModified\":\"2021-02-16T14:59:40+00:00\",\"mainEntityOfPage\":{\"@id\":\"https:\/\/www.dolomitiprealpi.it\/de\/brent-de-lart\/\"},\"wordCount\":165,\"publisher\":{\"@id\":\"https:\/\/www.dolomitiprealpi.it\/de\/#organization\"},\"image\":{\"@id\":\"https:\/\/www.dolomitiprealpi.it\/de\/brent-de-lart\/#primaryimage\"},\"thumbnailUrl\":\"https:\/\/www.dolomitiprealpi.it\/wp-content\/uploads\/2022\/11\/Trichiana_Brent-de-lart_Foto-Consorzio-Dolomiti-Prealpi_preview-1-1-scaled.jpeg\",\"keywords\":[\"Interessante Punkte\",\"Natur\"],\"articleSection\":[\"Unkategorisiert\"],\"inLanguage\":\"de-DE\"},{\"@type\":\"WebPage\",\"@id\":\"https:\/\/www.dolomitiprealpi.it\/de\/brent-de-lart\/\",\"url\":\"https:\/\/www.dolomitiprealpi.it\/de\/brent-de-lart\/\",\"name\":\"Brent de l\u2019Art - Dolomiti Prealpi\",\"isPartOf\":{\"@id\":\"https:\/\/www.dolomitiprealpi.it\/de\/#website\"},\"primaryImageOfPage\":{\"@id\":\"https:\/\/www.dolomitiprealpi.it\/de\/brent-de-lart\/#primaryimage\"},\"image\":{\"@id\":\"https:\/\/www.dolomitiprealpi.it\/de\/brent-de-lart\/#primaryimage\"},\"thumbnailUrl\":\"https:\/\/www.dolomitiprealpi.it\/wp-content\/uploads\/2022\/11\/Trichiana_Brent-de-lart_Foto-Consorzio-Dolomiti-Prealpi_preview-1-1-scaled.jpeg\",\"datePublished\":\"2021-02-16T14:58:54+00:00\",\"dateModified\":\"2021-02-16T14:59:40+00:00\",\"breadcrumb\":{\"@id\":\"https:\/\/www.dolomitiprealpi.it\/de\/brent-de-lart\/#breadcrumb\"},\"inLanguage\":\"de-DE\",\"potentialAction\":[{\"@type\":\"ReadAction\",\"target\":[\"https:\/\/www.dolomitiprealpi.it\/de\/brent-de-lart\/\"]}]},{\"@type\":\"ImageObject\",\"inLanguage\":\"de-DE\",\"@id\":\"https:\/\/www.dolomitiprealpi.it\/de\/brent-de-lart\/#primaryimage\",\"url\":\"https:\/\/www.dolomitiprealpi.it\/wp-content\/uploads\/2022\/11\/Trichiana_Brent-de-lart_Foto-Consorzio-Dolomiti-Prealpi_preview-1-1-scaled.jpeg\",\"contentUrl\":\"https:\/\/www.dolomitiprealpi.it\/wp-content\/uploads\/2022\/11\/Trichiana_Brent-de-lart_Foto-Consorzio-Dolomiti-Prealpi_preview-1-1-scaled.jpeg\",\"width\":2560,\"height\":1707},{\"@type\":\"BreadcrumbList\",\"@id\":\"https:\/\/www.dolomitiprealpi.it\/de\/brent-de-lart\/#breadcrumb\",\"itemListElement\":[{\"@type\":\"ListItem\",\"position\":1,\"name\":\"Home\",\"item\":\"https:\/\/www.dolomitiprealpi.it\/de\/\"},{\"@type\":\"ListItem\",\"position\":2,\"name\":\"Brent de l\u2019Art\"}]},{\"@type\":\"WebSite\",\"@id\":\"https:\/\/www.dolomitiprealpi.it\/de\/#website\",\"url\":\"https:\/\/www.dolomitiprealpi.it\/de\/\",\"name\":\"Dolomiti Prealpi\",\"description\":\"\",\"publisher\":{\"@id\":\"https:\/\/www.dolomitiprealpi.it\/de\/#organization\"},\"potentialAction\":[{\"@type\":\"SearchAction\",\"target\":{\"@type\":\"EntryPoint\",\"urlTemplate\":\"https:\/\/www.dolomitiprealpi.it\/de\/?s={search_term_string}\"},\"query-input\":{\"@type\":\"PropertyValueSpecification\",\"valueRequired\":true,\"valueName\":\"search_term_string\"}}],\"inLanguage\":\"de-DE\"},{\"@type\":\"Organization\",\"@id\":\"https:\/\/www.dolomitiprealpi.it\/de\/#organization\",\"name\":\"Consorzio Dolomiti Prealpi\",\"url\":\"https:\/\/www.dolomitiprealpi.it\/de\/\",\"logo\":{\"@type\":\"ImageObject\",\"inLanguage\":\"de-DE\",\"@id\":\"https:\/\/www.dolomitiprealpi.it\/de\/#\/schema\/logo\/image\/\",\"url\":\"https:\/\/www.dolomitiprealpi.it\/wp-content\/uploads\/2023\/03\/dolomitiprealpi-favicon.jpg\",\"contentUrl\":\"https:\/\/www.dolomitiprealpi.it\/wp-content\/uploads\/2023\/03\/dolomitiprealpi-favicon.jpg\",\"width\":512,\"height\":512,\"caption\":\"Consorzio Dolomiti Prealpi\"},\"image\":{\"@id\":\"https:\/\/www.dolomitiprealpi.it\/de\/#\/schema\/logo\/image\/\"},\"sameAs\":[\"https:\/\/www.facebook.com\/dolomitiprealpi.it\/\",\"https:\/\/www.instagram.com\/dolomitiprealpi\/\"]},{\"@type\":\"Person\",\"@id\":\"https:\/\/www.dolomitiprealpi.it\/de\/#\/schema\/person\/3442beb0554060944b4326d8211c9c04\",\"name\":\"Mapo\",\"image\":{\"@type\":\"ImageObject\",\"inLanguage\":\"de-DE\",\"@id\":\"https:\/\/www.dolomitiprealpi.it\/de\/#\/schema\/person\/image\/\",\"url\":\"https:\/\/secure.gravatar.com\/avatar\/7ce219f4d7d86c45bf979b9d8e0150ad0a4bbd7d3fa61bcb36ffa3cb99018dda?s=96&d=mm&r=g\",\"contentUrl\":\"https:\/\/secure.gravatar.com\/avatar\/7ce219f4d7d86c45bf979b9d8e0150ad0a4bbd7d3fa61bcb36ffa3cb99018dda?s=96&d=mm&r=g\",\"caption\":\"Mapo\"},\"url\":\"https:\/\/www.dolomitiprealpi.it\/de\/author\/mapo\/\"}]}<\/script>\n<!-- \/ Yoast SEO plugin. -->","yoast_head_json":{"title":"Brent de l\u2019Art - Dolomiti Prealpi","robots":{"index":"index","follow":"follow","max-snippet":"max-snippet:-1","max-image-preview":"max-image-preview:large","max-video-preview":"max-video-preview:-1"},"canonical":"https:\/\/www.dolomitiprealpi.it\/de\/brent-de-lart\/","og_locale":"de_DE","og_type":"article","og_title":"Brent de l\u2019Art - Dolomiti Prealpi","og_description":"Zauberhafte Orte, die den Besucher ins Staunen bringen: So lassen sich die Brent de L'Art beschreiben, das sind Canyons, die vom Bach Ardo geschaffen wurden.","og_url":"https:\/\/www.dolomitiprealpi.it\/de\/brent-de-lart\/","og_site_name":"Dolomiti Prealpi","article_publisher":"https:\/\/www.facebook.com\/dolomitiprealpi.it\/","article_published_time":"2021-02-16T14:58:54+00:00","article_modified_time":"2021-02-16T14:59:40+00:00","og_image":[{"width":2560,"height":1707,"url":"https:\/\/dolomitiprealpi.test\/wp-content\/uploads\/2022\/11\/Trichiana_Brent-de-lart_Foto-Consorzio-Dolomiti-Prealpi_preview-1-1-scaled.jpeg","type":"image\/jpeg"}],"author":"Mapo","twitter_card":"summary_large_image","twitter_misc":{"Written by":"Mapo","Est. reading time":"1 minute"},"schema":{"@context":"https:\/\/schema.org","@graph":[{"@type":"Article","@id":"https:\/\/www.dolomitiprealpi.it\/de\/brent-de-lart\/#article","isPartOf":{"@id":"https:\/\/www.dolomitiprealpi.it\/de\/brent-de-lart\/"},"author":{"name":"Mapo","@id":"https:\/\/www.dolomitiprealpi.it\/de\/#\/schema\/person\/3442beb0554060944b4326d8211c9c04"},"headline":"Brent de l\u2019Art","datePublished":"2021-02-16T14:58:54+00:00","dateModified":"2021-02-16T14:59:40+00:00","mainEntityOfPage":{"@id":"https:\/\/www.dolomitiprealpi.it\/de\/brent-de-lart\/"},"wordCount":165,"publisher":{"@id":"https:\/\/www.dolomitiprealpi.it\/de\/#organization"},"image":{"@id":"https:\/\/www.dolomitiprealpi.it\/de\/brent-de-lart\/#primaryimage"},"thumbnailUrl":"https:\/\/www.dolomitiprealpi.it\/wp-content\/uploads\/2022\/11\/Trichiana_Brent-de-lart_Foto-Consorzio-Dolomiti-Prealpi_preview-1-1-scaled.jpeg","keywords":["Interessante Punkte","Natur"],"articleSection":["Unkategorisiert"],"inLanguage":"de-DE"},{"@type":"WebPage","@id":"https:\/\/www.dolomitiprealpi.it\/de\/brent-de-lart\/","url":"https:\/\/www.dolomitiprealpi.it\/de\/brent-de-lart\/","name":"Brent de l\u2019Art - Dolomiti Prealpi","isPartOf":{"@id":"https:\/\/www.dolomitiprealpi.it\/de\/#website"},"primaryImageOfPage":{"@id":"https:\/\/www.dolomitiprealpi.it\/de\/brent-de-lart\/#primaryimage"},"image":{"@id":"https:\/\/www.dolomitiprealpi.it\/de\/brent-de-lart\/#primaryimage"},"thumbnailUrl":"https:\/\/www.dolomitiprealpi.it\/wp-content\/uploads\/2022\/11\/Trichiana_Brent-de-lart_Foto-Consorzio-Dolomiti-Prealpi_preview-1-1-scaled.jpeg","datePublished":"2021-02-16T14:58:54+00:00","dateModified":"2021-02-16T14:59:40+00:00","breadcrumb":{"@id":"https:\/\/www.dolomitiprealpi.it\/de\/brent-de-lart\/#breadcrumb"},"inLanguage":"de-DE","potentialAction":[{"@type":"ReadAction","target":["https:\/\/www.dolomitiprealpi.it\/de\/brent-de-lart\/"]}]},{"@type":"ImageObject","inLanguage":"de-DE","@id":"https:\/\/www.dolomitiprealpi.it\/de\/brent-de-lart\/#primaryimage","url":"https:\/\/www.dolomitiprealpi.it\/wp-content\/uploads\/2022\/11\/Trichiana_Brent-de-lart_Foto-Consorzio-Dolomiti-Prealpi_preview-1-1-scaled.jpeg","contentUrl":"https:\/\/www.dolomitiprealpi.it\/wp-content\/uploads\/2022\/11\/Trichiana_Brent-de-lart_Foto-Consorzio-Dolomiti-Prealpi_preview-1-1-scaled.jpeg","width":2560,"height":1707},{"@type":"BreadcrumbList","@id":"https:\/\/www.dolomitiprealpi.it\/de\/brent-de-lart\/#breadcrumb","itemListElement":[{"@type":"ListItem","position":1,"name":"Home","item":"https:\/\/www.dolomitiprealpi.it\/de\/"},{"@type":"ListItem","position":2,"name":"Brent de l\u2019Art"}]},{"@type":"WebSite","@id":"https:\/\/www.dolomitiprealpi.it\/de\/#website","url":"https:\/\/www.dolomitiprealpi.it\/de\/","name":"Dolomiti Prealpi","description":"","publisher":{"@id":"https:\/\/www.dolomitiprealpi.it\/de\/#organization"},"potentialAction":[{"@type":"SearchAction","target":{"@type":"EntryPoint","urlTemplate":"https:\/\/www.dolomitiprealpi.it\/de\/?s={search_term_string}"},"query-input":{"@type":"PropertyValueSpecification","valueRequired":true,"valueName":"search_term_string"}}],"inLanguage":"de-DE"},{"@type":"Organization","@id":"https:\/\/www.dolomitiprealpi.it\/de\/#organization","name":"Consorzio Dolomiti Prealpi","url":"https:\/\/www.dolomitiprealpi.it\/de\/","logo":{"@type":"ImageObject","inLanguage":"de-DE","@id":"https:\/\/www.dolomitiprealpi.it\/de\/#\/schema\/logo\/image\/","url":"https:\/\/www.dolomitiprealpi.it\/wp-content\/uploads\/2023\/03\/dolomitiprealpi-favicon.jpg","contentUrl":"https:\/\/www.dolomitiprealpi.it\/wp-content\/uploads\/2023\/03\/dolomitiprealpi-favicon.jpg","width":512,"height":512,"caption":"Consorzio Dolomiti Prealpi"},"image":{"@id":"https:\/\/www.dolomitiprealpi.it\/de\/#\/schema\/logo\/image\/"},"sameAs":["https:\/\/www.facebook.com\/dolomitiprealpi.it\/","https:\/\/www.instagram.com\/dolomitiprealpi\/"]},{"@type":"Person","@id":"https:\/\/www.dolomitiprealpi.it\/de\/#\/schema\/person\/3442beb0554060944b4326d8211c9c04","name":"Mapo","image":{"@type":"ImageObject","inLanguage":"de-DE","@id":"https:\/\/www.dolomitiprealpi.it\/de\/#\/schema\/person\/image\/","url":"https:\/\/secure.gravatar.com\/avatar\/7ce219f4d7d86c45bf979b9d8e0150ad0a4bbd7d3fa61bcb36ffa3cb99018dda?s=96&d=mm&r=g","contentUrl":"https:\/\/secure.gravatar.com\/avatar\/7ce219f4d7d86c45bf979b9d8e0150ad0a4bbd7d3fa61bcb36ffa3cb99018dda?s=96&d=mm&r=g","caption":"Mapo"},"url":"https:\/\/www.dolomitiprealpi.it\/de\/author\/mapo\/"}]}},"jetpack_featured_media_url":"https:\/\/www.dolomitiprealpi.it\/wp-content\/uploads\/2022\/11\/Trichiana_Brent-de-lart_Foto-Consorzio-Dolomiti-Prealpi_preview-1-1-scaled.jpeg","_links":{"self":[{"href":"https:\/\/www.dolomitiprealpi.it\/de\/wp-json\/wp\/v2\/posts\/1920","targetHints":{"allow":["GET"]}}],"collection":[{"href":"https:\/\/www.dolomitiprealpi.it\/de\/wp-json\/wp\/v2\/posts"}],"about":[{"href":"https:\/\/www.dolomitiprealpi.it\/de\/wp-json\/wp\/v2\/types\/post"}],"author":[{"embeddable":true,"href":"https:\/\/www.dolomitiprealpi.it\/de\/wp-json\/wp\/v2\/users\/2"}],"replies":[{"embeddable":true,"href":"https:\/\/www.dolomitiprealpi.it\/de\/wp-json\/wp\/v2\/comments?post=1920"}],"version-history":[{"count":0,"href":"https:\/\/www.dolomitiprealpi.it\/de\/wp-json\/wp\/v2\/posts\/1920\/revisions"}],"wp:featuredmedia":[{"embeddable":true,"href":"https:\/\/www.dolomitiprealpi.it\/de\/wp-json\/wp\/v2\/media\/1330"}],"wp:attachment":[{"href":"https:\/\/www.dolomitiprealpi.it\/de\/wp-json\/wp\/v2\/media?parent=1920"}],"wp:term":[{"taxonomy":"category","embeddable":true,"href":"https:\/\/www.dolomitiprealpi.it\/de\/wp-json\/wp\/v2\/categories?post=1920"},{"taxonomy":"post_tag","embeddable":true,"href":"https:\/\/www.dolomitiprealpi.it\/de\/wp-json\/wp\/v2\/tags?post=1920"}],"curies":[{"name":"wp","href":"https:\/\/api.w.org\/{rel}","templated":true}]}}