{"id":1910,"date":"2021-02-16T15:58:52","date_gmt":"2021-02-16T14:58:52","guid":{"rendered":"https:\/\/www.dolomitiprealpi.it\/forte-leone-in-cima-campo\/"},"modified":"2021-02-16T15:59:34","modified_gmt":"2021-02-16T14:59:34","slug":"forte-leone-in-cima-campo","status":"publish","type":"post","link":"https:\/\/www.dolomitiprealpi.it\/de\/forte-leone-in-cima-campo\/","title":{"rendered":"Forte Leone in Cima Campo"},"content":{"rendered":"<p>Der Forte Leone (w\u00f6rtlich L\u00f6wenfestung) ist eine sehr gro\u00dfe Festung, die zwischen 1906 und 1912 auf einem H\u00fcgel in Cima Campo gebaut wurde. Von hier konnte man die Saumpfade beherrschen, welche die Valsugana mit den Sieben Gemeinden verbanden, die damals besonders wichtig waren.<br \/>\nTrotzdem wurde die Festung im Jahr 1917 von den \u00d6sterreichern erobert und seitdem begann ihr Untergang, da sie teilweise von den \u00d6sterreichern und teilweise w\u00e4hrend des Faschismus abgerissen wurde.<br \/>\nDer Forte Leone ist immer noch faszinierend. An jener Stelle, an der sich das Schicksal zweier L\u00e4nder entschied, entsteht f\u00fcr Besucher der Eindruck, die Zeit sei stehen geblieben.<\/p>\n","protected":false},"excerpt":{"rendered":"<p>Der Forte Leone (w\u00f6rtlich L\u00f6wenfestung) ist eine sehr gro\u00dfe Festung, die zwischen 1906 und 1912 auf einem H\u00fcgel in Cima Campo gebaut wurde.<\/p>\n","protected":false},"author":2,"featured_media":1302,"comment_status":"closed","ping_status":"closed","sticky":false,"template":"","format":"standard","meta":{"_acf_changed":false,"inline_featured_image":false,"footnotes":""},"categories":[271,241,213],"tags":[235,104,83,394],"class_list":["post-1910","post","type-post","status-publish","format-standard","has-post-thumbnail","hentry","category-grande-guerra-de","category-grande-guerra","category-itinerari","tag-interessante-punkte","tag-natur","tag-punti-interesse","tag-punti-interesse-de"],"acf":[],"yoast_head":"<!-- This site is optimized with the Yoast SEO plugin v25.7 - https:\/\/yoast.com\/wordpress\/plugins\/seo\/ -->\n<title>Forte Leone in Cima Campo - Dolomiti Prealpi<\/title>\n<meta name=\"robots\" content=\"index, follow, max-snippet:-1, max-image-preview:large, max-video-preview:-1\" \/>\n<link rel=\"canonical\" href=\"https:\/\/www.dolomitiprealpi.it\/de\/forte-leone-in-cima-campo\/\" \/>\n<meta property=\"og:locale\" content=\"de_DE\" \/>\n<meta property=\"og:type\" content=\"article\" \/>\n<meta property=\"og:title\" content=\"Forte Leone in Cima Campo - Dolomiti Prealpi\" \/>\n<meta property=\"og:description\" content=\"Der Forte Leone (w\u00f6rtlich L\u00f6wenfestung) ist eine sehr gro\u00dfe Festung, die zwischen 1906 und 1912 auf einem H\u00fcgel in Cima Campo gebaut wurde.\" \/>\n<meta property=\"og:url\" content=\"https:\/\/www.dolomitiprealpi.it\/de\/forte-leone-in-cima-campo\/\" \/>\n<meta property=\"og:site_name\" content=\"Dolomiti Prealpi\" \/>\n<meta property=\"article:publisher\" content=\"https:\/\/www.facebook.com\/dolomitiprealpi.it\/\" \/>\n<meta property=\"article:published_time\" content=\"2021-02-16T14:58:52+00:00\" \/>\n<meta property=\"article:modified_time\" content=\"2021-02-16T14:59:34+00:00\" \/>\n<meta property=\"og:image\" content=\"https:\/\/dolomitiprealpi.test\/wp-content\/uploads\/2022\/11\/Forte-Leone-a-Cima-Campo_75-1.jpg\" \/>\n\t<meta property=\"og:image:width\" content=\"1900\" \/>\n\t<meta property=\"og:image:height\" content=\"1266\" \/>\n\t<meta property=\"og:image:type\" content=\"image\/jpeg\" \/>\n<meta name=\"author\" content=\"Mapo\" \/>\n<meta name=\"twitter:card\" content=\"summary_large_image\" \/>\n<meta name=\"twitter:label1\" content=\"Written by\" \/>\n\t<meta name=\"twitter:data1\" content=\"Mapo\" \/>\n\t<meta name=\"twitter:label2\" content=\"Est. reading time\" \/>\n\t<meta name=\"twitter:data2\" content=\"1 minute\" \/>\n<script type=\"application\/ld+json\" class=\"yoast-schema-graph\">{\"@context\":\"https:\/\/schema.org\",\"@graph\":[{\"@type\":\"Article\",\"@id\":\"https:\/\/www.dolomitiprealpi.it\/de\/forte-leone-in-cima-campo\/#article\",\"isPartOf\":{\"@id\":\"https:\/\/www.dolomitiprealpi.it\/de\/forte-leone-in-cima-campo\/\"},\"author\":{\"name\":\"Mapo\",\"@id\":\"https:\/\/www.dolomitiprealpi.it\/de\/#\/schema\/person\/3442beb0554060944b4326d8211c9c04\"},\"headline\":\"Forte Leone in Cima Campo\",\"datePublished\":\"2021-02-16T14:58:52+00:00\",\"dateModified\":\"2021-02-16T14:59:34+00:00\",\"mainEntityOfPage\":{\"@id\":\"https:\/\/www.dolomitiprealpi.it\/de\/forte-leone-in-cima-campo\/\"},\"wordCount\":109,\"publisher\":{\"@id\":\"https:\/\/www.dolomitiprealpi.it\/de\/#organization\"},\"image\":{\"@id\":\"https:\/\/www.dolomitiprealpi.it\/de\/forte-leone-in-cima-campo\/#primaryimage\"},\"thumbnailUrl\":\"https:\/\/www.dolomitiprealpi.it\/wp-content\/uploads\/2022\/11\/Forte-Leone-a-Cima-Campo_75-1.jpg\",\"keywords\":[\"Interessante Punkte\",\"Natur\",\"Punti interesse\",\"Punti interesse\"],\"articleSection\":[\"Erster Weltkrieg\",\"Grande Guerra\",\"Itinerari\"],\"inLanguage\":\"de-DE\"},{\"@type\":\"WebPage\",\"@id\":\"https:\/\/www.dolomitiprealpi.it\/de\/forte-leone-in-cima-campo\/\",\"url\":\"https:\/\/www.dolomitiprealpi.it\/de\/forte-leone-in-cima-campo\/\",\"name\":\"Forte Leone in Cima Campo - Dolomiti Prealpi\",\"isPartOf\":{\"@id\":\"https:\/\/www.dolomitiprealpi.it\/de\/#website\"},\"primaryImageOfPage\":{\"@id\":\"https:\/\/www.dolomitiprealpi.it\/de\/forte-leone-in-cima-campo\/#primaryimage\"},\"image\":{\"@id\":\"https:\/\/www.dolomitiprealpi.it\/de\/forte-leone-in-cima-campo\/#primaryimage\"},\"thumbnailUrl\":\"https:\/\/www.dolomitiprealpi.it\/wp-content\/uploads\/2022\/11\/Forte-Leone-a-Cima-Campo_75-1.jpg\",\"datePublished\":\"2021-02-16T14:58:52+00:00\",\"dateModified\":\"2021-02-16T14:59:34+00:00\",\"breadcrumb\":{\"@id\":\"https:\/\/www.dolomitiprealpi.it\/de\/forte-leone-in-cima-campo\/#breadcrumb\"},\"inLanguage\":\"de-DE\",\"potentialAction\":[{\"@type\":\"ReadAction\",\"target\":[\"https:\/\/www.dolomitiprealpi.it\/de\/forte-leone-in-cima-campo\/\"]}]},{\"@type\":\"ImageObject\",\"inLanguage\":\"de-DE\",\"@id\":\"https:\/\/www.dolomitiprealpi.it\/de\/forte-leone-in-cima-campo\/#primaryimage\",\"url\":\"https:\/\/www.dolomitiprealpi.it\/wp-content\/uploads\/2022\/11\/Forte-Leone-a-Cima-Campo_75-1.jpg\",\"contentUrl\":\"https:\/\/www.dolomitiprealpi.it\/wp-content\/uploads\/2022\/11\/Forte-Leone-a-Cima-Campo_75-1.jpg\",\"width\":1900,\"height\":1266},{\"@type\":\"BreadcrumbList\",\"@id\":\"https:\/\/www.dolomitiprealpi.it\/de\/forte-leone-in-cima-campo\/#breadcrumb\",\"itemListElement\":[{\"@type\":\"ListItem\",\"position\":1,\"name\":\"Home\",\"item\":\"https:\/\/www.dolomitiprealpi.it\/de\/\"},{\"@type\":\"ListItem\",\"position\":2,\"name\":\"Forte Leone in Cima Campo\"}]},{\"@type\":\"WebSite\",\"@id\":\"https:\/\/www.dolomitiprealpi.it\/de\/#website\",\"url\":\"https:\/\/www.dolomitiprealpi.it\/de\/\",\"name\":\"Dolomiti Prealpi\",\"description\":\"\",\"publisher\":{\"@id\":\"https:\/\/www.dolomitiprealpi.it\/de\/#organization\"},\"potentialAction\":[{\"@type\":\"SearchAction\",\"target\":{\"@type\":\"EntryPoint\",\"urlTemplate\":\"https:\/\/www.dolomitiprealpi.it\/de\/?s={search_term_string}\"},\"query-input\":{\"@type\":\"PropertyValueSpecification\",\"valueRequired\":true,\"valueName\":\"search_term_string\"}}],\"inLanguage\":\"de-DE\"},{\"@type\":\"Organization\",\"@id\":\"https:\/\/www.dolomitiprealpi.it\/de\/#organization\",\"name\":\"Consorzio Dolomiti Prealpi\",\"url\":\"https:\/\/www.dolomitiprealpi.it\/de\/\",\"logo\":{\"@type\":\"ImageObject\",\"inLanguage\":\"de-DE\",\"@id\":\"https:\/\/www.dolomitiprealpi.it\/de\/#\/schema\/logo\/image\/\",\"url\":\"https:\/\/www.dolomitiprealpi.it\/wp-content\/uploads\/2023\/03\/dolomitiprealpi-favicon.jpg\",\"contentUrl\":\"https:\/\/www.dolomitiprealpi.it\/wp-content\/uploads\/2023\/03\/dolomitiprealpi-favicon.jpg\",\"width\":512,\"height\":512,\"caption\":\"Consorzio Dolomiti Prealpi\"},\"image\":{\"@id\":\"https:\/\/www.dolomitiprealpi.it\/de\/#\/schema\/logo\/image\/\"},\"sameAs\":[\"https:\/\/www.facebook.com\/dolomitiprealpi.it\/\",\"https:\/\/www.instagram.com\/dolomitiprealpi\/\"]},{\"@type\":\"Person\",\"@id\":\"https:\/\/www.dolomitiprealpi.it\/de\/#\/schema\/person\/3442beb0554060944b4326d8211c9c04\",\"name\":\"Mapo\",\"image\":{\"@type\":\"ImageObject\",\"inLanguage\":\"de-DE\",\"@id\":\"https:\/\/www.dolomitiprealpi.it\/de\/#\/schema\/person\/image\/\",\"url\":\"https:\/\/secure.gravatar.com\/avatar\/7ce219f4d7d86c45bf979b9d8e0150ad0a4bbd7d3fa61bcb36ffa3cb99018dda?s=96&d=mm&r=g\",\"contentUrl\":\"https:\/\/secure.gravatar.com\/avatar\/7ce219f4d7d86c45bf979b9d8e0150ad0a4bbd7d3fa61bcb36ffa3cb99018dda?s=96&d=mm&r=g\",\"caption\":\"Mapo\"},\"url\":\"https:\/\/www.dolomitiprealpi.it\/de\/author\/mapo\/\"}]}<\/script>\n<!-- \/ Yoast SEO plugin. -->","yoast_head_json":{"title":"Forte Leone in Cima Campo - Dolomiti Prealpi","robots":{"index":"index","follow":"follow","max-snippet":"max-snippet:-1","max-image-preview":"max-image-preview:large","max-video-preview":"max-video-preview:-1"},"canonical":"https:\/\/www.dolomitiprealpi.it\/de\/forte-leone-in-cima-campo\/","og_locale":"de_DE","og_type":"article","og_title":"Forte Leone in Cima Campo - Dolomiti Prealpi","og_description":"Der Forte Leone (w\u00f6rtlich L\u00f6wenfestung) ist eine sehr gro\u00dfe Festung, die zwischen 1906 und 1912 auf einem H\u00fcgel in Cima Campo gebaut wurde.","og_url":"https:\/\/www.dolomitiprealpi.it\/de\/forte-leone-in-cima-campo\/","og_site_name":"Dolomiti Prealpi","article_publisher":"https:\/\/www.facebook.com\/dolomitiprealpi.it\/","article_published_time":"2021-02-16T14:58:52+00:00","article_modified_time":"2021-02-16T14:59:34+00:00","og_image":[{"width":1900,"height":1266,"url":"https:\/\/dolomitiprealpi.test\/wp-content\/uploads\/2022\/11\/Forte-Leone-a-Cima-Campo_75-1.jpg","type":"image\/jpeg"}],"author":"Mapo","twitter_card":"summary_large_image","twitter_misc":{"Written by":"Mapo","Est. reading time":"1 minute"},"schema":{"@context":"https:\/\/schema.org","@graph":[{"@type":"Article","@id":"https:\/\/www.dolomitiprealpi.it\/de\/forte-leone-in-cima-campo\/#article","isPartOf":{"@id":"https:\/\/www.dolomitiprealpi.it\/de\/forte-leone-in-cima-campo\/"},"author":{"name":"Mapo","@id":"https:\/\/www.dolomitiprealpi.it\/de\/#\/schema\/person\/3442beb0554060944b4326d8211c9c04"},"headline":"Forte Leone in Cima Campo","datePublished":"2021-02-16T14:58:52+00:00","dateModified":"2021-02-16T14:59:34+00:00","mainEntityOfPage":{"@id":"https:\/\/www.dolomitiprealpi.it\/de\/forte-leone-in-cima-campo\/"},"wordCount":109,"publisher":{"@id":"https:\/\/www.dolomitiprealpi.it\/de\/#organization"},"image":{"@id":"https:\/\/www.dolomitiprealpi.it\/de\/forte-leone-in-cima-campo\/#primaryimage"},"thumbnailUrl":"https:\/\/www.dolomitiprealpi.it\/wp-content\/uploads\/2022\/11\/Forte-Leone-a-Cima-Campo_75-1.jpg","keywords":["Interessante Punkte","Natur","Punti interesse","Punti interesse"],"articleSection":["Erster Weltkrieg","Grande Guerra","Itinerari"],"inLanguage":"de-DE"},{"@type":"WebPage","@id":"https:\/\/www.dolomitiprealpi.it\/de\/forte-leone-in-cima-campo\/","url":"https:\/\/www.dolomitiprealpi.it\/de\/forte-leone-in-cima-campo\/","name":"Forte Leone in Cima Campo - Dolomiti Prealpi","isPartOf":{"@id":"https:\/\/www.dolomitiprealpi.it\/de\/#website"},"primaryImageOfPage":{"@id":"https:\/\/www.dolomitiprealpi.it\/de\/forte-leone-in-cima-campo\/#primaryimage"},"image":{"@id":"https:\/\/www.dolomitiprealpi.it\/de\/forte-leone-in-cima-campo\/#primaryimage"},"thumbnailUrl":"https:\/\/www.dolomitiprealpi.it\/wp-content\/uploads\/2022\/11\/Forte-Leone-a-Cima-Campo_75-1.jpg","datePublished":"2021-02-16T14:58:52+00:00","dateModified":"2021-02-16T14:59:34+00:00","breadcrumb":{"@id":"https:\/\/www.dolomitiprealpi.it\/de\/forte-leone-in-cima-campo\/#breadcrumb"},"inLanguage":"de-DE","potentialAction":[{"@type":"ReadAction","target":["https:\/\/www.dolomitiprealpi.it\/de\/forte-leone-in-cima-campo\/"]}]},{"@type":"ImageObject","inLanguage":"de-DE","@id":"https:\/\/www.dolomitiprealpi.it\/de\/forte-leone-in-cima-campo\/#primaryimage","url":"https:\/\/www.dolomitiprealpi.it\/wp-content\/uploads\/2022\/11\/Forte-Leone-a-Cima-Campo_75-1.jpg","contentUrl":"https:\/\/www.dolomitiprealpi.it\/wp-content\/uploads\/2022\/11\/Forte-Leone-a-Cima-Campo_75-1.jpg","width":1900,"height":1266},{"@type":"BreadcrumbList","@id":"https:\/\/www.dolomitiprealpi.it\/de\/forte-leone-in-cima-campo\/#breadcrumb","itemListElement":[{"@type":"ListItem","position":1,"name":"Home","item":"https:\/\/www.dolomitiprealpi.it\/de\/"},{"@type":"ListItem","position":2,"name":"Forte Leone in Cima Campo"}]},{"@type":"WebSite","@id":"https:\/\/www.dolomitiprealpi.it\/de\/#website","url":"https:\/\/www.dolomitiprealpi.it\/de\/","name":"Dolomiti Prealpi","description":"","publisher":{"@id":"https:\/\/www.dolomitiprealpi.it\/de\/#organization"},"potentialAction":[{"@type":"SearchAction","target":{"@type":"EntryPoint","urlTemplate":"https:\/\/www.dolomitiprealpi.it\/de\/?s={search_term_string}"},"query-input":{"@type":"PropertyValueSpecification","valueRequired":true,"valueName":"search_term_string"}}],"inLanguage":"de-DE"},{"@type":"Organization","@id":"https:\/\/www.dolomitiprealpi.it\/de\/#organization","name":"Consorzio Dolomiti Prealpi","url":"https:\/\/www.dolomitiprealpi.it\/de\/","logo":{"@type":"ImageObject","inLanguage":"de-DE","@id":"https:\/\/www.dolomitiprealpi.it\/de\/#\/schema\/logo\/image\/","url":"https:\/\/www.dolomitiprealpi.it\/wp-content\/uploads\/2023\/03\/dolomitiprealpi-favicon.jpg","contentUrl":"https:\/\/www.dolomitiprealpi.it\/wp-content\/uploads\/2023\/03\/dolomitiprealpi-favicon.jpg","width":512,"height":512,"caption":"Consorzio Dolomiti Prealpi"},"image":{"@id":"https:\/\/www.dolomitiprealpi.it\/de\/#\/schema\/logo\/image\/"},"sameAs":["https:\/\/www.facebook.com\/dolomitiprealpi.it\/","https:\/\/www.instagram.com\/dolomitiprealpi\/"]},{"@type":"Person","@id":"https:\/\/www.dolomitiprealpi.it\/de\/#\/schema\/person\/3442beb0554060944b4326d8211c9c04","name":"Mapo","image":{"@type":"ImageObject","inLanguage":"de-DE","@id":"https:\/\/www.dolomitiprealpi.it\/de\/#\/schema\/person\/image\/","url":"https:\/\/secure.gravatar.com\/avatar\/7ce219f4d7d86c45bf979b9d8e0150ad0a4bbd7d3fa61bcb36ffa3cb99018dda?s=96&d=mm&r=g","contentUrl":"https:\/\/secure.gravatar.com\/avatar\/7ce219f4d7d86c45bf979b9d8e0150ad0a4bbd7d3fa61bcb36ffa3cb99018dda?s=96&d=mm&r=g","caption":"Mapo"},"url":"https:\/\/www.dolomitiprealpi.it\/de\/author\/mapo\/"}]}},"jetpack_featured_media_url":"https:\/\/www.dolomitiprealpi.it\/wp-content\/uploads\/2022\/11\/Forte-Leone-a-Cima-Campo_75-1.jpg","_links":{"self":[{"href":"https:\/\/www.dolomitiprealpi.it\/de\/wp-json\/wp\/v2\/posts\/1910","targetHints":{"allow":["GET"]}}],"collection":[{"href":"https:\/\/www.dolomitiprealpi.it\/de\/wp-json\/wp\/v2\/posts"}],"about":[{"href":"https:\/\/www.dolomitiprealpi.it\/de\/wp-json\/wp\/v2\/types\/post"}],"author":[{"embeddable":true,"href":"https:\/\/www.dolomitiprealpi.it\/de\/wp-json\/wp\/v2\/users\/2"}],"replies":[{"embeddable":true,"href":"https:\/\/www.dolomitiprealpi.it\/de\/wp-json\/wp\/v2\/comments?post=1910"}],"version-history":[{"count":0,"href":"https:\/\/www.dolomitiprealpi.it\/de\/wp-json\/wp\/v2\/posts\/1910\/revisions"}],"wp:featuredmedia":[{"embeddable":true,"href":"https:\/\/www.dolomitiprealpi.it\/de\/wp-json\/wp\/v2\/media\/1302"}],"wp:attachment":[{"href":"https:\/\/www.dolomitiprealpi.it\/de\/wp-json\/wp\/v2\/media?parent=1910"}],"wp:term":[{"taxonomy":"category","embeddable":true,"href":"https:\/\/www.dolomitiprealpi.it\/de\/wp-json\/wp\/v2\/categories?post=1910"},{"taxonomy":"post_tag","embeddable":true,"href":"https:\/\/www.dolomitiprealpi.it\/de\/wp-json\/wp\/v2\/tags?post=1910"}],"curies":[{"name":"wp","href":"https:\/\/api.w.org\/{rel}","templated":true}]}}