{"id":1891,"date":"2021-02-16T15:58:49","date_gmt":"2021-02-16T14:58:49","guid":{"rendered":"https:\/\/www.dolomitiprealpi.it\/pfarrkirche-und-kirche-der-addolorata-mel\/"},"modified":"2021-02-16T15:59:23","modified_gmt":"2021-02-16T14:59:23","slug":"pfarrkirche-und-kirche-der-addolorata-mel","status":"publish","type":"post","link":"https:\/\/www.dolomitiprealpi.it\/de\/pfarrkirche-und-kirche-der-addolorata-mel\/","title":{"rendered":"Pfarrkirche und Kirche der Addolorata &#8211; Mel"},"content":{"rendered":"<p>Eine breite Steintreppe f&uuml;hrt zum Eingang der imposanten Pfarrkirche Mari&auml; Verk&uuml;ndigung in Mel.<br \/>Nach einigen historischen Quellen wurde die Kirche auf einem Teil des alten Friedhofes und des antiken Baptisteriums gebaut.<br \/>Im Inneren der neoklassischen Kirche befinden sich Gem&auml;lde und Skulpturen von lokalen K&uuml;nstlern, wie z.B. die einfarbigen Gem&auml;lde des Malers Antonio Bettio und die Fresken der Apsis von Giovanni De Min.<br \/>Oratorium: Kirche der Addolorata<br \/>Nicht weit entfernt errichtet sich die &auml;lteste Kirche der Addolorata, in der Gem&auml;lde des 15. und 16. Jahrhunderts gesammelt sind. Das, was man heute noch sehen kann, ist nur die Apsis der alten Kirche, die durch den Einsturz des Glockenturms zerst&ouml;rt wurde.<br \/>Wie bereits erw&auml;hnt, sind in der Kirche zahlreiche Kunstwerke gesammelt; z.B. kann man dort einen alten Steintabernakel des 15. Jahrhunderts und ein Taufbecken aus Stein mit geschnitzten und vergoldeten Holzabdeckungen sehen. Beachtenswert ist auch das Kunstwerk von Giovanni De Min, welches Maria gemeinsam mit dem Jesuskind und den Heiligen Tiziano und Vittore darstellt.<\/p>\n","protected":false},"excerpt":{"rendered":"<p>Eine breite Steintreppe f\u00fchrt zum Eingang der imposanten Pfarrkirche Mari\u00e4 Verk\u00fcndigung in Mel.<\/p>\n","protected":false},"author":2,"featured_media":1256,"comment_status":"closed","ping_status":"closed","sticky":false,"template":"","format":"standard","meta":{"_acf_changed":false,"inline_featured_image":false,"footnotes":""},"categories":[71,231],"tags":[235,127,83],"class_list":["post-1891","post","type-post","status-publish","format-standard","has-post-thumbnail","hentry","category-paesi-e-cultura","category-tra-borghi-ville-e-chiese","tag-interessante-punkte","tag-kultur-de","tag-punti-interesse"],"acf":[],"yoast_head":"<!-- This site is optimized with the Yoast SEO plugin v25.7 - https:\/\/yoast.com\/wordpress\/plugins\/seo\/ -->\n<title>Pfarrkirche und Kirche der Addolorata - Mel - Dolomiti Prealpi<\/title>\n<meta name=\"robots\" content=\"index, follow, max-snippet:-1, max-image-preview:large, max-video-preview:-1\" \/>\n<link rel=\"canonical\" href=\"https:\/\/www.dolomitiprealpi.it\/de\/pfarrkirche-und-kirche-der-addolorata-mel\/\" \/>\n<meta property=\"og:locale\" content=\"de_DE\" \/>\n<meta property=\"og:type\" content=\"article\" \/>\n<meta property=\"og:title\" content=\"Pfarrkirche und Kirche der Addolorata - Mel - Dolomiti Prealpi\" \/>\n<meta property=\"og:description\" content=\"Eine breite Steintreppe f\u00fchrt zum Eingang der imposanten Pfarrkirche Mari\u00e4 Verk\u00fcndigung in Mel.\" \/>\n<meta property=\"og:url\" content=\"https:\/\/www.dolomitiprealpi.it\/de\/pfarrkirche-und-kirche-der-addolorata-mel\/\" \/>\n<meta property=\"og:site_name\" content=\"Dolomiti Prealpi\" \/>\n<meta property=\"article:publisher\" content=\"https:\/\/www.facebook.com\/dolomitiprealpi.it\/\" \/>\n<meta property=\"article:published_time\" content=\"2021-02-16T14:58:49+00:00\" \/>\n<meta property=\"article:modified_time\" content=\"2021-02-16T14:59:23+00:00\" \/>\n<meta property=\"og:image\" content=\"https:\/\/dolomitiprealpi.test\/wp-content\/uploads\/2022\/11\/Chiesa-Addolorata-di-Mel_53-1.jpg\" \/>\n\t<meta property=\"og:image:width\" content=\"1900\" \/>\n\t<meta property=\"og:image:height\" content=\"1884\" \/>\n\t<meta property=\"og:image:type\" content=\"image\/jpeg\" \/>\n<meta name=\"author\" content=\"Mapo\" \/>\n<meta name=\"twitter:card\" content=\"summary_large_image\" \/>\n<meta name=\"twitter:label1\" content=\"Written by\" \/>\n\t<meta name=\"twitter:data1\" content=\"Mapo\" \/>\n\t<meta name=\"twitter:label2\" content=\"Est. reading time\" \/>\n\t<meta name=\"twitter:data2\" content=\"1 minute\" \/>\n<script type=\"application\/ld+json\" class=\"yoast-schema-graph\">{\"@context\":\"https:\/\/schema.org\",\"@graph\":[{\"@type\":\"Article\",\"@id\":\"https:\/\/www.dolomitiprealpi.it\/de\/pfarrkirche-und-kirche-der-addolorata-mel\/#article\",\"isPartOf\":{\"@id\":\"https:\/\/www.dolomitiprealpi.it\/de\/pfarrkirche-und-kirche-der-addolorata-mel\/\"},\"author\":{\"name\":\"Mapo\",\"@id\":\"https:\/\/www.dolomitiprealpi.it\/de\/#\/schema\/person\/3442beb0554060944b4326d8211c9c04\"},\"headline\":\"Pfarrkirche und Kirche der Addolorata &#8211; Mel\",\"datePublished\":\"2021-02-16T14:58:49+00:00\",\"dateModified\":\"2021-02-16T14:59:23+00:00\",\"mainEntityOfPage\":{\"@id\":\"https:\/\/www.dolomitiprealpi.it\/de\/pfarrkirche-und-kirche-der-addolorata-mel\/\"},\"wordCount\":184,\"publisher\":{\"@id\":\"https:\/\/www.dolomitiprealpi.it\/de\/#organization\"},\"image\":{\"@id\":\"https:\/\/www.dolomitiprealpi.it\/de\/pfarrkirche-und-kirche-der-addolorata-mel\/#primaryimage\"},\"thumbnailUrl\":\"https:\/\/www.dolomitiprealpi.it\/wp-content\/uploads\/2022\/11\/Chiesa-Addolorata-di-Mel_53-1.jpg\",\"keywords\":[\"Interessante Punkte\",\"Kultur\",\"Punti interesse\"],\"articleSection\":[\"Paesi e cultura\",\"Tra borghi, ville e chiese\"],\"inLanguage\":\"de-DE\"},{\"@type\":\"WebPage\",\"@id\":\"https:\/\/www.dolomitiprealpi.it\/de\/pfarrkirche-und-kirche-der-addolorata-mel\/\",\"url\":\"https:\/\/www.dolomitiprealpi.it\/de\/pfarrkirche-und-kirche-der-addolorata-mel\/\",\"name\":\"Pfarrkirche und Kirche der Addolorata - Mel - Dolomiti Prealpi\",\"isPartOf\":{\"@id\":\"https:\/\/www.dolomitiprealpi.it\/de\/#website\"},\"primaryImageOfPage\":{\"@id\":\"https:\/\/www.dolomitiprealpi.it\/de\/pfarrkirche-und-kirche-der-addolorata-mel\/#primaryimage\"},\"image\":{\"@id\":\"https:\/\/www.dolomitiprealpi.it\/de\/pfarrkirche-und-kirche-der-addolorata-mel\/#primaryimage\"},\"thumbnailUrl\":\"https:\/\/www.dolomitiprealpi.it\/wp-content\/uploads\/2022\/11\/Chiesa-Addolorata-di-Mel_53-1.jpg\",\"datePublished\":\"2021-02-16T14:58:49+00:00\",\"dateModified\":\"2021-02-16T14:59:23+00:00\",\"breadcrumb\":{\"@id\":\"https:\/\/www.dolomitiprealpi.it\/de\/pfarrkirche-und-kirche-der-addolorata-mel\/#breadcrumb\"},\"inLanguage\":\"de-DE\",\"potentialAction\":[{\"@type\":\"ReadAction\",\"target\":[\"https:\/\/www.dolomitiprealpi.it\/de\/pfarrkirche-und-kirche-der-addolorata-mel\/\"]}]},{\"@type\":\"ImageObject\",\"inLanguage\":\"de-DE\",\"@id\":\"https:\/\/www.dolomitiprealpi.it\/de\/pfarrkirche-und-kirche-der-addolorata-mel\/#primaryimage\",\"url\":\"https:\/\/www.dolomitiprealpi.it\/wp-content\/uploads\/2022\/11\/Chiesa-Addolorata-di-Mel_53-1.jpg\",\"contentUrl\":\"https:\/\/www.dolomitiprealpi.it\/wp-content\/uploads\/2022\/11\/Chiesa-Addolorata-di-Mel_53-1.jpg\",\"width\":1900,\"height\":1884},{\"@type\":\"BreadcrumbList\",\"@id\":\"https:\/\/www.dolomitiprealpi.it\/de\/pfarrkirche-und-kirche-der-addolorata-mel\/#breadcrumb\",\"itemListElement\":[{\"@type\":\"ListItem\",\"position\":1,\"name\":\"Home\",\"item\":\"https:\/\/www.dolomitiprealpi.it\/de\/\"},{\"@type\":\"ListItem\",\"position\":2,\"name\":\"Pfarrkirche und Kirche der Addolorata &#8211; Mel\"}]},{\"@type\":\"WebSite\",\"@id\":\"https:\/\/www.dolomitiprealpi.it\/de\/#website\",\"url\":\"https:\/\/www.dolomitiprealpi.it\/de\/\",\"name\":\"Dolomiti Prealpi\",\"description\":\"\",\"publisher\":{\"@id\":\"https:\/\/www.dolomitiprealpi.it\/de\/#organization\"},\"potentialAction\":[{\"@type\":\"SearchAction\",\"target\":{\"@type\":\"EntryPoint\",\"urlTemplate\":\"https:\/\/www.dolomitiprealpi.it\/de\/?s={search_term_string}\"},\"query-input\":{\"@type\":\"PropertyValueSpecification\",\"valueRequired\":true,\"valueName\":\"search_term_string\"}}],\"inLanguage\":\"de-DE\"},{\"@type\":\"Organization\",\"@id\":\"https:\/\/www.dolomitiprealpi.it\/de\/#organization\",\"name\":\"Consorzio Dolomiti Prealpi\",\"url\":\"https:\/\/www.dolomitiprealpi.it\/de\/\",\"logo\":{\"@type\":\"ImageObject\",\"inLanguage\":\"de-DE\",\"@id\":\"https:\/\/www.dolomitiprealpi.it\/de\/#\/schema\/logo\/image\/\",\"url\":\"https:\/\/www.dolomitiprealpi.it\/wp-content\/uploads\/2023\/03\/dolomitiprealpi-favicon.jpg\",\"contentUrl\":\"https:\/\/www.dolomitiprealpi.it\/wp-content\/uploads\/2023\/03\/dolomitiprealpi-favicon.jpg\",\"width\":512,\"height\":512,\"caption\":\"Consorzio Dolomiti Prealpi\"},\"image\":{\"@id\":\"https:\/\/www.dolomitiprealpi.it\/de\/#\/schema\/logo\/image\/\"},\"sameAs\":[\"https:\/\/www.facebook.com\/dolomitiprealpi.it\/\",\"https:\/\/www.instagram.com\/dolomitiprealpi\/\"]},{\"@type\":\"Person\",\"@id\":\"https:\/\/www.dolomitiprealpi.it\/de\/#\/schema\/person\/3442beb0554060944b4326d8211c9c04\",\"name\":\"Mapo\",\"image\":{\"@type\":\"ImageObject\",\"inLanguage\":\"de-DE\",\"@id\":\"https:\/\/www.dolomitiprealpi.it\/de\/#\/schema\/person\/image\/\",\"url\":\"https:\/\/secure.gravatar.com\/avatar\/7ce219f4d7d86c45bf979b9d8e0150ad0a4bbd7d3fa61bcb36ffa3cb99018dda?s=96&d=mm&r=g\",\"contentUrl\":\"https:\/\/secure.gravatar.com\/avatar\/7ce219f4d7d86c45bf979b9d8e0150ad0a4bbd7d3fa61bcb36ffa3cb99018dda?s=96&d=mm&r=g\",\"caption\":\"Mapo\"},\"url\":\"https:\/\/www.dolomitiprealpi.it\/de\/author\/mapo\/\"}]}<\/script>\n<!-- \/ Yoast SEO plugin. -->","yoast_head_json":{"title":"Pfarrkirche und Kirche der Addolorata - Mel - Dolomiti Prealpi","robots":{"index":"index","follow":"follow","max-snippet":"max-snippet:-1","max-image-preview":"max-image-preview:large","max-video-preview":"max-video-preview:-1"},"canonical":"https:\/\/www.dolomitiprealpi.it\/de\/pfarrkirche-und-kirche-der-addolorata-mel\/","og_locale":"de_DE","og_type":"article","og_title":"Pfarrkirche und Kirche der Addolorata - Mel - Dolomiti Prealpi","og_description":"Eine breite Steintreppe f\u00fchrt zum Eingang der imposanten Pfarrkirche Mari\u00e4 Verk\u00fcndigung in Mel.","og_url":"https:\/\/www.dolomitiprealpi.it\/de\/pfarrkirche-und-kirche-der-addolorata-mel\/","og_site_name":"Dolomiti Prealpi","article_publisher":"https:\/\/www.facebook.com\/dolomitiprealpi.it\/","article_published_time":"2021-02-16T14:58:49+00:00","article_modified_time":"2021-02-16T14:59:23+00:00","og_image":[{"width":1900,"height":1884,"url":"https:\/\/dolomitiprealpi.test\/wp-content\/uploads\/2022\/11\/Chiesa-Addolorata-di-Mel_53-1.jpg","type":"image\/jpeg"}],"author":"Mapo","twitter_card":"summary_large_image","twitter_misc":{"Written by":"Mapo","Est. reading time":"1 minute"},"schema":{"@context":"https:\/\/schema.org","@graph":[{"@type":"Article","@id":"https:\/\/www.dolomitiprealpi.it\/de\/pfarrkirche-und-kirche-der-addolorata-mel\/#article","isPartOf":{"@id":"https:\/\/www.dolomitiprealpi.it\/de\/pfarrkirche-und-kirche-der-addolorata-mel\/"},"author":{"name":"Mapo","@id":"https:\/\/www.dolomitiprealpi.it\/de\/#\/schema\/person\/3442beb0554060944b4326d8211c9c04"},"headline":"Pfarrkirche und Kirche der Addolorata &#8211; Mel","datePublished":"2021-02-16T14:58:49+00:00","dateModified":"2021-02-16T14:59:23+00:00","mainEntityOfPage":{"@id":"https:\/\/www.dolomitiprealpi.it\/de\/pfarrkirche-und-kirche-der-addolorata-mel\/"},"wordCount":184,"publisher":{"@id":"https:\/\/www.dolomitiprealpi.it\/de\/#organization"},"image":{"@id":"https:\/\/www.dolomitiprealpi.it\/de\/pfarrkirche-und-kirche-der-addolorata-mel\/#primaryimage"},"thumbnailUrl":"https:\/\/www.dolomitiprealpi.it\/wp-content\/uploads\/2022\/11\/Chiesa-Addolorata-di-Mel_53-1.jpg","keywords":["Interessante Punkte","Kultur","Punti interesse"],"articleSection":["Paesi e cultura","Tra borghi, ville e chiese"],"inLanguage":"de-DE"},{"@type":"WebPage","@id":"https:\/\/www.dolomitiprealpi.it\/de\/pfarrkirche-und-kirche-der-addolorata-mel\/","url":"https:\/\/www.dolomitiprealpi.it\/de\/pfarrkirche-und-kirche-der-addolorata-mel\/","name":"Pfarrkirche und Kirche der Addolorata - Mel - Dolomiti Prealpi","isPartOf":{"@id":"https:\/\/www.dolomitiprealpi.it\/de\/#website"},"primaryImageOfPage":{"@id":"https:\/\/www.dolomitiprealpi.it\/de\/pfarrkirche-und-kirche-der-addolorata-mel\/#primaryimage"},"image":{"@id":"https:\/\/www.dolomitiprealpi.it\/de\/pfarrkirche-und-kirche-der-addolorata-mel\/#primaryimage"},"thumbnailUrl":"https:\/\/www.dolomitiprealpi.it\/wp-content\/uploads\/2022\/11\/Chiesa-Addolorata-di-Mel_53-1.jpg","datePublished":"2021-02-16T14:58:49+00:00","dateModified":"2021-02-16T14:59:23+00:00","breadcrumb":{"@id":"https:\/\/www.dolomitiprealpi.it\/de\/pfarrkirche-und-kirche-der-addolorata-mel\/#breadcrumb"},"inLanguage":"de-DE","potentialAction":[{"@type":"ReadAction","target":["https:\/\/www.dolomitiprealpi.it\/de\/pfarrkirche-und-kirche-der-addolorata-mel\/"]}]},{"@type":"ImageObject","inLanguage":"de-DE","@id":"https:\/\/www.dolomitiprealpi.it\/de\/pfarrkirche-und-kirche-der-addolorata-mel\/#primaryimage","url":"https:\/\/www.dolomitiprealpi.it\/wp-content\/uploads\/2022\/11\/Chiesa-Addolorata-di-Mel_53-1.jpg","contentUrl":"https:\/\/www.dolomitiprealpi.it\/wp-content\/uploads\/2022\/11\/Chiesa-Addolorata-di-Mel_53-1.jpg","width":1900,"height":1884},{"@type":"BreadcrumbList","@id":"https:\/\/www.dolomitiprealpi.it\/de\/pfarrkirche-und-kirche-der-addolorata-mel\/#breadcrumb","itemListElement":[{"@type":"ListItem","position":1,"name":"Home","item":"https:\/\/www.dolomitiprealpi.it\/de\/"},{"@type":"ListItem","position":2,"name":"Pfarrkirche und Kirche der Addolorata &#8211; Mel"}]},{"@type":"WebSite","@id":"https:\/\/www.dolomitiprealpi.it\/de\/#website","url":"https:\/\/www.dolomitiprealpi.it\/de\/","name":"Dolomiti Prealpi","description":"","publisher":{"@id":"https:\/\/www.dolomitiprealpi.it\/de\/#organization"},"potentialAction":[{"@type":"SearchAction","target":{"@type":"EntryPoint","urlTemplate":"https:\/\/www.dolomitiprealpi.it\/de\/?s={search_term_string}"},"query-input":{"@type":"PropertyValueSpecification","valueRequired":true,"valueName":"search_term_string"}}],"inLanguage":"de-DE"},{"@type":"Organization","@id":"https:\/\/www.dolomitiprealpi.it\/de\/#organization","name":"Consorzio Dolomiti Prealpi","url":"https:\/\/www.dolomitiprealpi.it\/de\/","logo":{"@type":"ImageObject","inLanguage":"de-DE","@id":"https:\/\/www.dolomitiprealpi.it\/de\/#\/schema\/logo\/image\/","url":"https:\/\/www.dolomitiprealpi.it\/wp-content\/uploads\/2023\/03\/dolomitiprealpi-favicon.jpg","contentUrl":"https:\/\/www.dolomitiprealpi.it\/wp-content\/uploads\/2023\/03\/dolomitiprealpi-favicon.jpg","width":512,"height":512,"caption":"Consorzio Dolomiti Prealpi"},"image":{"@id":"https:\/\/www.dolomitiprealpi.it\/de\/#\/schema\/logo\/image\/"},"sameAs":["https:\/\/www.facebook.com\/dolomitiprealpi.it\/","https:\/\/www.instagram.com\/dolomitiprealpi\/"]},{"@type":"Person","@id":"https:\/\/www.dolomitiprealpi.it\/de\/#\/schema\/person\/3442beb0554060944b4326d8211c9c04","name":"Mapo","image":{"@type":"ImageObject","inLanguage":"de-DE","@id":"https:\/\/www.dolomitiprealpi.it\/de\/#\/schema\/person\/image\/","url":"https:\/\/secure.gravatar.com\/avatar\/7ce219f4d7d86c45bf979b9d8e0150ad0a4bbd7d3fa61bcb36ffa3cb99018dda?s=96&d=mm&r=g","contentUrl":"https:\/\/secure.gravatar.com\/avatar\/7ce219f4d7d86c45bf979b9d8e0150ad0a4bbd7d3fa61bcb36ffa3cb99018dda?s=96&d=mm&r=g","caption":"Mapo"},"url":"https:\/\/www.dolomitiprealpi.it\/de\/author\/mapo\/"}]}},"jetpack_featured_media_url":"https:\/\/www.dolomitiprealpi.it\/wp-content\/uploads\/2022\/11\/Chiesa-Addolorata-di-Mel_53-1.jpg","_links":{"self":[{"href":"https:\/\/www.dolomitiprealpi.it\/de\/wp-json\/wp\/v2\/posts\/1891","targetHints":{"allow":["GET"]}}],"collection":[{"href":"https:\/\/www.dolomitiprealpi.it\/de\/wp-json\/wp\/v2\/posts"}],"about":[{"href":"https:\/\/www.dolomitiprealpi.it\/de\/wp-json\/wp\/v2\/types\/post"}],"author":[{"embeddable":true,"href":"https:\/\/www.dolomitiprealpi.it\/de\/wp-json\/wp\/v2\/users\/2"}],"replies":[{"embeddable":true,"href":"https:\/\/www.dolomitiprealpi.it\/de\/wp-json\/wp\/v2\/comments?post=1891"}],"version-history":[{"count":0,"href":"https:\/\/www.dolomitiprealpi.it\/de\/wp-json\/wp\/v2\/posts\/1891\/revisions"}],"wp:featuredmedia":[{"embeddable":true,"href":"https:\/\/www.dolomitiprealpi.it\/de\/wp-json\/wp\/v2\/media\/1256"}],"wp:attachment":[{"href":"https:\/\/www.dolomitiprealpi.it\/de\/wp-json\/wp\/v2\/media?parent=1891"}],"wp:term":[{"taxonomy":"category","embeddable":true,"href":"https:\/\/www.dolomitiprealpi.it\/de\/wp-json\/wp\/v2\/categories?post=1891"},{"taxonomy":"post_tag","embeddable":true,"href":"https:\/\/www.dolomitiprealpi.it\/de\/wp-json\/wp\/v2\/tags?post=1891"}],"curies":[{"name":"wp","href":"https:\/\/api.w.org\/{rel}","templated":true}]}}