{"id":1875,"date":"2021-02-16T15:58:47","date_gmt":"2021-02-16T14:58:47","guid":{"rendered":"https:\/\/www.dolomitiprealpi.it\/castello-di-zumelle\/"},"modified":"2026-04-23T17:20:43","modified_gmt":"2026-04-23T15:20:43","slug":"castello-di-zumelle-2","status":"publish","type":"post","link":"https:\/\/www.dolomitiprealpi.it\/de\/castello-di-zumelle-2\/","title":{"rendered":"Castello di Zumelle"},"content":{"rendered":"<p>Das alte Herrenhaus, Symbol der Valbelluna. <\/p>\n<p><b>Geschichte, Charme und Legenden<\/b>, das ist alles, was Sie bei einem Besuch dieses&nbsp;<b>herrlichen Schlosses<\/b> an den Toren von&nbsp;<b>Mel in der Gemeinde Borgo Valbelluna<\/b> finden werden.<\/p>\n<p>Arch\u00e4ologische Funde deuten darauf hin, dass es bereits in der r\u00f6mischen Zeit errichtet wurde. Strategisch gebaut, kontrollierte es die Durchg\u00e4nge einer Stra\u00dfenarterie, man denkt an die<b>&nbsp;Via Claudia Augusta<\/b> oder eine ihrer Varianten.<\/p>\n<p>Zur Zeit der&nbsp;<b>barbarischen Invasionen<\/b> spielte es eine grundlegende Rolle, da es zum Zentrum des lokalen Verteidigungssystems wurde, dessen Aufgabe es war,&nbsp;<b>die Verbindungen zwischen Feltre und Ceneda zu gew\u00e4hrleisten.<\/b><\/p>\n<p>Eine der vielen faszinierenden Legenden erz\u00e4hlt, dass der Protagonist&nbsp;<b>Gianserico<\/b>, ein mysteri\u00f6ser Charakter und Vertrauensmann von Amalasuntha, der K\u00f6nigin der Goten, nach dem Tod seines Vaters, nach einer Verschw\u00f6rung mit Teodato, dem Cousin von Amalasuntha, mit der Magd&nbsp;<b>Eduosia<\/b> geflohen sei. Die beiden Geliebten fanden Zuflucht in diesem Burghaus, wo sie Zwillinge empfingen, nach denen&nbsp;<b>das Schloss von Zumelle<\/b>, \u201ecastrum zumellarum\u201c oder&nbsp;<b>Schloss der Zwillinge<\/b>, seinen Namen erhielt.<\/p>\n<p>Das&nbsp;<b>Schloss von Zumelle<\/b> stellt das&nbsp;<b>Symbol des Gebiets von Mel und des gesamten Valbelluna dar<\/b>.<\/p>\n<p>Seine Urspr\u00fcnge sind umstritten, da es erstmals in einem Dokument aus dem 10. Jahrhundert n. Chr. erw\u00e4hnt wird, aber zahlreiche Wissenschaftler verbinden es mit Besiedlungen aus fr\u00fcheren Zeitr\u00e4umen.<\/p>\n<p>F\u00fcr manche wurde das Schloss auf einem r\u00f6mischen Wachturm in der N\u00e4he eines der hypothetischen Trassen der milit\u00e4rischen Via Claudia Augusta Altinate errichtet, f\u00fcr andere hingegen sind die Urspr\u00fcnge eher auf die Sp\u00e4tantike oder fr\u00fchmittelalterliche Zeit zur\u00fcckzuf\u00fchren.<\/p>\n<p>Egal, welche Urspr\u00fcnge es hat,&nbsp;<b>das Schloss von Zumelle<\/b>&nbsp;stellt ein Tor zur Geschichte dar, einen Ort voller Emotionen und Erinnerungen, der in die Jahrhunderte zur\u00fcckf\u00fchrt.<\/p>\n<p>Das Schloss erhebt sich n\u00e4mlich auf einem Felsvorsprung, der \u00fcber die Schlucht des Flusses Terche ragt und sowohl vom voralpinen H\u00f6henzug als auch vom Talboden aus sichtbar ist.<\/p>\n<p>Die Zeit des gr\u00f6\u00dften Ruhms des Burghaus geht auf das 9. bis 12. Jahrhundert zur\u00fcck, als es im Zentrum erbitterter K\u00e4mpfe zwischen den&nbsp;<b>Di\u00f6zesen von Ceneda (Vittorio Veneto)<\/b>&nbsp;und&nbsp;<b>Belluno<\/b>&nbsp;stand, und sp\u00e4ter, im 12. Jahrhundert, nach dem Besitz der Familie Da Camino erlebte das Schloss seine gr\u00f6\u00dfte Expansion.<\/p>\n<p>Die fortw\u00e4hrenden K\u00e4mpfe f\u00fchrten mehrmals zur Zerst\u00f6rung und zum Wiederaufbau des Burghaus bis zumindest ins 14. Jahrhundert.<\/p>\n<p>Seit 1422 wurde das&nbsp;<b>Kontingent von Mel<\/b>&nbsp;zum Lehen der venezianischen Familie Zorzi, und das Schloss verlor endg\u00fcltig sein milit\u00e4risches Prestige. Die Restaurierungen in den&nbsp;<b>\u201960er Jahren brachten eine Kapelle<\/b>&nbsp;aus dem 11. Jahrhundert mit 19 angrenzenden Gr\u00e4bern sowie zahlreiche Mauerstrukturen ans Licht.<\/p>\n<p>Derzeit sind nach den Restaurierungen des letzten Jahrhunderts das zentrale Herz des Burghaus, die m\u00e4chtigen Zinnenmauern, die Innenr\u00e4ume, die Kapelle San Lorenzo, der Turm, der Graben und der venezianische Brunnen sichtbar und besuchbar. Am Fu\u00dfe des Schlosses befindet sich die Taverne, die wie der Rest des Burghaus von der Vereinigung Sestiere Castellare betrieben wird.<\/p>\n<p>Die Burg von Zumelle ist von Dienstag bis Sonntag und an Feiertagen durchgehend von 10:00 bis 19:00 Uhr ge\u00f6ffnet. <\/p>\n<p> Die Taverne der Burg von Zumelle ist von Freitag bis Sonntag und an Feiertagen durchgehend von 10:00 bis 22:00 Uhr ge\u00f6ffnet. <\/p>\n<p> SOMMER\u00d6FFNUNGSZEITEN 2025   TAVERVNE: <\/p>\n<ul>\n<li>Vom 2. Juli bis 21. Juli ist die Taverne &#8211; neben der \u00d6ffnung am Freitag, Samstag und Sonntag zum Mittag- und Abendessen &#8211; auch am Mittwoch und Donnerstag nur zum Mittagessen ge\u00f6ffnet <\/li>\n<li>Vom 22. Juli bis 7. September &#8211; neben der \u00d6ffnung am Freitag, Samstag und Sonntag zum Mittag- und Abendessen &#8211; ist die Taverne auch an den anderen Tagen au\u00dfer Montag zum Mittagessen ge\u00f6ffnet <\/li>\n<li>Vom 8. bis 24. August ist sie jeden Tag, einschlie\u00dflich Montag, zum Mittag- und Abendessen ge\u00f6ffnet <\/li>\n<\/ul>\n<p>  SOMMER\u00d6FFNUNGSZEITEN 2025 BURG: <\/p>\n<ul>\n<li>Ab dem 2. Juli ist die Burg von Dienstag bis Sonntag von 10 bis 19 Uhr ge\u00f6ffnet <\/li>\n<li>Vom 7. Juli bis 7. September ist sie jeden Tag von Montag bis Sonntag ge\u00f6ffnet und besuchbar  <\/li>\n<\/ul>\n<p>Der Preis f\u00fcr die Tickets kann sich w\u00e4hrend bestimmter Veranstaltungen \u00e4ndern, daher EMPFEHLEN WIR, den Veranstaltungsbereich der Website zu konsultieren.<\/p>\n<p>Vollpreis \u20ac 8,00 Euro<\/p>\n<p>Einwohner der Gemeinde Borgo Valbelluna \u20ac 4,00 bei Vorlage eines Ausweises<\/p>\n<p>Erm\u00e4\u00dfigt 3,00 Euro f\u00fcr Kinder von 2-8 Jahren (noch nicht vollendet)<\/p>\n<p>Erm\u00e4\u00dfigt 7,00 Euro f\u00fcr Jugendliche von 8-18 Jahren (noch nicht vollendet)<\/p>\n<p>Kostenlos f\u00fcr Kinder von 0-2 Jahren (noch nicht vollendet)<\/p>\n<p>Gruppen \u00fcber 20 Personen \u20ac 7,00<\/p>\n<p>Mitglieder der Sicherheitskr\u00e4fte 7,00<\/p>\n<p>Behinderte 5,00 Euro&nbsp;<\/p>\n<p>Erm\u00e4\u00dfigt 7,00 Euro f\u00fcr Personen \u00fcber 65<\/p>\n<p>Studenten und Journalisten \u20ac 7,00 bei Vorlage des Ausweises<\/p>\n<p>Nachtparkplatz f\u00fcr Wohnmobile \u20ac 10,00<\/p>\n<p>3 \u20ac Parkplatz an Sonntagen, an Feiertagen und w\u00e4hrend Veranstaltungen&nbsp;<\/p>\n<p>Preise und \u00d6ffnungszeiten&nbsp;k\u00f6nnten sich aufgrund von Veranstaltungen und Ereignissen \u00e4ndern, wir empfehlen, die offizielle Website zu \u00fcberpr\u00fcfen.<\/p>\n","protected":false},"excerpt":{"rendered":"<p>Das alte Herrenhaus, Symbol der Valbelluna. Geschichte, Charme und Legenden, das ist alles, was Sie bei einem Besuch dieses&nbsp;herrlichen Schlosses an den Toren von&nbsp;Mel in der Gemeinde Borgo Valbelluna finden<\/p>\n","protected":false},"author":2,"featured_media":0,"comment_status":"closed","ping_status":"open","sticky":false,"template":"","format":"standard","meta":{"_acf_changed":false,"inline_featured_image":false,"footnotes":""},"categories":[242,162,233],"tags":[385,285,122,235,127,286,234,394,121,287],"class_list":["post-1875","post","type-post","status-publish","format-standard","hentry","category-famiglie-e-bambini","category-schloesser-de","category-zwischen-doerfern-villen-und-kirchen","tag-cultura-de","tag-feratel-sync-de","tag-feratel-sync","tag-interessante-punkte","tag-kultur-de","tag-poi-de","tag-poi","tag-punti-interesse-de","tag-punti-interesse-feratel","tag-punti-interesse-feratel-de"],"acf":[],"yoast_head":"<!-- This site is optimized with the Yoast SEO plugin v25.7 - https:\/\/yoast.com\/wordpress\/plugins\/seo\/ -->\n<title>Castello di Zumelle - Dolomiti Prealpi<\/title>\n<meta name=\"robots\" content=\"index, follow, max-snippet:-1, max-image-preview:large, max-video-preview:-1\" \/>\n<link rel=\"canonical\" href=\"https:\/\/www.dolomitiprealpi.it\/de\/castello-di-zumelle-2\/\" \/>\n<meta property=\"og:locale\" content=\"de_DE\" \/>\n<meta property=\"og:type\" content=\"article\" \/>\n<meta property=\"og:title\" content=\"Castello di Zumelle - Dolomiti Prealpi\" \/>\n<meta property=\"og:description\" content=\"Das alte Herrenhaus, Symbol der Valbelluna. Geschichte, Charme und Legenden, das ist alles, was Sie bei einem Besuch dieses&nbsp;herrlichen Schlosses an den Toren von&nbsp;Mel in der Gemeinde Borgo Valbelluna finden\" \/>\n<meta property=\"og:url\" content=\"https:\/\/www.dolomitiprealpi.it\/de\/castello-di-zumelle-2\/\" \/>\n<meta property=\"og:site_name\" content=\"Dolomiti Prealpi\" \/>\n<meta property=\"article:publisher\" content=\"https:\/\/www.facebook.com\/dolomitiprealpi.it\/\" \/>\n<meta property=\"article:published_time\" content=\"2021-02-16T14:58:47+00:00\" \/>\n<meta property=\"article:modified_time\" content=\"2026-04-23T15:20:43+00:00\" \/>\n<meta property=\"og:image\" content=\"https:\/\/www.dolomitiprealpi.it\/wp-content\/uploads\/2022\/11\/C.-Timpone-Foto-archivio-Consorzio-turistico-Dolomiti-Prealpi-Nevegal-Belluno-Bike-18-2.jpg\" \/>\n\t<meta property=\"og:image:width\" content=\"2048\" \/>\n\t<meta property=\"og:image:height\" content=\"1888\" \/>\n\t<meta property=\"og:image:type\" content=\"image\/jpeg\" \/>\n<meta name=\"author\" content=\"Mapo\" \/>\n<meta name=\"twitter:card\" content=\"summary_large_image\" \/>\n<meta name=\"twitter:label1\" content=\"Written by\" \/>\n\t<meta name=\"twitter:data1\" content=\"Mapo\" \/>\n\t<meta name=\"twitter:label2\" content=\"Est. reading time\" \/>\n\t<meta name=\"twitter:data2\" content=\"4 minutes\" \/>\n<script type=\"application\/ld+json\" class=\"yoast-schema-graph\">{\"@context\":\"https:\/\/schema.org\",\"@graph\":[{\"@type\":\"Article\",\"@id\":\"https:\/\/www.dolomitiprealpi.it\/de\/castello-di-zumelle-2\/#article\",\"isPartOf\":{\"@id\":\"https:\/\/www.dolomitiprealpi.it\/de\/castello-di-zumelle-2\/\"},\"author\":{\"name\":\"Mapo\",\"@id\":\"https:\/\/www.dolomitiprealpi.it\/de\/#\/schema\/person\/3442beb0554060944b4326d8211c9c04\"},\"headline\":\"Castello di Zumelle\",\"datePublished\":\"2021-02-16T14:58:47+00:00\",\"dateModified\":\"2026-04-23T15:20:43+00:00\",\"mainEntityOfPage\":{\"@id\":\"https:\/\/www.dolomitiprealpi.it\/de\/castello-di-zumelle-2\/\"},\"wordCount\":803,\"publisher\":{\"@id\":\"https:\/\/www.dolomitiprealpi.it\/de\/#organization\"},\"keywords\":[\"Cultura\",\"Feratel sync\",\"Feratel sync\",\"Interessante Punkte\",\"Kultur\",\"POI\",\"POI\",\"Punti interesse\",\"Punti interesse Feratel\",\"Punti interesse Feratel\"],\"articleSection\":[\"Famiglie e bambini\",\"Schl\u00f6sser\",\"Zwischen D\u00f6rfern, Villen und Kirchen\"],\"inLanguage\":\"de-DE\"},{\"@type\":\"WebPage\",\"@id\":\"https:\/\/www.dolomitiprealpi.it\/de\/castello-di-zumelle-2\/\",\"url\":\"https:\/\/www.dolomitiprealpi.it\/de\/castello-di-zumelle-2\/\",\"name\":\"Castello di Zumelle - Dolomiti Prealpi\",\"isPartOf\":{\"@id\":\"https:\/\/www.dolomitiprealpi.it\/de\/#website\"},\"datePublished\":\"2021-02-16T14:58:47+00:00\",\"dateModified\":\"2026-04-23T15:20:43+00:00\",\"breadcrumb\":{\"@id\":\"https:\/\/www.dolomitiprealpi.it\/de\/castello-di-zumelle-2\/#breadcrumb\"},\"inLanguage\":\"de-DE\",\"potentialAction\":[{\"@type\":\"ReadAction\",\"target\":[\"https:\/\/www.dolomitiprealpi.it\/de\/castello-di-zumelle-2\/\"]}]},{\"@type\":\"BreadcrumbList\",\"@id\":\"https:\/\/www.dolomitiprealpi.it\/de\/castello-di-zumelle-2\/#breadcrumb\",\"itemListElement\":[{\"@type\":\"ListItem\",\"position\":1,\"name\":\"Home\",\"item\":\"https:\/\/www.dolomitiprealpi.it\/de\/\"},{\"@type\":\"ListItem\",\"position\":2,\"name\":\"Castello di Zumelle\"}]},{\"@type\":\"WebSite\",\"@id\":\"https:\/\/www.dolomitiprealpi.it\/de\/#website\",\"url\":\"https:\/\/www.dolomitiprealpi.it\/de\/\",\"name\":\"Dolomiti Prealpi\",\"description\":\"\",\"publisher\":{\"@id\":\"https:\/\/www.dolomitiprealpi.it\/de\/#organization\"},\"potentialAction\":[{\"@type\":\"SearchAction\",\"target\":{\"@type\":\"EntryPoint\",\"urlTemplate\":\"https:\/\/www.dolomitiprealpi.it\/de\/?s={search_term_string}\"},\"query-input\":{\"@type\":\"PropertyValueSpecification\",\"valueRequired\":true,\"valueName\":\"search_term_string\"}}],\"inLanguage\":\"de-DE\"},{\"@type\":\"Organization\",\"@id\":\"https:\/\/www.dolomitiprealpi.it\/de\/#organization\",\"name\":\"Consorzio Dolomiti Prealpi\",\"url\":\"https:\/\/www.dolomitiprealpi.it\/de\/\",\"logo\":{\"@type\":\"ImageObject\",\"inLanguage\":\"de-DE\",\"@id\":\"https:\/\/www.dolomitiprealpi.it\/de\/#\/schema\/logo\/image\/\",\"url\":\"https:\/\/www.dolomitiprealpi.it\/wp-content\/uploads\/2023\/03\/dolomitiprealpi-favicon.jpg\",\"contentUrl\":\"https:\/\/www.dolomitiprealpi.it\/wp-content\/uploads\/2023\/03\/dolomitiprealpi-favicon.jpg\",\"width\":512,\"height\":512,\"caption\":\"Consorzio Dolomiti Prealpi\"},\"image\":{\"@id\":\"https:\/\/www.dolomitiprealpi.it\/de\/#\/schema\/logo\/image\/\"},\"sameAs\":[\"https:\/\/www.facebook.com\/dolomitiprealpi.it\/\",\"https:\/\/www.instagram.com\/dolomitiprealpi\/\"]},{\"@type\":\"Person\",\"@id\":\"https:\/\/www.dolomitiprealpi.it\/de\/#\/schema\/person\/3442beb0554060944b4326d8211c9c04\",\"name\":\"Mapo\",\"image\":{\"@type\":\"ImageObject\",\"inLanguage\":\"de-DE\",\"@id\":\"https:\/\/www.dolomitiprealpi.it\/de\/#\/schema\/person\/image\/\",\"url\":\"https:\/\/secure.gravatar.com\/avatar\/7ce219f4d7d86c45bf979b9d8e0150ad0a4bbd7d3fa61bcb36ffa3cb99018dda?s=96&d=mm&r=g\",\"contentUrl\":\"https:\/\/secure.gravatar.com\/avatar\/7ce219f4d7d86c45bf979b9d8e0150ad0a4bbd7d3fa61bcb36ffa3cb99018dda?s=96&d=mm&r=g\",\"caption\":\"Mapo\"},\"url\":\"https:\/\/www.dolomitiprealpi.it\/de\/author\/mapo\/\"}]}<\/script>\n<!-- \/ Yoast SEO plugin. -->","yoast_head_json":{"title":"Castello di Zumelle - Dolomiti Prealpi","robots":{"index":"index","follow":"follow","max-snippet":"max-snippet:-1","max-image-preview":"max-image-preview:large","max-video-preview":"max-video-preview:-1"},"canonical":"https:\/\/www.dolomitiprealpi.it\/de\/castello-di-zumelle-2\/","og_locale":"de_DE","og_type":"article","og_title":"Castello di Zumelle - Dolomiti Prealpi","og_description":"Das alte Herrenhaus, Symbol der Valbelluna. Geschichte, Charme und Legenden, das ist alles, was Sie bei einem Besuch dieses&nbsp;herrlichen Schlosses an den Toren von&nbsp;Mel in der Gemeinde Borgo Valbelluna finden","og_url":"https:\/\/www.dolomitiprealpi.it\/de\/castello-di-zumelle-2\/","og_site_name":"Dolomiti Prealpi","article_publisher":"https:\/\/www.facebook.com\/dolomitiprealpi.it\/","article_published_time":"2021-02-16T14:58:47+00:00","article_modified_time":"2026-04-23T15:20:43+00:00","og_image":[{"width":2048,"height":1888,"url":"https:\/\/www.dolomitiprealpi.it\/wp-content\/uploads\/2022\/11\/C.-Timpone-Foto-archivio-Consorzio-turistico-Dolomiti-Prealpi-Nevegal-Belluno-Bike-18-2.jpg","type":"image\/jpeg"}],"author":"Mapo","twitter_card":"summary_large_image","twitter_misc":{"Written by":"Mapo","Est. reading time":"4 minutes"},"schema":{"@context":"https:\/\/schema.org","@graph":[{"@type":"Article","@id":"https:\/\/www.dolomitiprealpi.it\/de\/castello-di-zumelle-2\/#article","isPartOf":{"@id":"https:\/\/www.dolomitiprealpi.it\/de\/castello-di-zumelle-2\/"},"author":{"name":"Mapo","@id":"https:\/\/www.dolomitiprealpi.it\/de\/#\/schema\/person\/3442beb0554060944b4326d8211c9c04"},"headline":"Castello di Zumelle","datePublished":"2021-02-16T14:58:47+00:00","dateModified":"2026-04-23T15:20:43+00:00","mainEntityOfPage":{"@id":"https:\/\/www.dolomitiprealpi.it\/de\/castello-di-zumelle-2\/"},"wordCount":803,"publisher":{"@id":"https:\/\/www.dolomitiprealpi.it\/de\/#organization"},"keywords":["Cultura","Feratel sync","Feratel sync","Interessante Punkte","Kultur","POI","POI","Punti interesse","Punti interesse Feratel","Punti interesse Feratel"],"articleSection":["Famiglie e bambini","Schl\u00f6sser","Zwischen D\u00f6rfern, Villen und Kirchen"],"inLanguage":"de-DE"},{"@type":"WebPage","@id":"https:\/\/www.dolomitiprealpi.it\/de\/castello-di-zumelle-2\/","url":"https:\/\/www.dolomitiprealpi.it\/de\/castello-di-zumelle-2\/","name":"Castello di Zumelle - Dolomiti Prealpi","isPartOf":{"@id":"https:\/\/www.dolomitiprealpi.it\/de\/#website"},"datePublished":"2021-02-16T14:58:47+00:00","dateModified":"2026-04-23T15:20:43+00:00","breadcrumb":{"@id":"https:\/\/www.dolomitiprealpi.it\/de\/castello-di-zumelle-2\/#breadcrumb"},"inLanguage":"de-DE","potentialAction":[{"@type":"ReadAction","target":["https:\/\/www.dolomitiprealpi.it\/de\/castello-di-zumelle-2\/"]}]},{"@type":"BreadcrumbList","@id":"https:\/\/www.dolomitiprealpi.it\/de\/castello-di-zumelle-2\/#breadcrumb","itemListElement":[{"@type":"ListItem","position":1,"name":"Home","item":"https:\/\/www.dolomitiprealpi.it\/de\/"},{"@type":"ListItem","position":2,"name":"Castello di Zumelle"}]},{"@type":"WebSite","@id":"https:\/\/www.dolomitiprealpi.it\/de\/#website","url":"https:\/\/www.dolomitiprealpi.it\/de\/","name":"Dolomiti Prealpi","description":"","publisher":{"@id":"https:\/\/www.dolomitiprealpi.it\/de\/#organization"},"potentialAction":[{"@type":"SearchAction","target":{"@type":"EntryPoint","urlTemplate":"https:\/\/www.dolomitiprealpi.it\/de\/?s={search_term_string}"},"query-input":{"@type":"PropertyValueSpecification","valueRequired":true,"valueName":"search_term_string"}}],"inLanguage":"de-DE"},{"@type":"Organization","@id":"https:\/\/www.dolomitiprealpi.it\/de\/#organization","name":"Consorzio Dolomiti Prealpi","url":"https:\/\/www.dolomitiprealpi.it\/de\/","logo":{"@type":"ImageObject","inLanguage":"de-DE","@id":"https:\/\/www.dolomitiprealpi.it\/de\/#\/schema\/logo\/image\/","url":"https:\/\/www.dolomitiprealpi.it\/wp-content\/uploads\/2023\/03\/dolomitiprealpi-favicon.jpg","contentUrl":"https:\/\/www.dolomitiprealpi.it\/wp-content\/uploads\/2023\/03\/dolomitiprealpi-favicon.jpg","width":512,"height":512,"caption":"Consorzio Dolomiti Prealpi"},"image":{"@id":"https:\/\/www.dolomitiprealpi.it\/de\/#\/schema\/logo\/image\/"},"sameAs":["https:\/\/www.facebook.com\/dolomitiprealpi.it\/","https:\/\/www.instagram.com\/dolomitiprealpi\/"]},{"@type":"Person","@id":"https:\/\/www.dolomitiprealpi.it\/de\/#\/schema\/person\/3442beb0554060944b4326d8211c9c04","name":"Mapo","image":{"@type":"ImageObject","inLanguage":"de-DE","@id":"https:\/\/www.dolomitiprealpi.it\/de\/#\/schema\/person\/image\/","url":"https:\/\/secure.gravatar.com\/avatar\/7ce219f4d7d86c45bf979b9d8e0150ad0a4bbd7d3fa61bcb36ffa3cb99018dda?s=96&d=mm&r=g","contentUrl":"https:\/\/secure.gravatar.com\/avatar\/7ce219f4d7d86c45bf979b9d8e0150ad0a4bbd7d3fa61bcb36ffa3cb99018dda?s=96&d=mm&r=g","caption":"Mapo"},"url":"https:\/\/www.dolomitiprealpi.it\/de\/author\/mapo\/"}]}},"jetpack_featured_media_url":"","_links":{"self":[{"href":"https:\/\/www.dolomitiprealpi.it\/de\/wp-json\/wp\/v2\/posts\/1875","targetHints":{"allow":["GET"]}}],"collection":[{"href":"https:\/\/www.dolomitiprealpi.it\/de\/wp-json\/wp\/v2\/posts"}],"about":[{"href":"https:\/\/www.dolomitiprealpi.it\/de\/wp-json\/wp\/v2\/types\/post"}],"author":[{"embeddable":true,"href":"https:\/\/www.dolomitiprealpi.it\/de\/wp-json\/wp\/v2\/users\/2"}],"replies":[{"embeddable":true,"href":"https:\/\/www.dolomitiprealpi.it\/de\/wp-json\/wp\/v2\/comments?post=1875"}],"version-history":[{"count":7,"href":"https:\/\/www.dolomitiprealpi.it\/de\/wp-json\/wp\/v2\/posts\/1875\/revisions"}],"predecessor-version":[{"id":51409,"href":"https:\/\/www.dolomitiprealpi.it\/de\/wp-json\/wp\/v2\/posts\/1875\/revisions\/51409"}],"wp:attachment":[{"href":"https:\/\/www.dolomitiprealpi.it\/de\/wp-json\/wp\/v2\/media?parent=1875"}],"wp:term":[{"taxonomy":"category","embeddable":true,"href":"https:\/\/www.dolomitiprealpi.it\/de\/wp-json\/wp\/v2\/categories?post=1875"},{"taxonomy":"post_tag","embeddable":true,"href":"https:\/\/www.dolomitiprealpi.it\/de\/wp-json\/wp\/v2\/tags?post=1875"}],"curies":[{"name":"wp","href":"https:\/\/api.w.org\/{rel}","templated":true}]}}