{"id":1868,"date":"2021-02-16T15:58:46","date_gmt":"2021-02-16T14:58:46","guid":{"rendered":"https:\/\/www.dolomitiprealpi.it\/casera-a-gradoni\/"},"modified":"2021-02-16T15:59:12","modified_gmt":"2021-02-16T14:59:12","slug":"casera-a-gradoni","status":"publish","type":"post","link":"https:\/\/www.dolomitiprealpi.it\/de\/casera-a-gradoni\/","title":{"rendered":"Casera a gradoni"},"content":{"rendered":"<p>Die so genannte casera a gradoni (wortw\u00f6rtlich \u201eBergh\u00fctte mit Stufen\u201c) ist heutzutage sehr selten: In der Provinz Belluno findet man es noch nur in der Umgebung von Sovramonte und Pedavena; ihr Vorhandensein wurde auch in den Bellunesischen Voralpen festgestellt. Diese Struktur ist wahrscheinlich germanischer Herkunft und verbreitete sich in dieses Gebiet in der zweiten H\u00e4lften des 12. Jahrhunderts, als Feltre und Belluno zum Heiligen R\u00f6mischen Reich geh\u00f6rten.<br \/>\nDiese Bergh\u00fctte wurde als Stall und Heuboden benutzt. Sehr besonders sind die Stufen (auf Dialekt scalin\u00e8le), welche den Giebel charakterisieren und damals das Stroh vor Wasser und Wind sch\u00fctzten, mit dem das Dach bedeckt war. Au\u00dferdem konnte man durch diese Stufen das Dach f\u00fcr Reparaturen usw. leichter erreichen.<\/p>\n","protected":false},"excerpt":{"rendered":"<p>Die so genannte casera a gradoni (wortw\u00f6rtlich \u201eBergh\u00fctte mit Stufen\u201c) ist heutzutage sehr selten: In der Provinz Belluno findet man es noch nur in der Umgebung von Sovramonte und Pedavena<\/p>\n","protected":false},"author":2,"featured_media":1190,"comment_status":"closed","ping_status":"closed","sticky":false,"template":"","format":"standard","meta":{"_acf_changed":false,"inline_featured_image":false,"footnotes":""},"categories":[231,237,233],"tags":[235,127,83],"class_list":["post-1868","post","type-post","status-publish","format-standard","has-post-thumbnail","hentry","category-tra-borghi-ville-e-chiese","category-ville-e-architettura-rurale","category-zwischen-doerfern-villen-und-kirchen","tag-interessante-punkte","tag-kultur-de","tag-punti-interesse"],"acf":[],"yoast_head":"<!-- This site is optimized with the Yoast SEO plugin v25.7 - https:\/\/yoast.com\/wordpress\/plugins\/seo\/ -->\n<title>Casera a gradoni - Dolomiti Prealpi<\/title>\n<meta name=\"robots\" content=\"index, follow, max-snippet:-1, max-image-preview:large, max-video-preview:-1\" \/>\n<link rel=\"canonical\" href=\"https:\/\/www.dolomitiprealpi.it\/de\/casera-a-gradoni\/\" \/>\n<meta property=\"og:locale\" content=\"de_DE\" \/>\n<meta property=\"og:type\" content=\"article\" \/>\n<meta property=\"og:title\" content=\"Casera a gradoni - Dolomiti Prealpi\" \/>\n<meta property=\"og:description\" content=\"Die so genannte casera a gradoni (wortw\u00f6rtlich \u201eBergh\u00fctte mit Stufen\u201c) ist heutzutage sehr selten: In der Provinz Belluno findet man es noch nur in der Umgebung von Sovramonte und Pedavena\" \/>\n<meta property=\"og:url\" content=\"https:\/\/www.dolomitiprealpi.it\/de\/casera-a-gradoni\/\" \/>\n<meta property=\"og:site_name\" content=\"Dolomiti Prealpi\" \/>\n<meta property=\"article:publisher\" content=\"https:\/\/www.facebook.com\/dolomitiprealpi.it\/\" \/>\n<meta property=\"article:published_time\" content=\"2021-02-16T14:58:46+00:00\" \/>\n<meta property=\"article:modified_time\" content=\"2021-02-16T14:59:12+00:00\" \/>\n<meta property=\"og:image\" content=\"https:\/\/dolomitiprealpi.test\/wp-content\/uploads\/2022\/11\/Casera-a-gradoni_22-1-1024x1024.jpg\" \/>\n\t<meta property=\"og:image:width\" content=\"1024\" \/>\n\t<meta property=\"og:image:height\" content=\"1024\" \/>\n\t<meta property=\"og:image:type\" content=\"image\/jpeg\" \/>\n<meta name=\"author\" content=\"Mapo\" \/>\n<meta name=\"twitter:card\" content=\"summary_large_image\" \/>\n<meta name=\"twitter:label1\" content=\"Written by\" \/>\n\t<meta name=\"twitter:data1\" content=\"Mapo\" \/>\n\t<meta name=\"twitter:label2\" content=\"Est. reading time\" \/>\n\t<meta name=\"twitter:data2\" content=\"1 minute\" \/>\n<script type=\"application\/ld+json\" class=\"yoast-schema-graph\">{\"@context\":\"https:\/\/schema.org\",\"@graph\":[{\"@type\":\"Article\",\"@id\":\"https:\/\/www.dolomitiprealpi.it\/de\/casera-a-gradoni\/#article\",\"isPartOf\":{\"@id\":\"https:\/\/www.dolomitiprealpi.it\/de\/casera-a-gradoni\/\"},\"author\":{\"name\":\"Mapo\",\"@id\":\"https:\/\/www.dolomitiprealpi.it\/de\/#\/schema\/person\/3442beb0554060944b4326d8211c9c04\"},\"headline\":\"Casera a gradoni\",\"datePublished\":\"2021-02-16T14:58:46+00:00\",\"dateModified\":\"2021-02-16T14:59:12+00:00\",\"mainEntityOfPage\":{\"@id\":\"https:\/\/www.dolomitiprealpi.it\/de\/casera-a-gradoni\/\"},\"wordCount\":127,\"publisher\":{\"@id\":\"https:\/\/www.dolomitiprealpi.it\/de\/#organization\"},\"image\":{\"@id\":\"https:\/\/www.dolomitiprealpi.it\/de\/casera-a-gradoni\/#primaryimage\"},\"thumbnailUrl\":\"https:\/\/www.dolomitiprealpi.it\/wp-content\/uploads\/2022\/11\/Casera-a-gradoni_22-1.jpg\",\"keywords\":[\"Interessante Punkte\",\"Kultur\",\"Punti interesse\"],\"articleSection\":[\"Tra borghi, ville e chiese\",\"Ville e architettura rurale\",\"Zwischen D\u00f6rfern, Villen und Kirchen\"],\"inLanguage\":\"de-DE\"},{\"@type\":\"WebPage\",\"@id\":\"https:\/\/www.dolomitiprealpi.it\/de\/casera-a-gradoni\/\",\"url\":\"https:\/\/www.dolomitiprealpi.it\/de\/casera-a-gradoni\/\",\"name\":\"Casera a gradoni - Dolomiti Prealpi\",\"isPartOf\":{\"@id\":\"https:\/\/www.dolomitiprealpi.it\/de\/#website\"},\"primaryImageOfPage\":{\"@id\":\"https:\/\/www.dolomitiprealpi.it\/de\/casera-a-gradoni\/#primaryimage\"},\"image\":{\"@id\":\"https:\/\/www.dolomitiprealpi.it\/de\/casera-a-gradoni\/#primaryimage\"},\"thumbnailUrl\":\"https:\/\/www.dolomitiprealpi.it\/wp-content\/uploads\/2022\/11\/Casera-a-gradoni_22-1.jpg\",\"datePublished\":\"2021-02-16T14:58:46+00:00\",\"dateModified\":\"2021-02-16T14:59:12+00:00\",\"breadcrumb\":{\"@id\":\"https:\/\/www.dolomitiprealpi.it\/de\/casera-a-gradoni\/#breadcrumb\"},\"inLanguage\":\"de-DE\",\"potentialAction\":[{\"@type\":\"ReadAction\",\"target\":[\"https:\/\/www.dolomitiprealpi.it\/de\/casera-a-gradoni\/\"]}]},{\"@type\":\"ImageObject\",\"inLanguage\":\"de-DE\",\"@id\":\"https:\/\/www.dolomitiprealpi.it\/de\/casera-a-gradoni\/#primaryimage\",\"url\":\"https:\/\/www.dolomitiprealpi.it\/wp-content\/uploads\/2022\/11\/Casera-a-gradoni_22-1.jpg\",\"contentUrl\":\"https:\/\/www.dolomitiprealpi.it\/wp-content\/uploads\/2022\/11\/Casera-a-gradoni_22-1.jpg\",\"width\":1900,\"height\":1900},{\"@type\":\"BreadcrumbList\",\"@id\":\"https:\/\/www.dolomitiprealpi.it\/de\/casera-a-gradoni\/#breadcrumb\",\"itemListElement\":[{\"@type\":\"ListItem\",\"position\":1,\"name\":\"Home\",\"item\":\"https:\/\/www.dolomitiprealpi.it\/de\/\"},{\"@type\":\"ListItem\",\"position\":2,\"name\":\"Casera a gradoni\"}]},{\"@type\":\"WebSite\",\"@id\":\"https:\/\/www.dolomitiprealpi.it\/de\/#website\",\"url\":\"https:\/\/www.dolomitiprealpi.it\/de\/\",\"name\":\"Dolomiti Prealpi\",\"description\":\"\",\"publisher\":{\"@id\":\"https:\/\/www.dolomitiprealpi.it\/de\/#organization\"},\"potentialAction\":[{\"@type\":\"SearchAction\",\"target\":{\"@type\":\"EntryPoint\",\"urlTemplate\":\"https:\/\/www.dolomitiprealpi.it\/de\/?s={search_term_string}\"},\"query-input\":{\"@type\":\"PropertyValueSpecification\",\"valueRequired\":true,\"valueName\":\"search_term_string\"}}],\"inLanguage\":\"de-DE\"},{\"@type\":\"Organization\",\"@id\":\"https:\/\/www.dolomitiprealpi.it\/de\/#organization\",\"name\":\"Consorzio Dolomiti Prealpi\",\"url\":\"https:\/\/www.dolomitiprealpi.it\/de\/\",\"logo\":{\"@type\":\"ImageObject\",\"inLanguage\":\"de-DE\",\"@id\":\"https:\/\/www.dolomitiprealpi.it\/de\/#\/schema\/logo\/image\/\",\"url\":\"https:\/\/www.dolomitiprealpi.it\/wp-content\/uploads\/2023\/03\/dolomitiprealpi-favicon.jpg\",\"contentUrl\":\"https:\/\/www.dolomitiprealpi.it\/wp-content\/uploads\/2023\/03\/dolomitiprealpi-favicon.jpg\",\"width\":512,\"height\":512,\"caption\":\"Consorzio Dolomiti Prealpi\"},\"image\":{\"@id\":\"https:\/\/www.dolomitiprealpi.it\/de\/#\/schema\/logo\/image\/\"},\"sameAs\":[\"https:\/\/www.facebook.com\/dolomitiprealpi.it\/\",\"https:\/\/www.instagram.com\/dolomitiprealpi\/\"]},{\"@type\":\"Person\",\"@id\":\"https:\/\/www.dolomitiprealpi.it\/de\/#\/schema\/person\/3442beb0554060944b4326d8211c9c04\",\"name\":\"Mapo\",\"image\":{\"@type\":\"ImageObject\",\"inLanguage\":\"de-DE\",\"@id\":\"https:\/\/www.dolomitiprealpi.it\/de\/#\/schema\/person\/image\/\",\"url\":\"https:\/\/secure.gravatar.com\/avatar\/7ce219f4d7d86c45bf979b9d8e0150ad0a4bbd7d3fa61bcb36ffa3cb99018dda?s=96&d=mm&r=g\",\"contentUrl\":\"https:\/\/secure.gravatar.com\/avatar\/7ce219f4d7d86c45bf979b9d8e0150ad0a4bbd7d3fa61bcb36ffa3cb99018dda?s=96&d=mm&r=g\",\"caption\":\"Mapo\"},\"url\":\"https:\/\/www.dolomitiprealpi.it\/de\/author\/mapo\/\"}]}<\/script>\n<!-- \/ Yoast SEO plugin. -->","yoast_head_json":{"title":"Casera a gradoni - Dolomiti Prealpi","robots":{"index":"index","follow":"follow","max-snippet":"max-snippet:-1","max-image-preview":"max-image-preview:large","max-video-preview":"max-video-preview:-1"},"canonical":"https:\/\/www.dolomitiprealpi.it\/de\/casera-a-gradoni\/","og_locale":"de_DE","og_type":"article","og_title":"Casera a gradoni - Dolomiti Prealpi","og_description":"Die so genannte casera a gradoni (wortw\u00f6rtlich \u201eBergh\u00fctte mit Stufen\u201c) ist heutzutage sehr selten: In der Provinz Belluno findet man es noch nur in der Umgebung von Sovramonte und Pedavena","og_url":"https:\/\/www.dolomitiprealpi.it\/de\/casera-a-gradoni\/","og_site_name":"Dolomiti Prealpi","article_publisher":"https:\/\/www.facebook.com\/dolomitiprealpi.it\/","article_published_time":"2021-02-16T14:58:46+00:00","article_modified_time":"2021-02-16T14:59:12+00:00","og_image":[{"width":1024,"height":1024,"url":"https:\/\/dolomitiprealpi.test\/wp-content\/uploads\/2022\/11\/Casera-a-gradoni_22-1-1024x1024.jpg","type":"image\/jpeg"}],"author":"Mapo","twitter_card":"summary_large_image","twitter_misc":{"Written by":"Mapo","Est. reading time":"1 minute"},"schema":{"@context":"https:\/\/schema.org","@graph":[{"@type":"Article","@id":"https:\/\/www.dolomitiprealpi.it\/de\/casera-a-gradoni\/#article","isPartOf":{"@id":"https:\/\/www.dolomitiprealpi.it\/de\/casera-a-gradoni\/"},"author":{"name":"Mapo","@id":"https:\/\/www.dolomitiprealpi.it\/de\/#\/schema\/person\/3442beb0554060944b4326d8211c9c04"},"headline":"Casera a gradoni","datePublished":"2021-02-16T14:58:46+00:00","dateModified":"2021-02-16T14:59:12+00:00","mainEntityOfPage":{"@id":"https:\/\/www.dolomitiprealpi.it\/de\/casera-a-gradoni\/"},"wordCount":127,"publisher":{"@id":"https:\/\/www.dolomitiprealpi.it\/de\/#organization"},"image":{"@id":"https:\/\/www.dolomitiprealpi.it\/de\/casera-a-gradoni\/#primaryimage"},"thumbnailUrl":"https:\/\/www.dolomitiprealpi.it\/wp-content\/uploads\/2022\/11\/Casera-a-gradoni_22-1.jpg","keywords":["Interessante Punkte","Kultur","Punti interesse"],"articleSection":["Tra borghi, ville e chiese","Ville e architettura rurale","Zwischen D\u00f6rfern, Villen und Kirchen"],"inLanguage":"de-DE"},{"@type":"WebPage","@id":"https:\/\/www.dolomitiprealpi.it\/de\/casera-a-gradoni\/","url":"https:\/\/www.dolomitiprealpi.it\/de\/casera-a-gradoni\/","name":"Casera a gradoni - Dolomiti Prealpi","isPartOf":{"@id":"https:\/\/www.dolomitiprealpi.it\/de\/#website"},"primaryImageOfPage":{"@id":"https:\/\/www.dolomitiprealpi.it\/de\/casera-a-gradoni\/#primaryimage"},"image":{"@id":"https:\/\/www.dolomitiprealpi.it\/de\/casera-a-gradoni\/#primaryimage"},"thumbnailUrl":"https:\/\/www.dolomitiprealpi.it\/wp-content\/uploads\/2022\/11\/Casera-a-gradoni_22-1.jpg","datePublished":"2021-02-16T14:58:46+00:00","dateModified":"2021-02-16T14:59:12+00:00","breadcrumb":{"@id":"https:\/\/www.dolomitiprealpi.it\/de\/casera-a-gradoni\/#breadcrumb"},"inLanguage":"de-DE","potentialAction":[{"@type":"ReadAction","target":["https:\/\/www.dolomitiprealpi.it\/de\/casera-a-gradoni\/"]}]},{"@type":"ImageObject","inLanguage":"de-DE","@id":"https:\/\/www.dolomitiprealpi.it\/de\/casera-a-gradoni\/#primaryimage","url":"https:\/\/www.dolomitiprealpi.it\/wp-content\/uploads\/2022\/11\/Casera-a-gradoni_22-1.jpg","contentUrl":"https:\/\/www.dolomitiprealpi.it\/wp-content\/uploads\/2022\/11\/Casera-a-gradoni_22-1.jpg","width":1900,"height":1900},{"@type":"BreadcrumbList","@id":"https:\/\/www.dolomitiprealpi.it\/de\/casera-a-gradoni\/#breadcrumb","itemListElement":[{"@type":"ListItem","position":1,"name":"Home","item":"https:\/\/www.dolomitiprealpi.it\/de\/"},{"@type":"ListItem","position":2,"name":"Casera a gradoni"}]},{"@type":"WebSite","@id":"https:\/\/www.dolomitiprealpi.it\/de\/#website","url":"https:\/\/www.dolomitiprealpi.it\/de\/","name":"Dolomiti Prealpi","description":"","publisher":{"@id":"https:\/\/www.dolomitiprealpi.it\/de\/#organization"},"potentialAction":[{"@type":"SearchAction","target":{"@type":"EntryPoint","urlTemplate":"https:\/\/www.dolomitiprealpi.it\/de\/?s={search_term_string}"},"query-input":{"@type":"PropertyValueSpecification","valueRequired":true,"valueName":"search_term_string"}}],"inLanguage":"de-DE"},{"@type":"Organization","@id":"https:\/\/www.dolomitiprealpi.it\/de\/#organization","name":"Consorzio Dolomiti Prealpi","url":"https:\/\/www.dolomitiprealpi.it\/de\/","logo":{"@type":"ImageObject","inLanguage":"de-DE","@id":"https:\/\/www.dolomitiprealpi.it\/de\/#\/schema\/logo\/image\/","url":"https:\/\/www.dolomitiprealpi.it\/wp-content\/uploads\/2023\/03\/dolomitiprealpi-favicon.jpg","contentUrl":"https:\/\/www.dolomitiprealpi.it\/wp-content\/uploads\/2023\/03\/dolomitiprealpi-favicon.jpg","width":512,"height":512,"caption":"Consorzio Dolomiti Prealpi"},"image":{"@id":"https:\/\/www.dolomitiprealpi.it\/de\/#\/schema\/logo\/image\/"},"sameAs":["https:\/\/www.facebook.com\/dolomitiprealpi.it\/","https:\/\/www.instagram.com\/dolomitiprealpi\/"]},{"@type":"Person","@id":"https:\/\/www.dolomitiprealpi.it\/de\/#\/schema\/person\/3442beb0554060944b4326d8211c9c04","name":"Mapo","image":{"@type":"ImageObject","inLanguage":"de-DE","@id":"https:\/\/www.dolomitiprealpi.it\/de\/#\/schema\/person\/image\/","url":"https:\/\/secure.gravatar.com\/avatar\/7ce219f4d7d86c45bf979b9d8e0150ad0a4bbd7d3fa61bcb36ffa3cb99018dda?s=96&d=mm&r=g","contentUrl":"https:\/\/secure.gravatar.com\/avatar\/7ce219f4d7d86c45bf979b9d8e0150ad0a4bbd7d3fa61bcb36ffa3cb99018dda?s=96&d=mm&r=g","caption":"Mapo"},"url":"https:\/\/www.dolomitiprealpi.it\/de\/author\/mapo\/"}]}},"jetpack_featured_media_url":"https:\/\/www.dolomitiprealpi.it\/wp-content\/uploads\/2022\/11\/Casera-a-gradoni_22-1.jpg","_links":{"self":[{"href":"https:\/\/www.dolomitiprealpi.it\/de\/wp-json\/wp\/v2\/posts\/1868","targetHints":{"allow":["GET"]}}],"collection":[{"href":"https:\/\/www.dolomitiprealpi.it\/de\/wp-json\/wp\/v2\/posts"}],"about":[{"href":"https:\/\/www.dolomitiprealpi.it\/de\/wp-json\/wp\/v2\/types\/post"}],"author":[{"embeddable":true,"href":"https:\/\/www.dolomitiprealpi.it\/de\/wp-json\/wp\/v2\/users\/2"}],"replies":[{"embeddable":true,"href":"https:\/\/www.dolomitiprealpi.it\/de\/wp-json\/wp\/v2\/comments?post=1868"}],"version-history":[{"count":0,"href":"https:\/\/www.dolomitiprealpi.it\/de\/wp-json\/wp\/v2\/posts\/1868\/revisions"}],"wp:featuredmedia":[{"embeddable":true,"href":"https:\/\/www.dolomitiprealpi.it\/de\/wp-json\/wp\/v2\/media\/1190"}],"wp:attachment":[{"href":"https:\/\/www.dolomitiprealpi.it\/de\/wp-json\/wp\/v2\/media?parent=1868"}],"wp:term":[{"taxonomy":"category","embeddable":true,"href":"https:\/\/www.dolomitiprealpi.it\/de\/wp-json\/wp\/v2\/categories?post=1868"},{"taxonomy":"post_tag","embeddable":true,"href":"https:\/\/www.dolomitiprealpi.it\/de\/wp-json\/wp\/v2\/tags?post=1868"}],"curies":[{"name":"wp","href":"https:\/\/api.w.org\/{rel}","templated":true}]}}