{"id":98359,"global_id":"www.dolomitiprealpi.it\/de\/?id=98359","global_id_lineage":["www.dolomitiprealpi.it\/de\/?id=98359"],"author":"0","status":"publish","date":"2026-04-17 13:02:59","date_utc":"2026-04-17 11:02:59","modified":"2026-04-23 17:49:26","modified_utc":"2026-04-23 15:49:26","url":"https:\/\/www.dolomitiprealpi.it\/de\/event\/gli-archivi-di-montagna-raccontano-il-parco\/","rest_url":"https:\/\/www.dolomitiprealpi.it\/de\/wp-json\/tribe\/events\/v1\/events\/98359","title":"Gli archivi di montagna raccontano il Parco","description":"<p>Alle Veranstaltungen von Oltre Le Vette sind <b>kostenlos mit freiwilliger und bewusster Spende<\/b>.<br \/>Eine <b>Reservierung wird immer empfohlen<\/b> und in einigen F\u00e4llen ist sie verpflichtend, wo im Programm angegeben<br \/>Die Pl\u00e4tze k\u00f6nnen \u00fcber folgenden Link reserviert werden: <b>www.eventbrite.it<\/b><\/p>\n<p>Pr\u00e4sentation des Projekts Fondazione G. Angelini und PNDB<\/p>\n<p>Zur\u00fcck \u00dcber Die Gipfel, vom 9. bis 18. Januar 2026. Das Thema der 29. Auflage lautet &#8220;Schnee?&#8221;. Ein reichhaltiges Programm von Veranstaltungen erwartet Sie!<\/p>\n<p>Am Sonntag, den 18. Januar um 10:30 Uhr, im Palazzo Fulcis, findet die Pr\u00e4sentation des Projekts der Fondazione G. Angelini und PNDB &#8220;<b>Die Archive der Berge erz\u00e4hlen den Park<\/b>&#8221; statt.<\/p>\n<p>Das Projekt entwickelt sich aus der Dokumentation der Archive der Berge, die in der Fondazione G. Angelini aufbewahrt werden, um die Beziehung der Menschen zum Gebiet des Nationalparks der Dolomiten von Belluno zu erz\u00e4hlen, in einem interaktiven Ansatz, der die historische und aktuelle Realit\u00e4t des gesch\u00fctzten Gebiets ins Licht r\u00fcckt. Der historische und dokumentarische Teil, der aus den Erfahrungen vergangener Zeiten hervorgeht, ist mit der Wahrnehmung derjenigen verbunden, die das Gebiet des Parks heute bewohnen und erleben: Bergsteiger, H\u00fcttenwirte, Betreiber, Experten und Bergliebhaber erz\u00e4hlen von ihrem Park, wie sie ihn erleben und wie sie ihn erleben m\u00f6chten. Wie in einem Kulturstaffellauf \u00fcbergeben die Gro\u00dfen der Vergangenheit (Toni Sanmarchi, Giovanni Angelini, Piero Rossi, Severino Casara, &#8230;) den Staffelstab an die Protagonisten der Gegenwart und schaffen ein historisches Kontinuum, um verschiedene Aspekte zu vertiefen und an deren Wert f\u00fcr das Gebiet und die Gemeinschaften zu erinnern.<\/p>\n<p>Veranstaltung organisiert in Zusammenarbeit mit der&nbsp;<b><b>Fondazione Giovanni Angelini &#8211; Zentrum f\u00fcr Studien \u00fcber die Berge<\/b><\/b>&nbsp;und dem&nbsp;<b><b>Nationalpark Dolomiten von Belluno.<\/b><\/b><\/p>\n<p>Reservierung erforderlich, Pl\u00e4tze begrenzt, unter folgendem Link: <a href=\"https:\/\/www.eventbrite.it\/e\/olv-presentazione-progetto-gli-archivi-di-montagna-raccontano-il-parco-tickets-1978094545033?aff=ebdsoporgprofile\">www.eventbrite.com<\/a><\/p>","excerpt":"","slug":"gli-archivi-di-montagna-raccontano-il-parco","image":false,"all_day":false,"start_date":"2026-01-18","start_date_details":{"year":"2026","month":"01","day":"18","hour":"00","minutes":"00","seconds":"00"},"end_date":"2026-01-18","end_date_details":{"year":"2026","month":"01","day":"18","hour":"00","minutes":"00","seconds":"00"},"utc_start_date":null,"utc_start_date_details":{"year":"1970","month":"01","day":"01","hour":"00","minutes":"00","seconds":"00"},"utc_end_date":null,"utc_end_date_details":{"year":"1970","month":"01","day":"01","hour":"00","minutes":"00","seconds":"00"},"timezone":"","timezone_abbr":"","cost":"","cost_details":{"currency_symbol":"","currency_code":"","currency_position":"","values":[]},"website":"https:\/\/www.dolomitiprealpi.it\/de\/event\/gli-archivi-di-montagna-raccontano-il-parco\/","show_map":true,"show_map_link":true,"hide_from_listings":false,"sticky":false,"featured":false,"categories":[],"tags":[{"name":"Eventi Feratel","slug":"eventi-feratel","term_group":0,"term_taxonomy_id":259,"taxonomy":"post_tag","description":"","parent":0,"count":15556,"filter":"raw","term_order":"0","id":259,"urls":{"self":"https:\/\/www.dolomitiprealpi.it\/de\/wp-json\/tribe\/events\/v1\/tags\/259","collection":"https:\/\/www.dolomitiprealpi.it\/de\/wp-json\/tribe\/events\/v1\/tags"}}],"venue":[],"organizer":[],"custom_fields":[],"json_ld":{"@context":"http:\/\/schema.org","@type":"Event","name":"Gli archivi di montagna raccontano il Parco","description":"&lt;p&gt;Alle Veranstaltungen von Oltre Le Vette sind kostenlos mit freiwilliger und bewusster Spende.Eine Reservierung wird immer empfohlen und in einigen F\u00e4llen ist sie verpflichtend, wo im Programm angegebenDie Pl\u00e4tze k\u00f6nnen&lt;\/p&gt;\\n","url":"https:\/\/www.dolomitiprealpi.it\/de\/event\/gli-archivi-di-montagna-raccontano-il-parco\/","eventAttendanceMode":"https:\/\/schema.org\/OfflineEventAttendanceMode","eventStatus":"https:\/\/schema.org\/EventScheduled","startDate":"2026-01-18T00:00:00+01:00","endDate":"2026-01-18T00:00:00+01:00","performer":"Organization"}}