{"id":90403,"global_id":"www.dolomitiprealpi.it\/de\/?id=90403","global_id_lineage":["www.dolomitiprealpi.it\/de\/?id=90403"],"author":"0","status":"publish","date":"2026-04-17 13:22:02","date_utc":"2026-04-17 11:22:02","modified":"2026-04-23 18:07:38","modified_utc":"2026-04-23 16:07:38","url":"https:\/\/www.dolomitiprealpi.it\/de\/event\/olt-da-bel-e-olt-da-brut-prendono-forma-3\/","rest_url":"https:\/\/www.dolomitiprealpi.it\/de\/wp-json\/tribe\/events\/v1\/events\/90403","title":"Olt da Bel e Olt da Brut prendono forma","description":"<p>Skulptur in vivo der agordischen Ritualmasken unter der Leitung von Andrea Darman und Matteo Dagai<\/p>\n<p>Im Hof von Palazzo Secco, Sitz des Museo Maschere Dolomitiche von Gianluigi Secco, werden Andrea Darman und Matteo Dagai, Maskenbildner aus Rocca Pietore, live die Masken der rituellen Umz\u00fcge der D\u00f6rfer im Alto Agordino schnitzen.<\/p>\n<p>Es handelt sich um sch\u00f6ne und h\u00e4ssliche Gesichter, die die alte und die neue Generation, den Winter und den Fr\u00fchling, das Gute und das B\u00f6se, den Reichtum und die Armut verk\u00f6rpern.<\/p>\n<p>In Laste und Sottoguda werden die rituellen Masken von den Matacinch und Lach\u00e9 in Laste sowie den Matazin in Sottoguda begleitet.<\/p>\n<p>Die Umz\u00fcge werden vom Capobal oder Capo Mascora geleitet.<\/p>\n<p>Die Veranstaltung wird von Borgo Piave ETC aps organisiert und ist Teil der Reihe \u201cBelluno Citt\u00e0 del legno\u201d.<\/p>\n<p>Informationen: Borgo Piave ETC aps unter +39 351 3785750 oder per E-Mail an segreteria@borgopiaveetc.it<\/p>","excerpt":"","slug":"olt-da-bel-e-olt-da-brut-prendono-forma-3","image":false,"all_day":false,"start_date":"2025-11-15","start_date_details":{"year":"2025","month":"11","day":"15","hour":"00","minutes":"00","seconds":"00"},"end_date":"2025-11-15","end_date_details":{"year":"2025","month":"11","day":"15","hour":"00","minutes":"00","seconds":"00"},"utc_start_date":null,"utc_start_date_details":{"year":"1970","month":"01","day":"01","hour":"00","minutes":"00","seconds":"00"},"utc_end_date":null,"utc_end_date_details":{"year":"1970","month":"01","day":"01","hour":"00","minutes":"00","seconds":"00"},"timezone":"","timezone_abbr":"","cost":"","cost_details":{"currency_symbol":"","currency_code":"","currency_position":"","values":[]},"website":"https:\/\/www.dolomitiprealpi.it\/de\/event\/olt-da-bel-e-olt-da-brut-prendono-forma-3\/","show_map":true,"show_map_link":true,"hide_from_listings":false,"sticky":false,"featured":false,"categories":[],"tags":[{"name":"Eventi Feratel","slug":"eventi-feratel","term_group":0,"term_taxonomy_id":259,"taxonomy":"post_tag","description":"","parent":0,"count":15556,"filter":"raw","term_order":"0","id":259,"urls":{"self":"https:\/\/www.dolomitiprealpi.it\/de\/wp-json\/tribe\/events\/v1\/tags\/259","collection":"https:\/\/www.dolomitiprealpi.it\/de\/wp-json\/tribe\/events\/v1\/tags"}}],"venue":[],"organizer":[],"custom_fields":[],"json_ld":{"@context":"http:\/\/schema.org","@type":"Event","name":"Olt da Bel e Olt da Brut prendono forma","description":"&lt;p&gt;Skulptur in vivo der agordischen Ritualmasken unter der Leitung von Andrea Darman und Matteo DagaiIm Hof von Palazzo Secco, Sitz des Museo Maschere Dolomitiche von Gianluigi Secco, werden Andrea Darman&lt;\/p&gt;\\n","url":"https:\/\/www.dolomitiprealpi.it\/de\/event\/olt-da-bel-e-olt-da-brut-prendono-forma-3\/","eventAttendanceMode":"https:\/\/schema.org\/OfflineEventAttendanceMode","eventStatus":"https:\/\/schema.org\/EventScheduled","startDate":"2025-11-15T00:00:00+01:00","endDate":"2025-11-15T00:00:00+01:00","performer":"Organization"}}