{"id":88722,"global_id":"www.dolomitiprealpi.it\/de\/?id=88722","global_id_lineage":["www.dolomitiprealpi.it\/de\/?id=88722"],"author":"0","status":"publish","date":"2026-02-15 12:39:34","date_utc":"2026-02-15 11:39:34","modified":"2026-03-20 13:22:58","modified_utc":"2026-03-20 12:22:58","url":"https:\/\/www.dolomitiprealpi.it\/de\/event\/barch-art-festival-prefestival\/","rest_url":"https:\/\/www.dolomitiprealpi.it\/de\/wp-json\/tribe\/events\/v1\/events\/88722","title":"Barch Art Festival- Prefestival","description":"<p>Vernissage Kunstausstellungen<\/p>\n<h2>Donnerstag, 2. &#8211; Prefestival<\/h2>\n<p><b>18:00 Vernissage der Kunstausstellungen<\/b><\/p>\n<p>Die Ausstellungen des Barch Art Festivals sind w\u00e4hrend des gesamten Festivals und w\u00e4hrend der \u00d6ffnungszeiten des Dolomiti Hub bis zum&nbsp;<b>Sonntag, 19. Oktober 2025<\/b> ge\u00f6ffnet<\/p>\n<p><b>pre.messe<\/b><\/p>\n<p>SALA VISIONI \u2013 Dolomiti Hub<\/p>\n<p>Vernissage der Ausstellungen des Barch Art Festivals<\/p>\n<p>In Zusammenarbeit mit dem Kollektiv Dolomiti Hub, wissenschaftliche Gruppe<\/p>\n<p><b>Pr\u00e4sentiert werden:<\/b><\/p>\n<p>(s)tra.guardo<br \/>SALA VISIONI \u2013 Dolomiti Hub<br \/><b>Blicke dar\u00fcber hinaus<\/b>. Video-Interview mit&nbsp;<b>ivan<\/b>, K\u00fcnstler von Barch Art<\/p>\n<p>Es spricht&nbsp;<i><b>Giacomo Bianchi,<\/b><\/i>&nbsp;Pr\u00e4sident&nbsp;<i><b>Arte Sella<\/b><\/i><\/p>\n<p><b>f\u00e9n.omeni<br \/><\/b>SALA H \u2013 Dolomiti Hub<br \/>Site-Specific Installation&nbsp;<\/p>\n<p>Es spricht&nbsp;<i><b>Gianfranco Bettega<\/b><\/i>, Forscher und unabh\u00e4ngiger Historiker<\/p>\n<p><b>con.fronti<br \/><\/b>SALA B \u2013 Dolomiti Hub<br \/>Site-Specific Installation<\/p>\n<p>Gespr\u00e4ch mit:<br \/><i><b>Daniela Perco<\/b><\/i>, Anthropologin<br \/><i><b>Walter Moretto<\/b><\/i>, Sozialunternehmer.<\/p>\n<p>Moderation:&nbsp;<i><b>Nicola Chiavarelli<\/b><\/i>, Architekt<\/p>\n<p><b>in.con(tr)arte<br \/><\/b>SALA VISIONI \u2013 Dolomiti Hub<br \/>Ausstellung der Werke des Vereins IncontrArte<\/p>\n<p>Es spricht&nbsp;<b><i>Diego Fent<\/i>,&nbsp;<\/b>Pr\u00e4sident des Vereins&nbsp;<i><b>IncontrArte<\/b><\/i><\/p>\n<p><b>r.umori<br \/><\/b>PATIO \u2013 Dolomiti Hub<br \/>Soundinstallation<\/p>\n<p><i><b>IKE (Isaac De Martin)<\/b>, Gitarrist und Komponist<\/i><br \/><i><b>XBRRRZT (Valerio Pascucci)<\/b>, K\u00fcnstler<\/i><\/p>\n<p><\/p>","excerpt":"","slug":"barch-art-festival-prefestival","image":false,"all_day":false,"start_date":"2025-10-02","start_date_details":{"year":"2025","month":"10","day":"02","hour":"00","minutes":"00","seconds":"00"},"end_date":"2025-10-02","end_date_details":{"year":"2025","month":"10","day":"02","hour":"00","minutes":"00","seconds":"00"},"utc_start_date":null,"utc_start_date_details":{"year":"1970","month":"01","day":"01","hour":"00","minutes":"00","seconds":"00"},"utc_end_date":null,"utc_end_date_details":{"year":"1970","month":"01","day":"01","hour":"00","minutes":"00","seconds":"00"},"timezone":"","timezone_abbr":"","cost":"","cost_details":{"currency_symbol":"","currency_code":"","currency_position":"","values":[]},"website":"https:\/\/www.dolomitiprealpi.it\/de\/event\/barch-art-festival-prefestival\/","show_map":true,"show_map_link":true,"hide_from_listings":false,"sticky":false,"featured":false,"categories":[],"tags":[{"name":"Eventi Feratel","slug":"eventi-feratel","term_group":0,"term_taxonomy_id":259,"taxonomy":"post_tag","description":"","parent":0,"count":15556,"filter":"raw","term_order":"0","id":259,"urls":{"self":"https:\/\/www.dolomitiprealpi.it\/de\/wp-json\/tribe\/events\/v1\/tags\/259","collection":"https:\/\/www.dolomitiprealpi.it\/de\/wp-json\/tribe\/events\/v1\/tags"}}],"venue":[],"organizer":[],"custom_fields":[],"json_ld":{"@context":"http:\/\/schema.org","@type":"Event","name":"Barch Art Festival- Prefestival","description":"&lt;p&gt;Vernissage KunstausstellungenDonnerstag, 2. - Prefestival18:00 Vernissage der KunstausstellungenDie Ausstellungen des Barch Art Festivals sind w\u00e4hrend des gesamten Festivals und w\u00e4hrend der \u00d6ffnungszeiten des Dolomiti Hub bis zum&nbsp;Sonntag, 19. Oktober 2025&lt;\/p&gt;\\n","url":"https:\/\/www.dolomitiprealpi.it\/de\/event\/barch-art-festival-prefestival\/","eventAttendanceMode":"https:\/\/schema.org\/OfflineEventAttendanceMode","eventStatus":"https:\/\/schema.org\/EventScheduled","startDate":"2025-10-02T00:00:00+02:00","endDate":"2025-10-02T00:00:00+02:00","performer":"Organization"}}