{"id":82157,"global_id":"www.dolomitiprealpi.it\/de\/?id=82157","global_id_lineage":["www.dolomitiprealpi.it\/de\/?id=82157"],"author":"0","status":"publish","date":"2026-02-15 11:55:05","date_utc":"2026-02-15 10:55:05","modified":"2026-02-21 16:20:56","modified_utc":"2026-02-21 15:20:56","url":"https:\/\/www.dolomitiprealpi.it\/de\/event\/e-la-storia-continua-antonia-arslan-racconta-e-si-racconta\/","rest_url":"https:\/\/www.dolomitiprealpi.it\/de\/wp-json\/tribe\/events\/v1\/events\/82157","title":"&#8230; E la &#8220;Storia&#8221; continua&#8230; Antonia Arslan racconta e si racconta","description":"<p>Eintritt FREI und KOSTENLOS<\/p>\n<p>F\u00fcr Informationen: <b>www.comune.santagiustina.bl.it<\/b> &#8211; <b>cultura@comune.santagiustina.bl.it<\/b><\/p>\n<p><\/p>\n<p>Zwanzig Jahre nach der Ver\u00f6ffentlichung von &#8220;Die Masseria der Lerchen&#8221; wird die Autorin mit ihren Reflexionen \u00fcber das Ged\u00e4chtnis, das Verh\u00e4ltnis zwischen Geschichte und Literatur und das Schreiben in unseren Zeiten zur\u00fcckkehren.&nbsp;<\/p>\n<p>Bei schlechtem Wetter findet das Treffen im Erdgeschoss des Kulturzentrums in der Via Cal de formiga 31 statt.<\/p>\n<p>Konferenz mit der Autorin<\/p>","excerpt":"","slug":"e-la-storia-continua-antonia-arslan-racconta-e-si-racconta","image":false,"all_day":false,"start_date":"2025-09-07","start_date_details":{"year":"2025","month":"09","day":"07","hour":"00","minutes":"00","seconds":"00"},"end_date":"2025-09-07","end_date_details":{"year":"2025","month":"09","day":"07","hour":"00","minutes":"00","seconds":"00"},"utc_start_date":null,"utc_start_date_details":{"year":"1970","month":"01","day":"01","hour":"00","minutes":"00","seconds":"00"},"utc_end_date":null,"utc_end_date_details":{"year":"1970","month":"01","day":"01","hour":"00","minutes":"00","seconds":"00"},"timezone":"","timezone_abbr":"","cost":"","cost_details":{"currency_symbol":"","currency_code":"","currency_position":"","values":[]},"website":"https:\/\/www.dolomitiprealpi.it\/de\/event\/e-la-storia-continua-antonia-arslan-racconta-e-si-racconta\/","show_map":true,"show_map_link":true,"hide_from_listings":false,"sticky":false,"featured":false,"categories":[],"tags":[{"name":"Eventi Feratel","slug":"eventi-feratel","term_group":0,"term_taxonomy_id":259,"taxonomy":"post_tag","description":"","parent":0,"count":15556,"filter":"raw","term_order":"0","id":259,"urls":{"self":"https:\/\/www.dolomitiprealpi.it\/de\/wp-json\/tribe\/events\/v1\/tags\/259","collection":"https:\/\/www.dolomitiprealpi.it\/de\/wp-json\/tribe\/events\/v1\/tags"}}],"venue":[],"organizer":[],"custom_fields":[],"json_ld":{"@context":"http:\/\/schema.org","@type":"Event","name":"&#8230; E la &#8220;Storia&#8221; continua&#8230; Antonia Arslan racconta e si racconta","description":"&lt;p&gt;Eintritt FREI und KOSTENLOSF\u00fcr Informationen: www.comune.santagiustina.bl.it - cultura@comune.santagiustina.bl.it Zwanzig Jahre nach der Ver\u00f6ffentlichung von &quot;Die Masseria der Lerchen&quot; wird die Autorin mit ihren Reflexionen \u00fcber das Ged\u00e4chtnis, das Verh\u00e4ltnis zwischen&lt;\/p&gt;\\n","url":"https:\/\/www.dolomitiprealpi.it\/de\/event\/e-la-storia-continua-antonia-arslan-racconta-e-si-racconta\/","eventAttendanceMode":"https:\/\/schema.org\/OfflineEventAttendanceMode","eventStatus":"https:\/\/schema.org\/EventScheduled","startDate":"2025-09-07T00:00:00+02:00","endDate":"2025-09-07T00:00:00+02:00","performer":"Organization"}}