{"id":79857,"global_id":"www.dolomitiprealpi.it\/de\/?id=79857","global_id_lineage":["www.dolomitiprealpi.it\/de\/?id=79857"],"author":"0","status":"publish","date":"2026-02-15 12:28:27","date_utc":"2026-02-15 11:28:27","modified":"2026-02-21 16:47:00","modified_utc":"2026-02-21 15:47:00","url":"https:\/\/www.dolomitiprealpi.it\/de\/event\/made-in-dolomiti\/","rest_url":"https:\/\/www.dolomitiprealpi.it\/de\/wp-json\/tribe\/events\/v1\/events\/79857","title":"Made in Dolomiti","description":"<p>Die Messe <b>&#8220;Made in Dolomiti&#8221;<\/b>: eine 360\u00b0-Reise durch die kulinarische Reichtum des Valbelluna und der gesamten Provinz Belluno, er\u00f6ffnet die Reihe von&nbsp;Messen, Ausstellungen, Festen und Veranstaltungen,&nbsp;die dem Herbst, den Erzeugnissen der Erde und den Erntefesten gewidmet sind.<\/p>\n<p>In den gesamten Herbstmonaten werden an jedem Wochenende die Pl\u00e4tze der D\u00f6rfer in Valbelluna und der Provinz Belluno mit typischen Produkten, Handwerk, Folklore und Gastronomie lebhaft werden. Vom Bohnenfest in Lamon, \u00fcber das Apfelfest in Mel und Faller, vom Wei\u00dfkohlfest in Vinigo bis zum Honigfest in Limana und bis hin zu den alten Messen von San Matteo und San Martino, die uns zu den festlichen Weihnachtsfeiertagen begleiten.<\/p>\n<p><b>Am Sonntag, den 8. September<\/b>, ab dem Morgen, findet die Messe in der Piazza dei Martiri und in den G\u00e4rten mit <b>landwirtschaftlichen und handwerklichen Produkten <\/b>und den St\u00e4nden der Pro Loco und der Konsortien statt. Im Laufe des Tages <b>Folkloreauff\u00fchrungen<\/b>, Paraden mit typischen Kost\u00fcmen, Demonstrationen von <b>alten Handwerken <\/b>und F\u00fchrungen zu den wichtigsten Monumenten von Belluno.<\/p>\n<p>Made in Dolomiti ist nicht&nbsp;das \u00fcbliche Event, sondern eine &#8220;Philosophie&#8221;, ein &#8220;Glauben&#8221;, der die besten Produkte aus Valbelluna und den Dolomiten ausw\u00e4hlt,&nbsp;um jedes Produkt qualitativ hervorragend zu machen und der \u00d6ffentlichkeit die Sch\u00f6nheit eines Landes durch seine charakteristischsten Geschm\u00e4cker und Aromen zu pr\u00e4sentieren.<\/p>\n<p> Am Morgen Auff\u00fchrungen der Folkgruppe Neveg\u00e0l und Animationsshows sowie Workshops f\u00fcr Kinder im Rahmen des Belluno Kids Festivals. <br \/>Um 15:00 Uhr <b>gro\u00dfe Parade <\/b>der Pro Loco mit der Teilnahme verschiedener lokaler Folkloregruppen, die in typischen Kost\u00fcmen auftreten werden. Abfahrt von der Piazza Duomo und Ankunft an der Piazza dei Martiri.<br \/>Von 10:00 bis 16:00 Uhr <b>kostenlose gef\u00fchrte Besichtigungen <\/b>der Stadt, mit Valentina. Zur Reservierung: 0437 1831211 oder belluno@unpliveneto.it bis Samstag, den 13. September um 10:00 Uhr. <br \/>Es werden au\u00dferdem zwei Verpflegungspunkte mit typischen lokalen Produkten vorhanden sein.<\/p>\n<p>Tourismus und Produkte aus dem Land in den Dolomiten<\/p>","excerpt":"","slug":"made-in-dolomiti","image":false,"all_day":false,"start_date":"2025-09-14","start_date_details":{"year":"2025","month":"09","day":"14","hour":"00","minutes":"00","seconds":"00"},"end_date":"2025-09-14","end_date_details":{"year":"2025","month":"09","day":"14","hour":"00","minutes":"00","seconds":"00"},"utc_start_date":null,"utc_start_date_details":{"year":"1970","month":"01","day":"01","hour":"00","minutes":"00","seconds":"00"},"utc_end_date":null,"utc_end_date_details":{"year":"1970","month":"01","day":"01","hour":"00","minutes":"00","seconds":"00"},"timezone":"","timezone_abbr":"","cost":"","cost_details":{"currency_symbol":"","currency_code":"","currency_position":"","values":[]},"website":"https:\/\/www.dolomitiprealpi.it\/de\/event\/made-in-dolomiti\/","show_map":true,"show_map_link":true,"hide_from_listings":false,"sticky":false,"featured":false,"categories":[],"tags":[{"name":"Eventi Feratel","slug":"eventi-feratel","term_group":0,"term_taxonomy_id":259,"taxonomy":"post_tag","description":"","parent":0,"count":15556,"filter":"raw","term_order":"0","id":259,"urls":{"self":"https:\/\/www.dolomitiprealpi.it\/de\/wp-json\/tribe\/events\/v1\/tags\/259","collection":"https:\/\/www.dolomitiprealpi.it\/de\/wp-json\/tribe\/events\/v1\/tags"}}],"venue":[],"organizer":[],"custom_fields":[],"json_ld":{"@context":"http:\/\/schema.org","@type":"Event","name":"Made in Dolomiti","description":"&lt;p&gt;Die Messe &quot;Made in Dolomiti&quot;: eine 360\u00b0-Reise durch die kulinarische Reichtum des Valbelluna und der gesamten Provinz Belluno, er\u00f6ffnet die Reihe von&nbsp;Messen, Ausstellungen, Festen und Veranstaltungen,&nbsp;die dem Herbst, den Erzeugnissen&lt;\/p&gt;\\n","url":"https:\/\/www.dolomitiprealpi.it\/de\/event\/made-in-dolomiti\/","eventAttendanceMode":"https:\/\/schema.org\/OfflineEventAttendanceMode","eventStatus":"https:\/\/schema.org\/EventScheduled","startDate":"2025-09-14T00:00:00+02:00","endDate":"2025-09-14T00:00:00+02:00","performer":"Organization"}}